{"id":794,"date":"2025-02-14T11:36:55","date_gmt":"2025-02-14T10:36:55","guid":{"rendered":"http:\/\/localhost\/mdi_w\/?p=794"},"modified":"2025-05-19T09:52:04","modified_gmt":"2025-05-19T07:52:04","slug":"espace-securise-et-privatise-casiers-individuels","status":"publish","type":"post","link":"https:\/\/api-lux.be\/index.php\/2025\/02\/14\/espace-securise-et-privatise-casiers-individuels\/","title":{"rendered":"Espace s\u00e9curis\u00e9 et privatis\u00e9: casiers individuels"},"content":{"rendered":"\n<div class=\"wp-block-columns is-layout-flex wp-container-core-columns-is-layout-9d6595d7 wp-block-columns-is-layout-flex\">\n<div class=\"wp-block-column is-layout-flow wp-block-column-is-layout-flow\"><div class=\"wp-block-image\">\n<figure class=\"aligncenter size-full is-resized\"><img loading=\"lazy\" decoding=\"async\" width=\"360\" height=\"540\" src=\"https:\/\/api-lux.be\/wp-content\/uploads\/2025\/02\/espace_securise_et_privatif.jpg\" alt=\"\" class=\"wp-image-548\" style=\"width:169px;height:auto\" srcset=\"https:\/\/api-lux.be\/wp-content\/uploads\/2025\/02\/espace_securise_et_privatif.jpg 360w, https:\/\/api-lux.be\/wp-content\/uploads\/2025\/02\/espace_securise_et_privatif-200x300.jpg 200w\" sizes=\"auto, (max-width: 360px) 100vw, 360px\" \/><\/figure>\n<\/div><\/div>\n\n\n\n<div class=\"wp-block-column is-layout-flow wp-block-column-is-layout-flow\">\n<p>\ud83c\udf08 <strong>Personnalisation et individualisation dans le collectif<\/strong> &#8211; C&rsquo;est un espace s\u00e9curis\u00e9 et personnel pour conserver leurs objets pr\u00e9cieux.<\/p>\n\n\n\n<!--more-->\n\n\n\n<h2 class=\"wp-block-heading\">\u00c2ge cible<\/h2>\n\n\n\n<p>De 3 \u00e0 23 ans.<\/p>\n<\/div>\n<\/div>\n\n\n\n<h2 class=\"wp-block-heading\">Descriptif de l&rsquo;outil<\/h2>\n\n\n\n<p>\ud83d\udd12 Cette approche consiste \u00e0 fournir des <strong>casiers individuels<\/strong> aux enfants dans les espaces de vie (\u00e9coles, centres de loisirs, etc.) o\u00f9 ils peuvent conserver leurs objets personnels ou symboliques en toute s\u00e9curit\u00e9.<\/p>\n\n\n\n<p>\ud83c\udf81 Ces casiers permettent aux enfants de ranger leurs <strong>tr\u00e9sors<\/strong>, <strong>lettres<\/strong>, <strong>photos<\/strong>, <strong>objets pr\u00e9cieux<\/strong> ou tout autre bien qu&rsquo;ils souhaitent garder priv\u00e9s. L\u2019enfant peut choisir une personne de confiance (\u00e9ducateur, enseignant, animateur) pour conserver la <strong>cl\u00e9<\/strong> de son casier, garantissant ainsi le respect de cet espace intime et s\u00e9curis\u00e9.<\/p>\n\n\n\n<div class=\"wp-block-columns is-layout-flex wp-container-core-columns-is-layout-9d6595d7 wp-block-columns-is-layout-flex\">\n<div class=\"wp-block-column is-layout-flow wp-block-column-is-layout-flow\">\n<h2 class=\"wp-block-heading\">Objectif(s) d&rsquo;utilisation<\/h2>\n\n\n\n<p>\ud83d\udee1\ufe0f <strong>Garantir la s\u00e9curit\u00e9<\/strong> de leurs objets pr\u00e9cieux, en instaurant un cadre s\u00e9curis\u00e9 et respectueux de leur intimit\u00e9.<\/p>\n\n\n\n<p>\ud83d\udddd\ufe0f <strong>Favoriser la confiance<\/strong> en permettant \u00e0 l\u2019enfant de choisir une personne de confiance pour garder la cl\u00e9 de son casier, ce qui renforce le lien avec l&rsquo;adulte et la notion de respect mutuel.<\/p>\n\n\n\n<p>\ud83d\udd10 <strong>Renforcer l\u2019autonomie<\/strong> des enfants en leur offrant un espace priv\u00e9 pour g\u00e9rer leurs biens personnels de mani\u00e8re ind\u00e9pendante.<\/p>\n\n\n\n<p>\ud83d\udc64 <strong>Exprimer sa singularit\u00e9<\/strong> : Chaque enfant peut d\u00e9finir et g\u00e9rer son espace personnel, favorisant ainsi l\u2019auto-expression et la gestion de son intimit\u00e9 dans un environnement collectif.<\/p>\n\n\n\n<p>\ud83c\udf31 <strong>Pr\u00e9server son intimit\u00e9<\/strong> : Dans un environnement o\u00f9 les intrusions peuvent se produire, cet espace personnel garantit \u00e0 l&rsquo;enfant le droit de pr\u00e9server et de g\u00e9rer ses biens sans interf\u00e9rence.<\/p>\n<\/div>\n\n\n\n<div class=\"wp-block-column is-layout-flow wp-block-column-is-layout-flow\">\n<h2 class=\"wp-block-heading\">Variantes &#8211; am\u00e9nagement<\/h2>\n\n\n\n<p>\ud83d\uddc2\ufe0f <strong>Casiers th\u00e9matiques :<\/strong> Attribuer des casiers selon les projets ou activit\u00e9s r\u00e9alis\u00e9s (par exemple, \u00ab\u00a0Casiers de souvenirs d&rsquo;activit\u00e9s\u00a0\u00bb) afin de relier l&rsquo;espace personnel \u00e0 des exp\u00e9riences sp\u00e9cifiques. Cela aide l&rsquo;enfant \u00e0 \u00e9tablir un lien entre ses objets et ses exp\u00e9riences v\u00e9cues.<\/p>\n\n\n\n<p>\ud83c\udf92 <strong>Casiers nomades :<\/strong> Utiliser des <strong>bo\u00eetes de rangement portables<\/strong> que l\u2019enfant peut d\u00e9placer entre plusieurs espaces de vie. Ces bo\u00eetes permettent \u00e0 l\u2019enfant de conserver son intimit\u00e9 tout en restant flexible selon les endroits o\u00f9 il se trouve (maison, \u00e9cole, centre).<br><br><\/p>\n<\/div>\n<\/div>\n\n\n\n<p>Des outils \u00e0 nous partager ?&nbsp;<a href=\"https:\/\/api-lux.be\/index.php\/contact\/\">Cliquez ici<\/a><\/p>\n","protected":false},"excerpt":{"rendered":"<p>\ud83c\udf08 Personnalisation et individualisation dans le collectif &#8211; C&rsquo;est un espace s\u00e9curis\u00e9 et personnel pour conserver leurs objets pr\u00e9cieux.<\/p>\n","protected":false},"author":1,"featured_media":0,"comment_status":"closed","ping_status":"closed","sticky":false,"template":"","format":"standard","meta":{"iawp_total_views":1,"footnotes":""},"categories":[10,28,27,14,18,9,8,12,15,46,48,47,17,20,11],"tags":[],"class_list":["post-794","post","type-post","status-publish","format-standard","hentry","category-amenagement-environnement","category-autonomie-et-responsabilisation","category-besoins-daccomplissement","category-besoins-dappartenance","category-besoins-destime","category-besoins-de-securite","category-bien-etre","category-cadre-et-limites","category-famille-et-milieu-de-vie","category-fiches-outils","category-fiches-outils-pour-les-aidants-proches","category-fiches-outils-pour-les-professionnels","category-inclusion-sociale-et-reseau-sociaux","category-individualisation","category-rituels"],"_links":{"self":[{"href":"https:\/\/api-lux.be\/index.php\/wp-json\/wp\/v2\/posts\/794","targetHints":{"allow":["GET"]}}],"collection":[{"href":"https:\/\/api-lux.be\/index.php\/wp-json\/wp\/v2\/posts"}],"about":[{"href":"https:\/\/api-lux.be\/index.php\/wp-json\/wp\/v2\/types\/post"}],"author":[{"embeddable":true,"href":"https:\/\/api-lux.be\/index.php\/wp-json\/wp\/v2\/users\/1"}],"replies":[{"embeddable":true,"href":"https:\/\/api-lux.be\/index.php\/wp-json\/wp\/v2\/comments?post=794"}],"version-history":[{"count":6,"href":"https:\/\/api-lux.be\/index.php\/wp-json\/wp\/v2\/posts\/794\/revisions"}],"predecessor-version":[{"id":6606,"href":"https:\/\/api-lux.be\/index.php\/wp-json\/wp\/v2\/posts\/794\/revisions\/6606"}],"wp:attachment":[{"href":"https:\/\/api-lux.be\/index.php\/wp-json\/wp\/v2\/media?parent=794"}],"wp:term":[{"taxonomy":"category","embeddable":true,"href":"https:\/\/api-lux.be\/index.php\/wp-json\/wp\/v2\/categories?post=794"},{"taxonomy":"post_tag","embeddable":true,"href":"https:\/\/api-lux.be\/index.php\/wp-json\/wp\/v2\/tags?post=794"}],"curies":[{"name":"wp","href":"https:\/\/api.w.org\/{rel}","templated":true}]}}