{"id":792,"date":"2025-02-14T11:36:55","date_gmt":"2025-02-14T10:36:55","guid":{"rendered":"http:\/\/localhost\/mdi_w\/?p=792"},"modified":"2025-07-01T13:46:02","modified_gmt":"2025-07-01T11:46:02","slug":"eladeb","status":"publish","type":"post","link":"https:\/\/api-lux.be\/index.php\/2025\/02\/14\/eladeb\/","title":{"rendered":"ELADEB"},"content":{"rendered":"\n<div class=\"wp-block-columns is-layout-flex wp-container-core-columns-is-layout-9d6595d7 wp-block-columns-is-layout-flex\">\n<div class=\"wp-block-column is-layout-flow wp-block-column-is-layout-flow\">\n<figure class=\"wp-block-image size-full\"><img loading=\"lazy\" decoding=\"async\" width=\"700\" height=\"700\" src=\"https:\/\/api-lux.be\/wp-content\/uploads\/2025\/02\/eladeb.png.crdownload.jpg\" alt=\"\" class=\"wp-image-556\" srcset=\"https:\/\/api-lux.be\/wp-content\/uploads\/2025\/02\/eladeb.png.crdownload.jpg 700w, https:\/\/api-lux.be\/wp-content\/uploads\/2025\/02\/eladeb.png.crdownload-300x300.jpg 300w, https:\/\/api-lux.be\/wp-content\/uploads\/2025\/02\/eladeb.png.crdownload-150x150.jpg 150w\" sizes=\"auto, (max-width: 700px) 100vw, 700px\" \/><\/figure>\n<\/div>\n\n\n\n<div class=\"wp-block-column is-layout-flow wp-block-column-is-layout-flow\">\n<p>\ud83e\uddd1\u200d\u2695\ufe0f <strong>Outil professionnel d\u2019accompagnement sp\u00e9cialis\u00e9<\/strong>&nbsp;&#8211; ELADEB est un outil compos\u00e9 de 20 cartes imag\u00e9es qui permettent de faire le point sur une situation et de d\u00e9terminer des objectifs de prise en charge.<\/p>\n\n\n\n<!--more-->\n\n\n\n<h2 class=\"wp-block-heading\">\u00c2ge cible<\/h2>\n\n\n\n<p>A partir de 10 ans<\/p>\n<\/div>\n<\/div>\n\n\n\n<h2 class=\"wp-block-heading\">Descriptif de l&rsquo;outil<\/h2>\n\n\n\n<p>ELADEB est une \u00e9chelle de mesure subjective des difficult\u00e9s et du besoin d\u2019aide de la personne \u00e9valu\u00e9e.  <\/p>\n\n\n\n<p>L\u2019outil <strong>ELADEB<\/strong> (<strong>\u00c9<\/strong>chelle <strong>La<\/strong>usannoise des <strong>D<\/strong>ifficult\u00e9s <strong>e<\/strong>t des <strong>B<\/strong>esoins) a \u00e9t\u00e9 con\u00e7u par <strong>Charles Bonsack<\/strong>, psychiatre au D\u00e9partement de Psychiatrie du CHUV (Centre Hospitalier Universitaire Vaudois) \u00e0 Lausanne (Suisse), avec son \u00e9quipe. (\u00a9\ufe0f 2019 institut de psychologie et service de psychiatrie communautaire)<\/p>\n\n\n\n<p>Elle a \u00e9t\u00e9 d\u00e9velopp\u00e9e dans le cadre de recherches en sant\u00e9 mentale communautaire, notamment pour permettre aux patients et usagers de services psychiatriques d\u2019exprimer de fa\u00e7on subjective leurs difficult\u00e9s et besoins d\u2019aide dans diff\u00e9rents domaines de vie.<\/p>\n\n\n\n<p>L&rsquo;utilisation de cet outil permet un tri dans ces cartes, ce qui permet de dresser un profil des difficult\u00e9s psychosociales et de mettre en \u00e9vidence les domaines dans lesquels la personne estime avoir besoin d&rsquo;une aide suppl\u00e9mentaire \ud83d\ude80. Cet outil peut \u00eatre utilis\u00e9 dans diff\u00e9rents contextes cliniques \ud83c\udfe5 et convient particuli\u00e8rement aux personnes peu verbales, ma\u00eetrisant mal le fran\u00e7ais ou plut\u00f4t r\u00e9ticentes devant des questionnaires classiques \ud83d\udcc4.<\/p>\n\n\n\n<p>\ud83d\udd0d En r\u00e9sum\u00e9, cet outil permet de faire le point sur la situation du jeune et de d\u00e9terminer des objectifs (th\u00e9rapeutiques, scolaires, etc.). Il favorise la communication et aide \u00e0 mieux cibler les besoins essentiels.<\/p>\n\n\n\n<p>\ud83d\udce2 Il existe \u00e9galement une formation pour apprendre \u00e0 utiliser cet outil sous toutes ses formes ! \ud83d\udca1<\/p>\n\n\n\n<p>Le kit est disponible \u00e0 la vente au prix de <strong>108 euros<\/strong> en janvier 2025.<\/p>\n\n\n\n<div class=\"wp-block-columns is-layout-flex wp-container-core-columns-is-layout-9d6595d7 wp-block-columns-is-layout-flex\">\n<div class=\"wp-block-column is-layout-flow wp-block-column-is-layout-flow\">\n<h2 class=\"wp-block-heading\">Objectif(s) d&rsquo;utilisation<\/h2>\n\n\n\n<ul class=\"wp-block-list\">\n<li>\ud83d\udcca \u00c9valuer les difficult\u00e9s : Identifier les probl\u00e8mes que rencontre la personne.<\/li>\n\n\n\n<li>\ud83d\udcac Exprimer ses besoins : Permettre \u00e0 la personne de dire o\u00f9 elle a besoin d&rsquo;aide. <\/li>\n\n\n\n<li>\ud83d\udde3\ufe0f Faciliter la communication : Utiliser des cartes pour rendre l&rsquo;\u00e9change plus simple et accessible. <\/li>\n\n\n\n<li>\ud83c\udf0d Aider dans diff\u00e9rents contextes : Utiliser l&rsquo;outil dans divers milieux cliniques pour mieux accompagner les personnes.<\/li>\n<\/ul>\n<\/div>\n\n\n\n<div class=\"wp-block-column is-layout-flow wp-block-column-is-layout-flow\">\n<h2 class=\"wp-block-heading\">Liens utiles<\/h2>\n\n\n\n<p><strong>Manuel ELADEB version r\u00e9vis\u00e9e<\/strong> &#8211; 2011: <a href=\"https:\/\/ateliers-rehab.ch\/docs\/eladeb\/ELADEB_Manuel.pdf\" target=\"_blank\" rel=\"noreferrer noopener\">https:\/\/ateliers-rehab.ch\/docs\/eladeb\/ELADEB_Manuel.pdf<\/a><\/p>\n\n\n\n<p><strong>SITE DE VENTE &#8211; Kit ELADEB<\/strong> <a href=\"https:\/\/anfe.fr\/product\/kit-eladeb-2\/\" target=\"_blank\" rel=\"noreferrer noopener\">https:\/\/anfe.fr\/product\/kit-eladeb-2\/<\/a><br><br><em>Les liens vers les sites propos\u00e9s sont fournis \u00e0 titre indicatif et ne constituent en aucun cas une recommandation publicitaire. De nombreux mat\u00e9riaux et \u00e9quipements similaires peuvent \u00eatre trouv\u00e9s dans les magasins de proximit\u00e9 et les enseignes discount.<\/em><\/p>\n<\/div>\n<\/div>\n\n\n\n<div class=\"wp-block-columns is-layout-flex wp-container-core-columns-is-layout-9d6595d7 wp-block-columns-is-layout-flex\">\n<div class=\"wp-block-column is-layout-flow wp-block-column-is-layout-flow\">\n<h2 class=\"wp-block-heading\">Variantes &#8211; am\u00e9nagement<\/h2>\n\n\n\n<p>Cet outil peut, par exemple, \u00eatre utilis\u00e9 en triant toutes les cartes selon 2 ou 3 cat\u00e9gories \ud83d\udcc2 :<\/p>\n\n\n\n<p>\u2705 1 tas pour <strong>\u00ab\u00a0\u00c0 travailler\u00a0\u00bb<\/strong> ou <strong>\u00ab\u00a0C&rsquo;est difficile\u00a0\u00bb<\/strong> \ud83e\udd2f<br>\ud83d\ude0a 1 tas pour <strong>\u00ab\u00a0\u00c7a se passe bien\u00a0\u00bb<\/strong> \ud83c\udf89<br>\ud83d\udd04 \u00c9ventuellement, un troisi\u00e8me tas pour <strong>\u00ab\u00a0C&rsquo;est d\u00e9j\u00e0 en cours de travail\u00a0\u00bb<\/strong> \ud83d\udd27<\/p>\n\n\n\n<p>Il peut \u00eatre utilis\u00e9 pour mettre en \u00e9vidence les <strong>besoins<\/strong> et les <strong>capacit\u00e9s<\/strong> du jeune, afin d\u2019adapter un <strong>projet d\u2019avenir<\/strong>, un <strong>objectif d\u2019hospitalisation<\/strong>, de <strong>suivi<\/strong>, etc.\u2728<\/p>\n<\/div>\n<\/div>\n\n\n\n<p>Des outils \u00e0 nous partager ?&nbsp;<a href=\"https:\/\/api-lux.be\/index.php\/contact\/\">Cliquez ici<\/a><\/p>\n","protected":false},"excerpt":{"rendered":"<p>\ud83e\uddd1\u200d\u2695\ufe0f Outil professionnel d\u2019accompagnement sp\u00e9cialis\u00e9&nbsp;&#8211; ELADEB est un outil compos\u00e9 de 20 cartes imag\u00e9es qui permettent de faire le point sur une situation et de d\u00e9terminer des objectifs de prise [&hellip;]<\/p>\n","protected":false},"author":1,"featured_media":0,"comment_status":"closed","ping_status":"closed","sticky":false,"template":"","format":"standard","meta":{"iawp_total_views":7,"footnotes":""},"categories":[24,10,28,4,22,27,18,9,5,8,12,13,23,19,20,25,26,29,6,7],"tags":[],"class_list":["post-792","post","type-post","status-publish","format-standard","hentry","category-adaptation-des-apprentissages","category-amenagement-environnement","category-autonomie-et-responsabilisation","category-besoins","category-besoins-cognitifs","category-besoins-daccomplissement","category-besoins-destime","category-besoins-de-securite","category-besoins-physiologiques","category-bien-etre","category-cadre-et-limites","category-coherence","category-communication","category-gestion-des-emotions","category-individualisation","category-materiel-specifique","category-outils-pedagogiques-pour-les-pro","category-projection","category-sante-alimentation-sommeil-hygiene","category-soin-pistes-et-outils-professionnels"],"_links":{"self":[{"href":"https:\/\/api-lux.be\/index.php\/wp-json\/wp\/v2\/posts\/792","targetHints":{"allow":["GET"]}}],"collection":[{"href":"https:\/\/api-lux.be\/index.php\/wp-json\/wp\/v2\/posts"}],"about":[{"href":"https:\/\/api-lux.be\/index.php\/wp-json\/wp\/v2\/types\/post"}],"author":[{"embeddable":true,"href":"https:\/\/api-lux.be\/index.php\/wp-json\/wp\/v2\/users\/1"}],"replies":[{"embeddable":true,"href":"https:\/\/api-lux.be\/index.php\/wp-json\/wp\/v2\/comments?post=792"}],"version-history":[{"count":7,"href":"https:\/\/api-lux.be\/index.php\/wp-json\/wp\/v2\/posts\/792\/revisions"}],"predecessor-version":[{"id":7715,"href":"https:\/\/api-lux.be\/index.php\/wp-json\/wp\/v2\/posts\/792\/revisions\/7715"}],"wp:attachment":[{"href":"https:\/\/api-lux.be\/index.php\/wp-json\/wp\/v2\/media?parent=792"}],"wp:term":[{"taxonomy":"category","embeddable":true,"href":"https:\/\/api-lux.be\/index.php\/wp-json\/wp\/v2\/categories?post=792"},{"taxonomy":"post_tag","embeddable":true,"href":"https:\/\/api-lux.be\/index.php\/wp-json\/wp\/v2\/tags?post=792"}],"curies":[{"name":"wp","href":"https:\/\/api.w.org\/{rel}","templated":true}]}}