{"id":791,"date":"2025-02-14T11:36:55","date_gmt":"2025-02-14T10:36:55","guid":{"rendered":"http:\/\/localhost\/mdi_w\/?p=791"},"modified":"2025-07-01T13:45:35","modified_gmt":"2025-07-01T11:45:35","slug":"ma-boite-a-histoire","status":"publish","type":"post","link":"https:\/\/api-lux.be\/index.php\/2025\/02\/14\/ma-boite-a-histoire\/","title":{"rendered":"Ma boite \u00e0 histoire"},"content":{"rendered":"\n<div class=\"wp-block-columns is-layout-flex wp-container-core-columns-is-layout-9d6595d7 wp-block-columns-is-layout-flex\">\n<div class=\"wp-block-column is-layout-flow wp-block-column-is-layout-flow\">\n<figure class=\"wp-block-image size-full\"><img loading=\"lazy\" decoding=\"async\" width=\"649\" height=\"450\" src=\"https:\/\/api-lux.be\/wp-content\/uploads\/2025\/02\/boite-a-histoires.jpeg\" alt=\"\" class=\"wp-image-2150\" srcset=\"https:\/\/api-lux.be\/wp-content\/uploads\/2025\/02\/boite-a-histoires.jpeg 649w, https:\/\/api-lux.be\/wp-content\/uploads\/2025\/02\/boite-a-histoires-300x208.jpeg 300w\" sizes=\"auto, (max-width: 649px) 100vw, 649px\" \/><\/figure>\n<\/div>\n\n\n\n<div class=\"wp-block-column is-layout-flow wp-block-column-is-layout-flow\">\n<p>\ud83d\ude0c <strong>GESTION DES \u00c9MOTIONS<\/strong> &#8211; C&rsquo;est un outil pour aider les enfants \u00e0 symboliser et archiver les exp\u00e9riences importantes de leur vie.<\/p>\n\n\n\n<!--more-->\n\n\n\n<h2 class=\"wp-block-heading\">\u00c2ge cible<\/h2>\n\n\n\n<p>De 3 \u00e0 23 ans.<\/p>\n<\/div>\n<\/div>\n\n\n\n<div class=\"wp-block-columns is-layout-flex wp-container-core-columns-is-layout-9d6595d7 wp-block-columns-is-layout-flex\">\n<div class=\"wp-block-column is-layout-flow wp-block-column-is-layout-flow\">\n<h2 class=\"wp-block-heading\">Descriptif de l&rsquo;outil<\/h2>\n\n\n\n<p>\ud83e\uddf8 Cet outil invite les enfants \u00e0 conserver des <strong>souvenirs sous forme de symboles<\/strong>, repr\u00e9sentant des moments marquants de leur vie. Chaque objet ou symbole d\u00e9pos\u00e9 dans la bo\u00eete est <strong>\u00e9tiquet\u00e9 et dat\u00e9<\/strong>, constituant ainsi une m\u00e9moire personnelle.<br>\ud83d\udcda Cette m\u00e9thode permet \u00e0 l&rsquo;enfant de revisiter ses exp\u00e9riences \u00e0 travers une <strong>narration visuelle et tangible<\/strong>, favorisant la prise de conscience de son propre parcours. Elle soutient \u00e9galement <strong>l\u2019expression de ses \u00e9motions<\/strong> et l\u2019int\u00e9gration de ses exp\u00e9riences dans son d\u00e9veloppement personnel.<\/p>\n\n\n\n<h4 class=\"wp-block-heading\"><strong>Exemples concrets d\u2019utilisation<\/strong><\/h4>\n\n\n\n<p>\ud83d\udca1 <strong>Dans un cadre \u00e9ducatif (\u00e9cole, centre de loisirs, etc.) :<\/strong><\/p>\n\n\n\n<ul class=\"wp-block-list\">\n<li>Chaque enfant dispose d&rsquo;une bo\u00eete o\u00f9 il peut placer des objets significatifs, comme un dessin, une m\u00e9daille ou un billet de cin\u00e9ma, repr\u00e9sentant des moments marquants de sa vie. L\u2019enfant peut ensuite expliquer l\u2019histoire derri\u00e8re chaque objet lors d\u2019une activit\u00e9 en groupe.<\/li>\n<\/ul>\n\n\n\n<p>\ud83c\udfe1 <strong>\u00c0 la maison ou en institution<\/strong>, la boite peut contenir diverses objets et souvenirs, tel que: <\/p>\n\n\n\n<ul class=\"wp-block-list\">\n<li>\ud83d\udcf8 <strong>Photos<\/strong> : Instants pr\u00e9cieux avec des proches, paysages marquants, moments heureux.<\/li>\n\n\n\n<li>\u2709\ufe0f <strong>Lettres &amp; Cartes<\/strong> : Correspondance, cartes postales de voyages, petits mots doux.<\/li>\n\n\n\n<li>\ud83c\udf9f <strong>Tickets &amp; Billets<\/strong> : Concerts, cin\u00e9ma, mus\u00e9es, voyages\u2026 Des souvenirs tangibles de belles exp\u00e9riences.<\/li>\n\n\n\n<li>\ud83c\udfa8 <strong>Dessins &amp; Cr\u00e9ations<\/strong> : Gribouillages, croquis ou \u0153uvres sp\u00e9ciales faites par toi ou tes proches.<\/li>\n\n\n\n<li>\ud83e\ude99 <strong>Objets symboliques<\/strong> : Caillou ramass\u00e9 en rando \ud83c\udfd5\ufe0f, bijou cass\u00e9 mais sentimental, porte-cl\u00e9s d\u2019un endroit sp\u00e9cial.<\/li>\n\n\n\n<li>\ud83d\udd6f <strong>Parfum ou senteur<\/strong> : Un petit bout de tissu impr\u00e9gn\u00e9 d\u2019une odeur qui te rappelle un moment pr\u00e9cis.<\/li>\n\n\n\n<li>\ud83d\udcd6 <strong>Petit carnet de souvenirs<\/strong> : O\u00f9 tu notes des pens\u00e9es, des anecdotes ou des r\u00eaves \u00e0 ouvrir plus tard.<\/li>\n<\/ul>\n<\/div>\n<\/div>\n\n\n\n<div class=\"wp-block-columns is-layout-flex wp-container-core-columns-is-layout-9d6595d7 wp-block-columns-is-layout-flex\">\n<div class=\"wp-block-column is-layout-flow wp-block-column-is-layout-flow\">\n<h2 class=\"wp-block-heading\">Objectif(s) d&rsquo;utilisation<\/h2>\n\n\n\n<ul class=\"wp-block-list\">\n<li>\ud83c\udf31 <strong>Re-nourrir ses repr\u00e9sentations<\/strong> de soi et de son parcours \u00e0 chaque ajout d\u2019un nouvel objet, renfor\u00e7ant ainsi l\u2019estime de soi et la confiance en ses capacit\u00e9s.<\/li>\n\n\n\n<li>\ud83d\udcdc <strong>Conserver des traces<\/strong> des exp\u00e9riences importantes, permettant \u00e0 l&rsquo;enfant de les revisiter \u00e0 tout moment.<\/li>\n\n\n\n<li>\ud83e\uddf3 <strong>Nourrir son histoire personnelle<\/strong> en reliant chaque objet \u00e0 un souvenir marquant de son parcours.<\/li>\n\n\n\n<li>\ud83c\udfe0 <strong>S\u00e9curiser et appartenir<\/strong> en cr\u00e9ant une m\u00e9moire tangible et visible, renfor\u00e7ant le sentiment de continuit\u00e9 et d&rsquo;appartenance.<\/li>\n\n\n\n<li>\ud83d\udee4\ufe0f <strong>Comprendre son parcours<\/strong> en analysant et r\u00e9interpr\u00e9tant les moments cl\u00e9s de son d\u00e9veloppement.<\/li>\n<\/ul>\n<\/div>\n\n\n\n<div class=\"wp-block-column is-layout-flow wp-block-column-is-layout-flow\">\n<h2 class=\"wp-block-heading\">Variantes &#8211; am\u00e9nagement<\/h2>\n\n\n\n<ol class=\"wp-block-list\">\n<li>\ud83d\udd16 <strong>Carnet de souvenirs :<\/strong> En compl\u00e9ment de la bo\u00eete, encourager les enfants \u00e0 cr\u00e9er un <strong>carnet<\/strong> o\u00f9 ils dessinent ou \u00e9crivent sur les \u00e9v\u00e9nements importants. Cela permet de d\u00e9velopper des comp\u00e9tences d\u2019expression \u00e9crite et graphique.<\/li>\n\n\n\n<li>\ud83d\udce6 <strong>Bo\u00eete collective :<\/strong> Cr\u00e9er une bo\u00eete <strong>commune<\/strong> au sein d&rsquo;un groupe (par exemple, dans un atelier ou une classe), o\u00f9 chaque enfant d\u00e9pose un objet symbolique d\u2019un \u00e9v\u00e9nement partag\u00e9. Cela encourage la collaboration et renforce le sentiment d&rsquo;appartenance \u00e0 un groupe.<\/li>\n\n\n\n<li>\ud83c\udfa4 <strong>Pr\u00e9sentation orale :<\/strong> Organiser des moments o\u00f9 les enfants peuvent <strong>pr\u00e9senter leurs objets<\/strong> \u00e0 un petit groupe, en racontant leur histoire et les \u00e9motions associ\u00e9es. Cela d\u00e9veloppe les comp\u00e9tences sociales, la confiance en soi, et l\u2019expression orale.<\/li>\n<\/ol>\n<\/div>\n<\/div>\n\n\n\n<h2 class=\"wp-block-heading\">Liens utiles<\/h2>\n\n\n\n<p>\ud83d\udcc4 <strong>ARTICLE: \u00ab\u00a0<a href=\"https:\/\/lepetitpousse.fr\/blog\/tout-savoir-sur-les-boites-a-souvenirs\/?srsltid=AfmBOoquGLYbatimG973RjPcb-TuvDEH-gJ5Jk36A4hPhL6C-CCnbJa5\" target=\"_blank\" rel=\"noreferrer noopener\">Tout savoir sur les boites \u00e0 souvenirs<\/a>\u00ab\u00a0<\/strong> &#8211; <br>Blog La petite pousse (Copyright 2025 &#8211; Le Petit Pousse\u00a0) <br><strong> <\/strong>&#8211;<\/p>\n\n\n\n<p><\/p>\n","protected":false},"excerpt":{"rendered":"<p>\ud83d\ude0c GESTION DES \u00c9MOTIONS &#8211; C&rsquo;est un outil pour aider les enfants \u00e0 symboliser et archiver les exp\u00e9riences importantes de leur vie.<\/p>\n","protected":false},"author":1,"featured_media":0,"comment_status":"closed","ping_status":"closed","sticky":false,"template":"","format":"standard","meta":{"iawp_total_views":3,"footnotes":""},"categories":[10,28,4,22,27,14,18,9,8,13,23,15,46,48,47,19,17,20,25,26,29,11,21,16],"tags":[],"class_list":["post-791","post","type-post","status-publish","format-standard","hentry","category-amenagement-environnement","category-autonomie-et-responsabilisation","category-besoins","category-besoins-cognitifs","category-besoins-daccomplissement","category-besoins-dappartenance","category-besoins-destime","category-besoins-de-securite","category-bien-etre","category-coherence","category-communication","category-famille-et-milieu-de-vie","category-fiches-outils","category-fiches-outils-pour-les-aidants-proches","category-fiches-outils-pour-les-professionnels","category-gestion-des-emotions","category-inclusion-sociale-et-reseau-sociaux","category-individualisation","category-materiel-specifique","category-outils-pedagogiques-pour-les-pro","category-projection","category-rituels","category-valorisation-confiance","category-vie-affective"],"_links":{"self":[{"href":"https:\/\/api-lux.be\/index.php\/wp-json\/wp\/v2\/posts\/791","targetHints":{"allow":["GET"]}}],"collection":[{"href":"https:\/\/api-lux.be\/index.php\/wp-json\/wp\/v2\/posts"}],"about":[{"href":"https:\/\/api-lux.be\/index.php\/wp-json\/wp\/v2\/types\/post"}],"author":[{"embeddable":true,"href":"https:\/\/api-lux.be\/index.php\/wp-json\/wp\/v2\/users\/1"}],"replies":[{"embeddable":true,"href":"https:\/\/api-lux.be\/index.php\/wp-json\/wp\/v2\/comments?post=791"}],"version-history":[{"count":12,"href":"https:\/\/api-lux.be\/index.php\/wp-json\/wp\/v2\/posts\/791\/revisions"}],"predecessor-version":[{"id":7714,"href":"https:\/\/api-lux.be\/index.php\/wp-json\/wp\/v2\/posts\/791\/revisions\/7714"}],"wp:attachment":[{"href":"https:\/\/api-lux.be\/index.php\/wp-json\/wp\/v2\/media?parent=791"}],"wp:term":[{"taxonomy":"category","embeddable":true,"href":"https:\/\/api-lux.be\/index.php\/wp-json\/wp\/v2\/categories?post=791"},{"taxonomy":"post_tag","embeddable":true,"href":"https:\/\/api-lux.be\/index.php\/wp-json\/wp\/v2\/tags?post=791"}],"curies":[{"name":"wp","href":"https:\/\/api.w.org\/{rel}","templated":true}]}}