{"id":788,"date":"2025-02-14T11:36:55","date_gmt":"2025-02-14T10:36:55","guid":{"rendered":"http:\/\/localhost\/mdi_w\/?p=788"},"modified":"2025-07-01T13:45:14","modified_gmt":"2025-07-01T11:45:14","slug":"adaptation-continue","status":"publish","type":"post","link":"https:\/\/api-lux.be\/index.php\/2025\/02\/14\/adaptation-continue\/","title":{"rendered":"Adaptation continue"},"content":{"rendered":"\n<div class=\"wp-block-columns is-layout-flex wp-container-core-columns-is-layout-9d6595d7 wp-block-columns-is-layout-flex\">\n<div class=\"wp-block-column is-layout-flow wp-block-column-is-layout-flow\">\n<figure class=\"wp-block-image size-full\"><img decoding=\"async\" src=\"https:\/\/api-lux.be\/wp-content\/uploads\/2025\/02\/adaptation_continue2.jpg\" alt=\" \" class=\"wp-image-202\"\/><\/figure>\n<\/div>\n\n\n\n<div class=\"wp-block-column is-layout-flow wp-block-column-is-layout-flow\">\n<p>\ud83e\ude84 <strong>Accompagner vers plus d\u2019autonomie et cultiver la singularit\u00e9<\/strong>: Observer et ajuster les interventions en fonction de l&rsquo;\u00e9volution de l&rsquo;enfant.<\/p>\n\n\n\n<!--more-->\n\n\n\n<h2 class=\"wp-block-heading\">\u00c2ge cible<\/h2>\n\n\n\n<p>De 0 \u00e0 23 ans.<\/p>\n<\/div>\n<\/div>\n\n\n\n<h2 class=\"wp-block-heading\">Descriptif de l&rsquo;outil<\/h2>\n\n\n\n<p>\ud83d\udc76\ud83e\uddd1 <strong>Qu&rsquo;est-ce que c&rsquo;est ?<\/strong><br>L&rsquo;adaptation continue permet d&rsquo;ajuster r\u00e9guli\u00e8rement l\u2019accompagnement d\u2019un jeune en fonction de ses besoins et de son \u00e9volution, en prenant en compte les facteurs environnementaux qui l\u2019entourent.<br>Il ne s&rsquo;agit pas de se \u00ab\u00a0suradapter\u00a0\u00bb, mais bien d&rsquo;\u00eatre suffisamment flexible pour r\u00e9\u00e9valuer r\u00e9guli\u00e8rement les objectifs et s\u2019ajuster \u00e0 la r\u00e9alit\u00e9 du jeune.<\/p>\n\n\n\n<p>\ud83d\udca1 <strong>Pourquoi c&rsquo;est important ?<\/strong><br>Les jeunes, surtout ceux en situation de vuln\u00e9rabilit\u00e9, peuvent traverser des phases de progr\u00e8s rapides ou de r\u00e9gression, influenc\u00e9es par leurs \u00e9motions, leur environnement ou des facteurs contextuels. L\u2019accompagnement doit \u00eatre flexible, sans rigidit\u00e9 excessive, pour r\u00e9pondre \u00e0 ces fluctuations.<\/p>\n\n\n\n<p>\ud83d\udcca <strong>Comment \u00e7a fonctionne ?<\/strong><\/p>\n\n\n\n<ul class=\"wp-block-list\">\n<li>\ud83d\udc40 <strong>Observation continue<\/strong> : Utiliser des outils comme des grilles d\u2019observation ou organiser des \u00e9changes r\u00e9guliers avec le jeune et ses proches pour suivre son \u00e9volution.<\/li>\n\n\n\n<li>\ud83d\udd04 <strong>Ajustement des objectifs<\/strong> : D\u00e9finir des objectifs flexibles, modifiables selon l\u2019\u00e9volution du jeune, pour lui permettre de se sentir toujours soutenu.<\/li>\n\n\n\n<li>\ud83d\udee0\ufe0f <strong>Modification des outils<\/strong> : Adapter les supports p\u00e9dagogiques et les m\u00e9thodes en fonction des besoins actuels du jeune, afin de maintenir son engagement et son d\u00e9veloppement.<\/li>\n\n\n\n<li>\ud83e\udd1d <strong>Concertation \u00e9largie<\/strong> : Collaborer avec l\u2019\u00e9cole, les loisirs et la famille pour garantir une prise en charge coh\u00e9rente et fluide, en multipliant les points de vue et les retours.<\/li>\n<\/ul>\n\n\n\n<p>\u26a0\ufe0f <strong>Points d\u2019attention<\/strong> :<\/p>\n\n\n\n<ul class=\"wp-block-list\">\n<li>Garder un <strong>cadre s\u00e9curisant<\/strong>, tout en \u00e9tant flexible sur les attentes et le rythme de progression.<\/li>\n\n\n\n<li><strong>Accepter les fluctuations<\/strong> : \u00e9viter de faire pression sur une progression trop rapide ou trop lin\u00e9aire. Parfois, il peut \u00eatre n\u00e9cessaire d\u2019accepter un moment de pause ou de \u00ab\u00a0statu quo\u00a0\u00bb.<\/li>\n\n\n\n<li><strong>Valoriser chaque progr\u00e8s<\/strong> : m\u00eame minime, pour maintenir la motivation du jeune.<\/li>\n<\/ul>\n\n\n\n<div class=\"wp-block-columns is-layout-flex wp-container-core-columns-is-layout-9d6595d7 wp-block-columns-is-layout-flex\">\n<div class=\"wp-block-column is-layout-flow wp-block-column-is-layout-flow\">\n<h2 class=\"wp-block-heading\">Objectif(s) d&rsquo;utilisation<\/h2>\n\n\n\n<ul class=\"wp-block-list\">\n<li>\ud83d\udcc8 <strong>Assurer une progression adapt\u00e9e<\/strong> : Permettre au jeune de grandir \u00e0 son rythme, en ajustant les objectifs en fonction de son \u00e9volution.<\/li>\n\n\n\n<li>\ud83d\ude80 <strong>Favoriser l\u2019autonomie et la confiance<\/strong> : Encourager le jeune \u00e0 s&rsquo;impliquer dans l\u2019\u00e9valuation de son parcours et l\u2019ajustement de ses objectifs.<\/li>\n\n\n\n<li>\ud83c\udfe1 <strong>Offrir un cadre souple mais structurant<\/strong> : Offrir une souplesse dans l\u2019accompagnement sans perdre de vue la coh\u00e9rence du projet \u00e9ducatif.<\/li>\n\n\n\n<li>\u26a0\ufe0f <strong>Pr\u00e9venir le d\u00e9crochage<\/strong> : Intervenir de mani\u00e8re proactive pour \u00e9viter que le jeune ne se sente en \u00e9chec ou d\u00e9motiv\u00e9.<\/li>\n<\/ul>\n\n\n\n<h2 class=\"wp-block-heading\">Liens utiles<\/h2>\n\n\n\n<p><a href=\"https:\/\/api-lux.be\/index.php\/2025\/03\/31\/grilles-dobservations\/\" data-type=\"link\" data-id=\"https:\/\/api-lux.be\/index.php\/2025\/03\/31\/grilles-dobservations\/\" target=\"_blank\" rel=\"noreferrer noopener\">FICHE OUTIL API-Lux &#8211; Grilles d&rsquo;observations <\/a><\/p>\n<\/div>\n\n\n\n<div class=\"wp-block-column is-layout-flow wp-block-column-is-layout-flow\">\n<h2 class=\"wp-block-heading\">Variantes &#8211; am\u00e9nagement<\/h2>\n\n\n\n<ol class=\"wp-block-list\">\n<li>\ud83d\udccb <strong>Grille d&rsquo;observation modulable<\/strong> : Cr\u00e9er ou adapter des grilles d\u2019observation en fonction des besoins du jeune, avec des crit\u00e8res flexibles qui \u00e9voluent.<\/li>\n\n\n\n<li>\ud83c\udfa8 <strong>R\u00e9\u00e9valuation des outils p\u00e9dagogiques<\/strong> : Modifier les supports et m\u00e9thodes p\u00e9dagogiques selon les difficult\u00e9s rencontr\u00e9es ou les pr\u00e9f\u00e9rences du jeune, pour maintenir son int\u00e9r\u00eat et sa progression.<\/li>\n\n\n\n<li>\ud83d\udcc5 <strong>Objectifs progressifs et ajustables<\/strong> : Proposer des objectifs par \u00e9tapes, en ajustant la difficult\u00e9 au fur et \u00e0 mesure pour rendre les avanc\u00e9es plus accessibles.<\/li>\n\n\n\n<li>\ud83d\udcac <strong>\u00c9coute active et co-construction<\/strong> : Permettre au jeune d\u2019\u00eatre un acteur de son parcours en co-construisant ses objectifs et les ajustements \u00e0 apporter ensemble.<\/li>\n\n\n\n<li>\ud83c\udf0d <strong>Coordination avec l\u2019entourage<\/strong> : Int\u00e9grer les retours de l&rsquo;\u00e9cole, de la famille et des autres acteurs pour un suivi coh\u00e9rent et un accompagnement enrichi.<\/li>\n<\/ol>\n<\/div>\n<\/div>\n\n\n\n<p>Des outils \u00e0 nous partager ?&nbsp;<a href=\"https:\/\/api-lux.be\/index.php\/contact\/\">Cliquez ici<\/a><\/p>\n","protected":false},"excerpt":{"rendered":"<p>\ud83e\ude84 Accompagner vers plus d\u2019autonomie et cultiver la singularit\u00e9: Observer et ajuster les interventions en fonction de l&rsquo;\u00e9volution de l&rsquo;enfant.<\/p>\n","protected":false},"author":1,"featured_media":0,"comment_status":"closed","ping_status":"closed","sticky":false,"template":"","format":"standard","meta":{"iawp_total_views":1,"footnotes":""},"categories":[10,4,27,18,9,5,12,13,46,48,47,20,25,26,29],"tags":[],"class_list":["post-788","post","type-post","status-publish","format-standard","hentry","category-amenagement-environnement","category-besoins","category-besoins-daccomplissement","category-besoins-destime","category-besoins-de-securite","category-besoins-physiologiques","category-cadre-et-limites","category-coherence","category-fiches-outils","category-fiches-outils-pour-les-aidants-proches","category-fiches-outils-pour-les-professionnels","category-individualisation","category-materiel-specifique","category-outils-pedagogiques-pour-les-pro","category-projection"],"_links":{"self":[{"href":"https:\/\/api-lux.be\/index.php\/wp-json\/wp\/v2\/posts\/788","targetHints":{"allow":["GET"]}}],"collection":[{"href":"https:\/\/api-lux.be\/index.php\/wp-json\/wp\/v2\/posts"}],"about":[{"href":"https:\/\/api-lux.be\/index.php\/wp-json\/wp\/v2\/types\/post"}],"author":[{"embeddable":true,"href":"https:\/\/api-lux.be\/index.php\/wp-json\/wp\/v2\/users\/1"}],"replies":[{"embeddable":true,"href":"https:\/\/api-lux.be\/index.php\/wp-json\/wp\/v2\/comments?post=788"}],"version-history":[{"count":8,"href":"https:\/\/api-lux.be\/index.php\/wp-json\/wp\/v2\/posts\/788\/revisions"}],"predecessor-version":[{"id":7713,"href":"https:\/\/api-lux.be\/index.php\/wp-json\/wp\/v2\/posts\/788\/revisions\/7713"}],"wp:attachment":[{"href":"https:\/\/api-lux.be\/index.php\/wp-json\/wp\/v2\/media?parent=788"}],"wp:term":[{"taxonomy":"category","embeddable":true,"href":"https:\/\/api-lux.be\/index.php\/wp-json\/wp\/v2\/categories?post=788"},{"taxonomy":"post_tag","embeddable":true,"href":"https:\/\/api-lux.be\/index.php\/wp-json\/wp\/v2\/tags?post=788"}],"curies":[{"name":"wp","href":"https:\/\/api.w.org\/{rel}","templated":true}]}}