{"id":787,"date":"2025-02-14T11:36:55","date_gmt":"2025-02-14T10:36:55","guid":{"rendered":"http:\/\/localhost\/mdi_w\/?p=787"},"modified":"2025-05-19T09:17:14","modified_gmt":"2025-05-19T07:17:14","slug":"evaluation-individualisee","status":"publish","type":"post","link":"https:\/\/api-lux.be\/index.php\/2025\/02\/14\/evaluation-individualisee\/","title":{"rendered":"Evaluation individualis\u00e9e"},"content":{"rendered":"\n<div class=\"wp-block-columns is-layout-flex wp-container-core-columns-is-layout-9d6595d7 wp-block-columns-is-layout-flex\">\n<div class=\"wp-block-column is-layout-flow wp-block-column-is-layout-flow\">\n<figure class=\"wp-block-image size-full\"><img loading=\"lazy\" decoding=\"async\" width=\"612\" height=\"408\" src=\"https:\/\/api-lux.be\/wp-content\/uploads\/2025\/02\/evaluation_individualise.jpg\" alt=\"\" class=\"wp-image-545\" srcset=\"https:\/\/api-lux.be\/wp-content\/uploads\/2025\/02\/evaluation_individualise.jpg 612w, https:\/\/api-lux.be\/wp-content\/uploads\/2025\/02\/evaluation_individualise-300x200.jpg 300w\" sizes=\"auto, (max-width: 612px) 100vw, 612px\" \/><\/figure>\n<\/div>\n\n\n\n<div class=\"wp-block-column is-layout-flow wp-block-column-is-layout-flow\">\n<p>\ud83e\ude84 <strong>Accompagner vers plus d\u2019autonomie et cultiver la singularit\u00e9:<\/strong> \u00c9valuer les ressources et besoins individuels pour \u00e9laborer un programme d&rsquo;accompagnement adapt\u00e9.<\/p>\n\n\n\n<!--more-->\n\n\n\n<h2 class=\"wp-block-heading\">\u00c2ge cible<\/h2>\n\n\n\n<p>De 0 \u00e0 23 ans.<\/p>\n<\/div>\n<\/div>\n\n\n\n<h2 class=\"wp-block-heading\">Descriptif de l&rsquo;outil<\/h2>\n\n\n\n<p>\ud83d\udc76\ud83e\uddd1 L\u2019\u00e9valuation individualis\u00e9e consiste \u00e0 analyser en d\u00e9tail le profil et les comp\u00e9tences d\u2019un enfant afin de cr\u00e9er un programme d\u2019accompagnement qui correspond \u00e0 ses besoins sp\u00e9cifiques.<\/p>\n\n\n\n<p>\ud83d\udca1 <strong>Comment \u00e7a marche ?<\/strong> Cette approche repose sur l\u2019analyse des \u00e9valuations ant\u00e9rieures, des tests sp\u00e9cifiques et de l\u2019observation directe dans divers contextes (\u00e9cole, loisirs, quotidien\u2026). L\u2019objectif est d\u2019identifier les points forts et les domaines \u00e0 am\u00e9liorer, tout en tenant compte des particularit\u00e9s de chaque enfant.<\/p>\n\n\n\n<p>\u26a0\ufe0f <strong>Points d\u2019attention :<\/strong><\/p>\n\n\n\n<ul class=\"wp-block-list\">\n<li>Assurer un regard bienveillant et global sur l\u2019enfant, sans se limiter aux difficult\u00e9s.<\/li>\n\n\n\n<li>Adapter les outils d\u2019\u00e9valuation \u00e0 l\u2019\u00e2ge et au niveau de compr\u00e9hension de l\u2019enfant.<\/li>\n\n\n\n<li>Prendre en compte les observations de plusieurs professionnels pour une vision plus compl\u00e8te.<\/li>\n<\/ul>\n\n\n\n<div class=\"wp-block-columns is-layout-flex wp-container-core-columns-is-layout-9d6595d7 wp-block-columns-is-layout-flex\">\n<div class=\"wp-block-column is-layout-flow wp-block-column-is-layout-flow\">\n<h2 class=\"wp-block-heading\">Objectif(s) d&rsquo;utilisation<\/h2>\n\n\n\n<ul class=\"wp-block-list\">\n<li>\ud83c\udfaf <strong>Personnaliser l\u2019accompagnement<\/strong> : Offrir un programme d\u2019apprentissage adapt\u00e9 aux besoins uniques de l\u2019enfant. <\/li>\n\n\n\n<li><strong>\ud83d\ude80<\/strong> <strong>Favoriser l\u2019autonomie et la progression<\/strong> : Encourager l\u2019enfant \u00e0 d\u00e9velopper ses comp\u00e9tences \u00e0 son rythme.<\/li>\n\n\n\n<li><strong>\ud83c\udf1f<\/strong> <strong>Valoriser les points forts<\/strong> : Mettre en avant les r\u00e9ussites et appuyer l\u2019apprentissage sur les forces de l\u2019enfant.<\/li>\n\n\n\n<li>\ud83d\udd0d <strong>Prendre en compte les besoins sp\u00e9cifiques<\/strong> : \u00c9viter les solutions standardis\u00e9es en favorisant une approche individualis\u00e9e. <\/li>\n\n\n\n<li>\ud83d\udde3\ufe0f <strong>Encourager la participation de l\u2019enfant<\/strong> : L\u2019aider \u00e0 exprimer ses ressentis et attentes pour un accompagnement plus efficace.<\/li>\n<\/ul>\n<\/div>\n\n\n\n<div class=\"wp-block-column is-layout-flow wp-block-column-is-layout-flow\">\n<h2 class=\"wp-block-heading\">Variantes &#8211; am\u00e9nagement<\/h2>\n\n\n\n<ol class=\"wp-block-list\">\n<li>\ud83d\udc40 <strong>Observation directe<\/strong> : \u00c9tudier le comportement et les interactions dans diff\u00e9rents environnements pour affiner l\u2019\u00e9valuation. <\/li>\n\n\n\n<li>\ud83c\udfad <strong>Supports multi-sensoriels<\/strong> : Tester les pr\u00e9f\u00e9rences et capacit\u00e9s \u00e0 travers des supports ludiques et sensoriels. <\/li>\n\n\n\n<li>\ud83d\udde3\ufe0f <strong>Entretiens individuels<\/strong> : Prendre en compte la parole de l\u2019enfant pour mieux cerner ses besoins et attentes. <\/li>\n\n\n\n<li>\ud83d\udcca <strong>Suivi \u00e9volutif<\/strong> : Mettre en place un tableau de suivi pour ajuster l\u2019accompagnement au fil du temps.<br><br><\/li>\n<\/ol>\n<\/div>\n<\/div>\n\n\n\n<p>Des outils \u00e0 nous partager ?&nbsp;<a href=\"https:\/\/api-lux.be\/index.php\/contact\/\">Cliquez ici<\/a><\/p>\n","protected":false},"excerpt":{"rendered":"<p>\ud83e\ude84 Accompagner vers plus d\u2019autonomie et cultiver la singularit\u00e9: \u00c9valuer les ressources et besoins individuels pour \u00e9laborer un programme d&rsquo;accompagnement adapt\u00e9.<\/p>\n","protected":false},"author":1,"featured_media":0,"comment_status":"closed","ping_status":"closed","sticky":false,"template":"","format":"standard","meta":{"iawp_total_views":5,"footnotes":""},"categories":[24,10,4,22,18,9,12,13,46,47,20,26,21],"tags":[],"class_list":["post-787","post","type-post","status-publish","format-standard","hentry","category-adaptation-des-apprentissages","category-amenagement-environnement","category-besoins","category-besoins-cognitifs","category-besoins-destime","category-besoins-de-securite","category-cadre-et-limites","category-coherence","category-fiches-outils","category-fiches-outils-pour-les-professionnels","category-individualisation","category-outils-pedagogiques-pour-les-pro","category-valorisation-confiance"],"_links":{"self":[{"href":"https:\/\/api-lux.be\/index.php\/wp-json\/wp\/v2\/posts\/787","targetHints":{"allow":["GET"]}}],"collection":[{"href":"https:\/\/api-lux.be\/index.php\/wp-json\/wp\/v2\/posts"}],"about":[{"href":"https:\/\/api-lux.be\/index.php\/wp-json\/wp\/v2\/types\/post"}],"author":[{"embeddable":true,"href":"https:\/\/api-lux.be\/index.php\/wp-json\/wp\/v2\/users\/1"}],"replies":[{"embeddable":true,"href":"https:\/\/api-lux.be\/index.php\/wp-json\/wp\/v2\/comments?post=787"}],"version-history":[{"count":5,"href":"https:\/\/api-lux.be\/index.php\/wp-json\/wp\/v2\/posts\/787\/revisions"}],"predecessor-version":[{"id":6590,"href":"https:\/\/api-lux.be\/index.php\/wp-json\/wp\/v2\/posts\/787\/revisions\/6590"}],"wp:attachment":[{"href":"https:\/\/api-lux.be\/index.php\/wp-json\/wp\/v2\/media?parent=787"}],"wp:term":[{"taxonomy":"category","embeddable":true,"href":"https:\/\/api-lux.be\/index.php\/wp-json\/wp\/v2\/categories?post=787"},{"taxonomy":"post_tag","embeddable":true,"href":"https:\/\/api-lux.be\/index.php\/wp-json\/wp\/v2\/tags?post=787"}],"curies":[{"name":"wp","href":"https:\/\/api.w.org\/{rel}","templated":true}]}}