{"id":786,"date":"2025-02-14T11:36:55","date_gmt":"2025-02-14T10:36:55","guid":{"rendered":"http:\/\/localhost\/mdi_w\/?p=786"},"modified":"2025-07-01T13:42:49","modified_gmt":"2025-07-01T11:42:49","slug":"investir-son-espace-intime","status":"publish","type":"post","link":"https:\/\/api-lux.be\/index.php\/2025\/02\/14\/investir-son-espace-intime\/","title":{"rendered":"Investir son espace intime"},"content":{"rendered":"\n<div class=\"wp-block-columns is-layout-flex wp-container-core-columns-is-layout-9d6595d7 wp-block-columns-is-layout-flex\">\n<div class=\"wp-block-column is-layout-flow wp-block-column-is-layout-flow\">\n<figure class=\"wp-block-image size-full\"><img decoding=\"async\" src=\"https:\/\/api-lux.be\/wp-content\/uploads\/2025\/02\/espace_intime.jpg\" alt=\" \" class=\"wp-image-202\"\/><\/figure>\n<\/div>\n\n\n\n<div class=\"wp-block-column is-layout-flow wp-block-column-is-layout-flow\">\n<p>\ud83c\udf08 <strong>Personnalisation et individualisation dans le collectif: <\/strong>Encourager les jeunes \u00e0 personnaliser et \u00e0 s\u2019approprier un espace qui leur est d\u00e9di\u00e9 pour d\u00e9velopper leur sentiment de s\u00e9curit\u00e9 et d\u2019identit\u00e9.<\/p>\n\n\n\n<!--more-->\n\n\n\n<h2 class=\"wp-block-heading\">\u00c2ge cible<\/h2>\n\n\n\n<p>De 5 \u00e0 23 ans.<\/p>\n<\/div>\n<\/div>\n\n\n\n<h2 class=\"wp-block-heading\">Descriptif de l&rsquo;outil<\/h2>\n\n\n\n<p>\ud83c\udfe1 Offrir aux jeunes un endroit personnel qu&rsquo;ils peuvent am\u00e9nager et organiser selon leurs go\u00fbts et pr\u00e9f\u00e9rences. Cela peut \u00eatre une chambre, un coin de lecture ou tout autre espace r\u00e9serv\u00e9 \u00e0 leurs activit\u00e9s personnelles.<\/p>\n\n\n\n<p>\ud83d\udca1 <strong>Comment \u00e7a marche ?<\/strong> L\u2019id\u00e9e est que cet espace devienne un lieu s\u00e9curisant o\u00f9 le jeune peut se ressourcer, se d\u00e9tendre ou exprimer ses \u00e9motions et sa cr\u00e9ativit\u00e9. En choisissant eux-m\u00eames la d\u00e9coration, les objets et l\u2019organisation de cet espace, les jeunes renforcent leur sentiment d\u2019appartenance, de contr\u00f4le et d\u2019ind\u00e9pendance.<\/p>\n\n\n\n<p>\u2705 <strong>Exemples concrets d\u2019utilisation :<\/strong><\/p>\n\n\n\n<ul class=\"wp-block-list\">\n<li>\ud83c\udfad <em>Coin loisirs<\/em> : Permettre au jeune de personnaliser un coin d\u00e9di\u00e9 \u00e0 ses activit\u00e9s favorites.<\/li>\n\n\n\n<li>\ud83d\udcd6 <em>Espace d\u00e9tente<\/em> : Am\u00e9nager un coin lecture ou relaxation dans les espaces collectifs.<\/li>\n\n\n\n<li>\ud83c\udfa8 <em>Espace cr\u00e9atif<\/em> : Proposer aux jeunes de d\u00e9corer leur espace avec des dessins ou des objets cr\u00e9\u00e9s par eux-m\u00eames.<\/li>\n\n\n\n<li>\ud83c\udfd5\ufe0f <em>Espace th\u00e9matique<\/em> : Chaque jeune peut choisir une th\u00e9matique (nature, sport, etc.) pour personnaliser son espace.<\/li>\n\n\n\n<li>\ud83d\udecb\ufe0f <em>Espace intime<\/em> : Offrir un coin personnel o\u00f9 le jeune peut se retrouver seul lorsqu\u2019il en ressent le besoin.<\/li>\n<\/ul>\n\n\n\n<p>\u26a0\ufe0f <strong>Points d\u2019attention :<\/strong><\/p>\n\n\n\n<ul class=\"wp-block-list\">\n<li>Ne pas imposer la personnalisation : l\u2019enfant doit \u00eatre libre d\u2019investir son espace \u00e0 son rythme.<\/li>\n\n\n\n<li>\u00c9viter les comparaisons entre espaces pour ne pas cr\u00e9er de sentiment d\u2019injustice.<\/li>\n\n\n\n<li>Encourager la responsabilit\u00e9 : les jeunes doivent entretenir leur espace et respecter les r\u00e8gles collectives.<\/li>\n<\/ul>\n\n\n\n<div class=\"wp-block-columns is-layout-flex wp-container-core-columns-is-layout-9d6595d7 wp-block-columns-is-layout-flex\">\n<div class=\"wp-block-column is-layout-flow wp-block-column-is-layout-flow\">\n<h2 class=\"wp-block-heading\">Objectif(s) d&rsquo;utilisation<\/h2>\n\n\n\n<ul class=\"wp-block-list\">\n<li>\ud83c\udfe0 <strong>D\u00e9velopper le sentiment de s\u00e9curit\u00e9<\/strong> : Offrir aux jeunes un lieu o\u00f9 ils se sentent bien et prot\u00e9g\u00e9s. <\/li>\n\n\n\n<li>\ud83c\udfa8 <strong>Favoriser l\u2019expression personnelle<\/strong> : Permettre aux jeunes d\u2019affirmer leur identit\u00e9 \u00e0 travers la d\u00e9coration et l\u2019organisation de leur espace.<\/li>\n\n\n\n<li>\ud83d\udd11 <strong>Renforcer l\u2019autonomie et la responsabilisation<\/strong> : Apprendre \u00e0 entretenir un espace et \u00e0 en prendre soin. <\/li>\n\n\n\n<li>\u2728 <strong>Stimuler la cr\u00e9ativit\u00e9<\/strong> : Encourager la personnalisation par des choix d\u00e9coratifs ou artistiques. <\/li>\n\n\n\n<li>\ud83e\uddd8 <strong>Soutenir la gestion des \u00e9motions<\/strong> : Offrir un lieu o\u00f9 le jeune peut se recentrer et g\u00e9rer son stress. <\/li>\n\n\n\n<li>\ud83c\udf0d <strong>Valoriser l\u2019individualit\u00e9 dans un cadre collectif<\/strong> : Montrer que chaque jeune peut avoir un espace unique tout en appartenant au groupe.<\/li>\n<\/ul>\n<\/div>\n\n\n\n<div class=\"wp-block-column is-layout-flow wp-block-column-is-layout-flow\">\n<h2 class=\"wp-block-heading\">Variantes &#8211; am\u00e9nagement<\/h2>\n\n\n\n<ol class=\"wp-block-list\">\n<li>\ud83c\udfb2 <strong>Coin d\u00e9tente<\/strong> : Am\u00e9nager un coin lecture ou relaxation dans les espaces collectifs pour offrir un moment de calme aux jeunes. <\/li>\n\n\n\n<li>\ud83c\udfa8 <strong>Espace cr\u00e9atif<\/strong> : Proposer aux jeunes de d\u00e9corer leur espace avec des dessins ou des objets cr\u00e9\u00e9s par eux-m\u00eames. <\/li>\n\n\n\n<li>\ud83c\udfd5\ufe0f <strong>Espace th\u00e9matique<\/strong> : Permettre \u00e0 chaque jeune de choisir une ambiance ou un th\u00e8me pour son espace personnel. <\/li>\n\n\n\n<li>\ud83d\udecb\ufe0f <strong>Espace modulable<\/strong> : Offrir la possibilit\u00e9 de r\u00e9agencer l\u2019espace en fonction des besoins et envies. <\/li>\n\n\n\n<li>\ud83d\uddbc\ufe0f <strong>Mur d\u2019expression<\/strong> : Installer un tableau ou un mur o\u00f9 le jeune peut afficher des \u00e9l\u00e9ments personnels (photos, citations, dessins&#8230;).<\/li>\n\n\n\n<li>\ud83d\udcc5 <strong>Coin organisation<\/strong> : Mettre \u00e0 disposition un tableau ou un planificateur pour aider \u00e0 structurer ses journ\u00e9es.<br><br><\/li>\n<\/ol>\n<\/div>\n<\/div>\n\n\n\n<h2 class=\"wp-block-heading\">Liens utiles<\/h2>\n\n\n\n<p><a href=\"https:\/\/api-lux.be\/index.php\/2025\/02\/14\/promouvoir-le-choix-personnel-lindividualisation\/\" data-type=\"link\" data-id=\"https:\/\/api-lux.be\/index.php\/2025\/02\/14\/promouvoir-le-choix-personnel-lindividualisation\/\" target=\"_blank\" rel=\"noreferrer noopener\">FICHE OUTIL: Promouvoir le choix personnel, l\u2019individualisation: cultiver la singularit\u00e9<\/a><\/p>\n\n\n\n<p>Des outils \u00e0 nous partager ?&nbsp;<a href=\"https:\/\/api-lux.be\/index.php\/contact\/\">Cliquez ici<\/a><\/p>\n","protected":false},"excerpt":{"rendered":"<p>\ud83c\udf08 Personnalisation et individualisation dans le collectif: Encourager les jeunes \u00e0 personnaliser et \u00e0 s\u2019approprier un espace qui leur est d\u00e9di\u00e9 pour d\u00e9velopper leur sentiment de s\u00e9curit\u00e9 et d\u2019identit\u00e9.<\/p>\n","protected":false},"author":1,"featured_media":0,"comment_status":"closed","ping_status":"closed","sticky":false,"template":"","format":"standard","meta":{"iawp_total_views":0,"footnotes":""},"categories":[10,14,18,9,8,15,46,48,47,20],"tags":[],"class_list":["post-786","post","type-post","status-publish","format-standard","hentry","category-amenagement-environnement","category-besoins-dappartenance","category-besoins-destime","category-besoins-de-securite","category-bien-etre","category-famille-et-milieu-de-vie","category-fiches-outils","category-fiches-outils-pour-les-aidants-proches","category-fiches-outils-pour-les-professionnels","category-individualisation"],"_links":{"self":[{"href":"https:\/\/api-lux.be\/index.php\/wp-json\/wp\/v2\/posts\/786","targetHints":{"allow":["GET"]}}],"collection":[{"href":"https:\/\/api-lux.be\/index.php\/wp-json\/wp\/v2\/posts"}],"about":[{"href":"https:\/\/api-lux.be\/index.php\/wp-json\/wp\/v2\/types\/post"}],"author":[{"embeddable":true,"href":"https:\/\/api-lux.be\/index.php\/wp-json\/wp\/v2\/users\/1"}],"replies":[{"embeddable":true,"href":"https:\/\/api-lux.be\/index.php\/wp-json\/wp\/v2\/comments?post=786"}],"version-history":[{"count":7,"href":"https:\/\/api-lux.be\/index.php\/wp-json\/wp\/v2\/posts\/786\/revisions"}],"predecessor-version":[{"id":7712,"href":"https:\/\/api-lux.be\/index.php\/wp-json\/wp\/v2\/posts\/786\/revisions\/7712"}],"wp:attachment":[{"href":"https:\/\/api-lux.be\/index.php\/wp-json\/wp\/v2\/media?parent=786"}],"wp:term":[{"taxonomy":"category","embeddable":true,"href":"https:\/\/api-lux.be\/index.php\/wp-json\/wp\/v2\/categories?post=786"},{"taxonomy":"post_tag","embeddable":true,"href":"https:\/\/api-lux.be\/index.php\/wp-json\/wp\/v2\/tags?post=786"}],"curies":[{"name":"wp","href":"https:\/\/api.w.org\/{rel}","templated":true}]}}