{"id":785,"date":"2025-02-14T11:36:55","date_gmt":"2025-02-14T10:36:55","guid":{"rendered":"http:\/\/localhost\/mdi_w\/?p=785"},"modified":"2025-07-01T13:42:34","modified_gmt":"2025-07-01T11:42:34","slug":"promouvoir-le-choix-personnel-lindividualisation","status":"publish","type":"post","link":"https:\/\/api-lux.be\/index.php\/2025\/02\/14\/promouvoir-le-choix-personnel-lindividualisation\/","title":{"rendered":"Promouvoir le choix personnel, l&rsquo;individualisation: cultiver la singularit\u00e9"},"content":{"rendered":"\n<div class=\"wp-block-columns is-layout-flex wp-container-core-columns-is-layout-9d6595d7 wp-block-columns-is-layout-flex\">\n<div class=\"wp-block-column is-layout-flow wp-block-column-is-layout-flow\">\n<figure class=\"wp-block-image size-full\"><img decoding=\"async\" src=\"https:\/\/api-lux.be\/wp-content\/uploads\/2025\/02\/choix_personnel.jpg\" alt=\" \" class=\"wp-image-202\"\/><\/figure>\n<\/div>\n\n\n\n<div class=\"wp-block-column is-layout-flow wp-block-column-is-layout-flow\">\n<p>\ud83e\ude84 <strong>Accompagner vers plus d\u2019autonomie et cultiver la singularit\u00e9<\/strong> &#8211; Encourager les enfants et adolescents \u00e0 faire des choix personnels pour favoriser leur autonomie et leur d\u00e9veloppement.<\/p>\n\n\n\n<!--more-->\n\n\n\n<h2 class=\"wp-block-heading\">\u00c2ge cible<\/h2>\n\n\n\n<p>De 3 \u00e0 20 ans.<\/p>\n<\/div>\n<\/div>\n\n\n\n<h2 class=\"wp-block-heading\">Descriptif de l&rsquo;outil<\/h2>\n\n\n\n<p>\ud83d\udc67\ud83e\uddd2 Chaque enfant fait partie d\u2019un groupe, ce qui lui apporte s\u00e9curit\u00e9 et rep\u00e8res. Cependant, il est essentiel qu\u2019il puisse aussi se construire individuellement. Cette approche permet aux jeunes de d\u00e9velopper leur personnalit\u00e9, leurs pr\u00e9f\u00e9rences et leurs aspirations, tout en restant connect\u00e9s \u00e0 la dynamique collective.<\/p>\n\n\n\n<p>\ud83d\udca1 <strong>Comment \u00e7a marche ?<\/strong> L\u2019id\u00e9e est de proposer aux enfants une gamme d\u2019options dans des domaines vari\u00e9s (activit\u00e9s, espaces, routines, interactions\u2026) pour qu\u2019ils puissent exercer leur pouvoir de choix tout en respectant un cadre s\u00e9curisant.<\/p>\n\n\n\n<p>\u2705 <strong>Exemples concrets d\u2019utilisation :<\/strong><\/p>\n\n\n\n<ul class=\"wp-block-list\">\n<li>\ud83c\udfad <em>Loisirs personnalis\u00e9s<\/em> : Choisir un sport, un instrument, un hobby en dehors du groupe.<\/li>\n\n\n\n<li>\ud83d\udcd6 <em><a href=\"https:\/\/api-lux.be\/index.php\/2024\/12\/10\/les-rituels\/\" target=\"_blank\" rel=\"noreferrer noopener\">Rituels <\/a>individualis\u00e9s<\/em> : S\u00e9lectionner son histoire du soir ou avoir un moment privil\u00e9gi\u00e9 avec un adulte r\u00e9f\u00e9rent.<\/li>\n\n\n\n<li>\ud83c\udfa8 <em>Espace <a href=\"https:\/\/api-lux.be\/index.php\/2025\/02\/14\/investir-son-espace-intime\/\" target=\"_blank\" rel=\"noreferrer noopener\">personnel<\/a><\/em> : D\u00e9corer son coin de chambre ou un tableau d\u2019expression personnelle.<\/li>\n\n\n\n<li>\ud83c\udf7d\ufe0f <em>Droit de choisir<\/em> : S\u00e9lectionner son repas parmi plusieurs options, ou encore ses v\u00eatements.<\/li>\n\n\n\n<li>\ud83e\udd1d <em>R\u00e9seau personnel<\/em> : Maintenir des liens ext\u00e9rieurs en facilitant les rencontres avec famille et amis.<\/li>\n\n\n\n<li>\u2696\ufe0f <em><a href=\"https:\/\/api-lux.be\/index.php\/2025\/02\/14\/equite-nest-pas-egalite\/\" target=\"_blank\" rel=\"noreferrer noopener\">\u00c9quit\u00e9 <\/a>plut\u00f4t qu\u2019\u00e9galit\u00e9<\/em> : Adapter les am\u00e9nagements aux besoins sp\u00e9cifiques de chacun (ex. : temps d\u2019endormissement plus long pour un enfant anxieux, sorties suppl\u00e9mentaires pour un enfant ayant besoin d\u2019activit\u00e9 physique).<\/li>\n\n\n\n<li>\ud83d\uddf3\ufe0f <em><a href=\"https:\/\/api-lux.be\/index.php\/2025\/03\/13\/espace-de-concertation\/\" target=\"_blank\" rel=\"noreferrer noopener\">\u00c9lections <\/a>de groupe<\/em> : Organiser des votes pour impliquer les jeunes dans certaines d\u00e9cisions collectives.<\/li>\n<\/ul>\n\n\n\n<p>\u26a0\ufe0f <strong>Points d\u2019attention :<\/strong><\/p>\n\n\n\n<ul class=\"wp-block-list\">\n<li>Ne pas confondre individualisation et isolement ! Trouver l\u2019\u00e9quilibre entre appartenance au groupe et d\u00e9veloppement personnel.<\/li>\n\n\n\n<li>S\u2019assurer que les choix propos\u00e9s restent adapt\u00e9s au d\u00e9veloppement et aux capacit\u00e9s des enfants.<\/li>\n\n\n\n<li>Encourager sans imposer : L\u2019enfant doit apprendre \u00e0 faire des choix sans se sentir contraint ou d\u00e9muni.<\/li>\n<\/ul>\n\n\n\n<div class=\"wp-block-columns is-layout-flex wp-container-core-columns-is-layout-9d6595d7 wp-block-columns-is-layout-flex\">\n<div class=\"wp-block-column is-layout-flow wp-block-column-is-layout-flow\">\n<h2 class=\"wp-block-heading\">Objectif(s) d&rsquo;utilisation<\/h2>\n\n\n\n<ul class=\"wp-block-list\">\n<li>\ud83c\udfc6 <strong>D\u00e9velopper l\u2019autonomie et la responsabilisation<\/strong> : Apprendre \u00e0 faire des choix adapt\u00e9s et \u00e0 en assumer les cons\u00e9quences.<\/li>\n\n\n\n<li>\ud83c\udf31 <strong>Favoriser l\u2019\u00e9panouissement personnel<\/strong> : Encourager la d\u00e9couverte de ses go\u00fbts et centres d\u2019int\u00e9r\u00eat. <\/li>\n\n\n\n<li>\ud83c\udfd7\ufe0f <strong>Travailler la construction identitaire<\/strong> : Offrir un cadre bienveillant pour s\u2019affirmer tout en restant int\u00e9gr\u00e9. <\/li>\n\n\n\n<li>\ud83c\udf08 <strong>Valoriser la diversit\u00e9 des besoins<\/strong> : Comprendre que chaque enfant \u00e9volue \u00e0 son propre rythme. <\/li>\n\n\n\n<li>\ud83d\udcaa <strong>Renforcer la confiance en soi<\/strong> : Permettre \u00e0 l\u2019enfant d\u2019\u00eatre acteur de son quotidien.<\/li>\n\n\n\n<li>\ud83c\udfad <strong>Apprendre \u00e0 faire des choix<\/strong> : D\u00e9velopper la capacit\u00e9 \u00e0 d\u00e9cider en fonction de ses besoins et pr\u00e9f\u00e9rences.<\/li>\n<\/ul>\n<\/div>\n\n\n\n<div class=\"wp-block-column is-layout-flow wp-block-column-is-layout-flow\">\n<h2 class=\"wp-block-heading\">Variantes &#8211; am\u00e9nagement<\/h2>\n\n\n\n<ol class=\"wp-block-list\">\n<li>\ud83c\udfb2 <strong>Syst\u00e8me de choix quotidiens<\/strong> : Mettre en place un tableau o\u00f9 l\u2019enfant peut s\u00e9lectionner des d\u00e9cisions du quotidien (ex. : activit\u00e9, jeu, espace de travail, etc.). <\/li>\n\n\n\n<li>\ud83c\udfa8 <strong>Projets individuels<\/strong> : Encourager les jeunes \u00e0 mener des projets personnels (ex. : cr\u00e9er un dessin mural, organiser une mini-exposition). <\/li>\n\n\n\n<li>\ud83d\udecb\ufe0f <strong>Espace d\u00e9tente personnel<\/strong> : Am\u00e9nager un coin calme o\u00f9 chaque enfant peut se recentrer. <\/li>\n\n\n\n<li>\ud83d\udde3\ufe0f <strong>Temps de parole individuel<\/strong> : Pr\u00e9voir un moment hebdomadaire o\u00f9 l\u2019enfant peut s\u2019exprimer seul avec un adulte r\u00e9f\u00e9rent. <\/li>\n\n\n\n<li>\ud83c\udf89 <strong>Journ\u00e9e sp\u00e9ciale<\/strong> : Une journ\u00e9e o\u00f9 chaque enfant peut choisir une activit\u00e9 qui lui est d\u00e9di\u00e9e. <\/li>\n\n\n\n<li>\ud83c\udfc6 <strong>Rituel des r\u00e9ussites personnelles<\/strong> : Valoriser les progr\u00e8s individuels en mettant en avant leurs petites victoires.<br><\/li>\n<\/ol>\n<\/div>\n<\/div>\n\n\n\n<p>Des outils \u00e0 nous partager ?&nbsp;<a href=\"https:\/\/api-lux.be\/index.php\/contact\/\">Cliquez ici<\/a><\/p>\n","protected":false},"excerpt":{"rendered":"<p>\ud83e\ude84 Accompagner vers plus d\u2019autonomie et cultiver la singularit\u00e9 &#8211; Encourager les enfants et adolescents \u00e0 faire des choix personnels pour favoriser leur autonomie et leur d\u00e9veloppement.<\/p>\n","protected":false},"author":1,"featured_media":0,"comment_status":"closed","ping_status":"closed","sticky":false,"template":"","format":"standard","meta":{"iawp_total_views":0,"footnotes":""},"categories":[24,10,28,4,22,27,14,18,9,8,23,46,48,47,19,17,20,21],"tags":[],"class_list":["post-785","post","type-post","status-publish","format-standard","hentry","category-adaptation-des-apprentissages","category-amenagement-environnement","category-autonomie-et-responsabilisation","category-besoins","category-besoins-cognitifs","category-besoins-daccomplissement","category-besoins-dappartenance","category-besoins-destime","category-besoins-de-securite","category-bien-etre","category-communication","category-fiches-outils","category-fiches-outils-pour-les-aidants-proches","category-fiches-outils-pour-les-professionnels","category-gestion-des-emotions","category-inclusion-sociale-et-reseau-sociaux","category-individualisation","category-valorisation-confiance"],"_links":{"self":[{"href":"https:\/\/api-lux.be\/index.php\/wp-json\/wp\/v2\/posts\/785","targetHints":{"allow":["GET"]}}],"collection":[{"href":"https:\/\/api-lux.be\/index.php\/wp-json\/wp\/v2\/posts"}],"about":[{"href":"https:\/\/api-lux.be\/index.php\/wp-json\/wp\/v2\/types\/post"}],"author":[{"embeddable":true,"href":"https:\/\/api-lux.be\/index.php\/wp-json\/wp\/v2\/users\/1"}],"replies":[{"embeddable":true,"href":"https:\/\/api-lux.be\/index.php\/wp-json\/wp\/v2\/comments?post=785"}],"version-history":[{"count":10,"href":"https:\/\/api-lux.be\/index.php\/wp-json\/wp\/v2\/posts\/785\/revisions"}],"predecessor-version":[{"id":7711,"href":"https:\/\/api-lux.be\/index.php\/wp-json\/wp\/v2\/posts\/785\/revisions\/7711"}],"wp:attachment":[{"href":"https:\/\/api-lux.be\/index.php\/wp-json\/wp\/v2\/media?parent=785"}],"wp:term":[{"taxonomy":"category","embeddable":true,"href":"https:\/\/api-lux.be\/index.php\/wp-json\/wp\/v2\/categories?post=785"},{"taxonomy":"post_tag","embeddable":true,"href":"https:\/\/api-lux.be\/index.php\/wp-json\/wp\/v2\/tags?post=785"}],"curies":[{"name":"wp","href":"https:\/\/api.w.org\/{rel}","templated":true}]}}