{"id":784,"date":"2025-02-14T11:36:55","date_gmt":"2025-02-14T10:36:55","guid":{"rendered":"http:\/\/localhost\/mdi_w\/?p=784"},"modified":"2025-07-01T13:42:04","modified_gmt":"2025-07-01T11:42:04","slug":"equite-nest-pas-egalite","status":"publish","type":"post","link":"https:\/\/api-lux.be\/index.php\/2025\/02\/14\/equite-nest-pas-egalite\/","title":{"rendered":"\u00c9quit\u00e9 n&rsquo;est pas \u00e9galit\u00e9: adaptation individuelle"},"content":{"rendered":"\n<div class=\"wp-block-columns is-layout-flex wp-container-core-columns-is-layout-9d6595d7 wp-block-columns-is-layout-flex\">\n<div class=\"wp-block-column is-layout-flow wp-block-column-is-layout-flow\">\n<figure class=\"wp-block-image size-full is-resized\"><img loading=\"lazy\" decoding=\"async\" width=\"268\" height=\"188\" src=\"https:\/\/api-lux.be\/wp-content\/uploads\/2025\/02\/download-1-1.jpeg\" alt=\"\" class=\"wp-image-3985\" style=\"width:403px;height:auto\"\/><\/figure>\n<\/div>\n\n\n\n<div class=\"wp-block-column is-layout-flow wp-block-column-is-layout-flow\">\n<p>\ud83e\ude84 <strong>Accompagner vers plus d\u2019autonomie et cultiver la singularit\u00e9<\/strong> &#8211; L\u2019\u00e9quit\u00e9, c\u2019est donner \u00e0 chaque personne ce dont elle a vraiment besoin pour r\u00e9ussir, plut\u00f4t que de traiter tout le monde de la m\u00eame mani\u00e8re. Chacun a des besoins diff\u00e9rents et il faut les prendre en compte pour l\u2019aider au mieux.<\/p>\n\n\n\n<!--more-->\n\n\n\n<h2 class=\"wp-block-heading\">\u00c2ge cible<\/h2>\n\n\n\n<p>De 0 \u00e0 23 ans.<\/p>\n<\/div>\n<\/div>\n\n\n\n<h2 class=\"wp-block-heading\">Descriptif de l&rsquo;outil<\/h2>\n\n\n\n<p>\u2696\ufe0f <strong>L\u2019\u00e9quit\u00e9<\/strong> : Ce concept repose sur l&rsquo;id\u00e9e d&rsquo;adapter le soutien et les ressources aux besoins sp\u00e9cifiques de chaque personne. Contrairement \u00e0 l&rsquo;\u00e9galit\u00e9, qui consiste \u00e0 offrir la m\u00eame chose \u00e0 tous, l\u2019\u00e9quit\u00e9 vise \u00e0 donner \u00e0 chacun ce qu\u2019il lui faut pour r\u00e9ussir, en fonction de ses d\u00e9fis et de ses ressources.<br>\ud83d\udc6b <strong>Respect des diff\u00e9rences<\/strong> : L\u2019\u00e9quit\u00e9 reconna\u00eet que chaque individu est unique, avec des besoins, des capacit\u00e9s et des parcours diff\u00e9rents. Il est donc essentiel d\u2019ajuster le soutien pour favoriser l\u2019inclusion et la r\u00e9ussite de tous.<\/p>\n\n\n\n<p><strong>\ud83d\udca1 Exemple concret du quotidien<\/strong><br>Imaginons un jeune de 10 ans, porteur d\u2019une d\u00e9ficience intellectuelle, qui a des difficult\u00e9s \u00e0 comprendre et \u00e0 retenir l\u2019information de mani\u00e8re traditionnelle \u00e0 l&rsquo;\u00e9cole. Si on applique <strong>l\u2019\u00e9galit\u00e9<\/strong>, ce jeune recevrait les m\u00eames supports p\u00e9dagogiques et les m\u00eames m\u00e9thodes d\u2019enseignement que ses camarades, sans tenir compte de ses besoins particuliers. Par contre, si on applique <strong>l\u2019\u00e9quit\u00e9<\/strong>, l\u2019\u00e9cole pourrait offrir des adaptations sp\u00e9cifiques pour l\u2019aider \u00e0 apprendre dans les meilleures conditions possibles. Par exemple: des supports visuels, du temps suppl\u00e9mentaire pour son travail scolaire, un accompagnement personnalis\u00e9 par un adulte, des m\u00e9thode alternatives d&rsquo;apprentissage, etc. <\/p>\n\n\n\n<p>Ces adaptations permettent de garantir que ce jeune ait les m\u00eames chances de succ\u00e8s que ses camarades, m\u00eame s&rsquo;il a des besoins diff\u00e9rents. Il pourrait alors atteindre son plein potentiel dans un environnement qui r\u00e9pond \u00e0 ses besoins sp\u00e9cifiques, tout en lui offrant des opportunit\u00e9s comparables.<\/p>\n\n\n\n<p>L\u2019id\u00e9e de l\u2019\u00e9quit\u00e9 est donc de compenser les in\u00e9galit\u00e9s de d\u00e9part pour permettre \u00e0 chacun d\u2019atteindre un niveau similaire de r\u00e9ussite. \ud83d\udc69\u200d\ud83c\udfeb\ud83d\udc66<\/p>\n\n\n\n<div class=\"wp-block-columns is-layout-flex wp-container-core-columns-is-layout-9d6595d7 wp-block-columns-is-layout-flex\">\n<div class=\"wp-block-column is-layout-flow wp-block-column-is-layout-flow\">\n<h2 class=\"wp-block-heading\">Objectif(s) d&rsquo;utilisation<\/h2>\n\n\n\n<ul class=\"wp-block-list\">\n<li>\ud83d\udd04 <strong>Adapter les outils<\/strong> : Fournir \u00e0 chaque personne les outils et le soutien dont elle a besoin, selon ses difficult\u00e9s sp\u00e9cifiques.<\/li>\n\n\n\n<li>\ud83e\udd1d <strong>Soutien personnalis\u00e9<\/strong> : Apporter un accompagnement qui tient compte des besoins individuels pour aider \u00e0 surmonter les obstacles.<\/li>\n\n\n\n<li>\ud83c\udf31 <strong>Respect des diff\u00e9rences<\/strong> : Promouvoir la prise en compte des particularit\u00e9s de chaque individu pour permettre \u00e0 tous de r\u00e9ussir.<\/li>\n\n\n\n<li>\ud83d\ude80 <strong>Faciliter l\u2019acc\u00e8s \u00e0 la r\u00e9ussite<\/strong> : Garantir que chacun dispose des ressources n\u00e9cessaires pour progresser et atteindre ses objectifs, ind\u00e9pendamment de ses points de d\u00e9part.<\/li>\n<\/ul>\n<\/div>\n\n\n\n<div class=\"wp-block-column is-layout-flow wp-block-column-is-layout-flow\">\n<h2 class=\"wp-block-heading\">Variantes &#8211; am\u00e9nagement<\/h2>\n\n\n\n<ol class=\"wp-block-list\">\n<li>\ud83c\udfb2 <strong>Soutien flexible<\/strong> : Offrir des supports diff\u00e9rents selon les styles d\u2019apprentissage (visuel, auditif, kinesth\u00e9sique, etc.). Par exemple, fournir des livres audio pour ceux qui ont des difficult\u00e9s \u00e0 lire ou des supports visuels pour ceux qui apprennent mieux par l&rsquo;image.<\/li>\n\n\n\n<li>\ud83e\uddd1\u200d\ud83c\udfeb <strong>Accompagnement diff\u00e9renci\u00e9<\/strong> : Organiser des s\u00e9ances en petits groupes selon les besoins sp\u00e9cifiques des participants, pour offrir un soutien plus personnalis\u00e9.<\/li>\n\n\n\n<li>\ud83c\udf1f <strong>Cr\u00e9ation de parcours individualis\u00e9s<\/strong> : \u00c9laborer des parcours d\u2019apprentissage qui tiennent compte des comp\u00e9tences, des int\u00e9r\u00eats et des besoins de chacun, pour maximiser leur engagement et leur succ\u00e8s.<br><br><\/li>\n<\/ol>\n<\/div>\n<\/div>\n\n\n\n<h2 class=\"wp-block-heading\">Liens utiles<\/h2>\n\n\n\n<p><br>\ud83c\udfa5 <strong>VIDEO: <\/strong><em>\u00a0\u00bb<a href=\"https:\/\/www.youtube.com\/watch?v=Nr1K7NjNV1E\" target=\"_blank\" rel=\"noreferrer noopener\">Egalit\u00e9 vs \u00e9quit\u00e9&rsquo;<\/a>&lsquo;<\/em> (Olga MT &#8211; 3:04)<br><\/p>\n\n\n\n<p>Des outils \u00e0 nous partager ?&nbsp;<a href=\"https:\/\/api-lux.be\/index.php\/contact\/\">Cliquez ici<\/a><\/p>\n","protected":false},"excerpt":{"rendered":"<p>\ud83e\ude84 Accompagner vers plus d\u2019autonomie et cultiver la singularit\u00e9 &#8211; L\u2019\u00e9quit\u00e9, c\u2019est donner \u00e0 chaque personne ce dont elle a vraiment besoin pour r\u00e9ussir, plut\u00f4t que de traiter tout le [&hellip;]<\/p>\n","protected":false},"author":1,"featured_media":0,"comment_status":"closed","ping_status":"closed","sticky":false,"template":"","format":"standard","meta":{"iawp_total_views":1,"footnotes":""},"categories":[24,10,28,4,22,27,18,9,5,8,12,46,48,47,20,26,29,6,21],"tags":[],"class_list":["post-784","post","type-post","status-publish","format-standard","hentry","category-adaptation-des-apprentissages","category-amenagement-environnement","category-autonomie-et-responsabilisation","category-besoins","category-besoins-cognitifs","category-besoins-daccomplissement","category-besoins-destime","category-besoins-de-securite","category-besoins-physiologiques","category-bien-etre","category-cadre-et-limites","category-fiches-outils","category-fiches-outils-pour-les-aidants-proches","category-fiches-outils-pour-les-professionnels","category-individualisation","category-outils-pedagogiques-pour-les-pro","category-projection","category-sante-alimentation-sommeil-hygiene","category-valorisation-confiance"],"_links":{"self":[{"href":"https:\/\/api-lux.be\/index.php\/wp-json\/wp\/v2\/posts\/784","targetHints":{"allow":["GET"]}}],"collection":[{"href":"https:\/\/api-lux.be\/index.php\/wp-json\/wp\/v2\/posts"}],"about":[{"href":"https:\/\/api-lux.be\/index.php\/wp-json\/wp\/v2\/types\/post"}],"author":[{"embeddable":true,"href":"https:\/\/api-lux.be\/index.php\/wp-json\/wp\/v2\/users\/1"}],"replies":[{"embeddable":true,"href":"https:\/\/api-lux.be\/index.php\/wp-json\/wp\/v2\/comments?post=784"}],"version-history":[{"count":9,"href":"https:\/\/api-lux.be\/index.php\/wp-json\/wp\/v2\/posts\/784\/revisions"}],"predecessor-version":[{"id":7710,"href":"https:\/\/api-lux.be\/index.php\/wp-json\/wp\/v2\/posts\/784\/revisions\/7710"}],"wp:attachment":[{"href":"https:\/\/api-lux.be\/index.php\/wp-json\/wp\/v2\/media?parent=784"}],"wp:term":[{"taxonomy":"category","embeddable":true,"href":"https:\/\/api-lux.be\/index.php\/wp-json\/wp\/v2\/categories?post=784"},{"taxonomy":"post_tag","embeddable":true,"href":"https:\/\/api-lux.be\/index.php\/wp-json\/wp\/v2\/tags?post=784"}],"curies":[{"name":"wp","href":"https:\/\/api.w.org\/{rel}","templated":true}]}}