{"id":781,"date":"2025-02-14T11:36:55","date_gmt":"2025-02-14T10:36:55","guid":{"rendered":"http:\/\/localhost\/mdi_w\/?p=781"},"modified":"2025-07-01T13:41:37","modified_gmt":"2025-07-01T11:41:37","slug":"lecharpe-relationnelle-de-la-methode-e-s-p-e-r-e-jacques-salome","status":"publish","type":"post","link":"https:\/\/api-lux.be\/index.php\/2025\/02\/14\/lecharpe-relationnelle-de-la-methode-e-s-p-e-r-e-jacques-salome\/","title":{"rendered":"M\u00e9thode E.S.P.E.R.E.\u00ae &#8211; L&rsquo;\u00e9charpe relationnelle"},"content":{"rendered":"\n<div class=\"wp-block-columns is-layout-flex wp-container-core-columns-is-layout-9d6595d7 wp-block-columns-is-layout-flex\">\n<div class=\"wp-block-column is-layout-flow wp-block-column-is-layout-flow\"><div class=\"wp-block-image\">\n<figure class=\"aligncenter size-full is-resized\"><img loading=\"lazy\" decoding=\"async\" width=\"400\" height=\"647\" src=\"https:\/\/api-lux.be\/wp-content\/uploads\/2025\/02\/La-Methode-ESPERE.jpg\" alt=\"\" class=\"wp-image-4120\" style=\"width:192px;height:auto\" srcset=\"https:\/\/api-lux.be\/wp-content\/uploads\/2025\/02\/La-Methode-ESPERE.jpg 400w, https:\/\/api-lux.be\/wp-content\/uploads\/2025\/02\/La-Methode-ESPERE-185x300.jpg 185w\" sizes=\"auto, (max-width: 400px) 100vw, 400px\" \/><\/figure>\n<\/div><\/div>\n\n\n\n<div class=\"wp-block-column is-layout-flow wp-block-column-is-layout-flow\">\n<p>\ud83e\uddd1\u200d\u2695\ufe0f <strong>Outil professionnel d\u2019accompagnement sp\u00e9cialis\u00e9<\/strong>&nbsp;&#8211; L\u2019\u00e9charpe relationnelle est un outil concret qui sert \u00e0 enseigner les principes de base \u00e0 l\u2019\u0153uvre dans toute communication et dans toute relation.<\/p>\n\n\n\n<!--more-->\n\n\n\n<h2 class=\"wp-block-heading\">\u00c2ge cible<\/h2>\n\n\n\n<p>De 6 \u00e0 23 ans.<\/p>\n<\/div>\n<\/div>\n\n\n\n<h2 class=\"wp-block-heading\">Descriptif de l&rsquo;outil<\/h2>\n\n\n\n<p>La <strong>M\u00e9thode ESPERE\u00ae<\/strong> (\u00c9nergie Sp\u00e9cifique Pour une \u00c9cologie Relationnelle Essentielle) de Jacques Salom\u00e9, est une approche qui permet de <strong>mieux comprendre et am\u00e9liorer nos relations<\/strong> gr\u00e2ce \u00e0 des outils simples et concrets.<br><strong>Jacques Salom\u00e9<\/strong> est un <strong>psychosociologue, \u00e9crivain et formateur fran\u00e7ais<\/strong>, n\u00e9 en 1935. Il est surtout connu pour ses travaux en <strong>communication interpersonnelle<\/strong>, notamment dans les domaines de la famille, du couple, de l\u2019\u00e9ducation et du d\u00e9veloppement personnel.<\/p>\n\n\n\n<p>Il a cr\u00e9\u00e9 la m\u00e9thode <strong>ESPERE\u00ae<\/strong> (\u00c9nergie Sp\u00e9cifique Pour une \u00c9cologie Relationnelle Essentielle), qui propose des outils concrets pour mieux g\u00e9rer les relations humaines et pr\u00e9venir les conflits en favorisant une communication claire, respectueuse et responsable.<\/p>\n\n\n\n<p>\ud83d\udccc <strong>Quelques principes cl\u00e9s de la M\u00e9thode ESPERE\u00ae<\/strong> :<\/p>\n\n\n\n<ul class=\"wp-block-list\">\n<li><a href=\"https:\/\/api-lux.be\/index.php\/2025\/03\/31\/methode-e-s-p-e-r-e-les-batons-de-parole\/\" data-type=\"link\" data-id=\"https:\/\/api-lux.be\/index.php\/2025\/03\/31\/methode-e-s-p-e-r-e-les-batons-de-parole\/\" target=\"_blank\" rel=\"noreferrer noopener\"><strong>Les b\u00e2tons de parole<\/strong> \ud83d\udde3\ufe0f :<\/a> permettent une communication plus \u00e9quilibr\u00e9e et respectueuse.<\/li>\n\n\n\n<li><a href=\"https:\/\/api-lux.be\/index.php\/2025\/03\/31\/methode-e-s-p-e-r-e-lecharpe-relationnelle\/\" data-type=\"link\" data-id=\"https:\/\/api-lux.be\/index.php\/2025\/03\/31\/methode-e-s-p-e-r-e-lecharpe-relationnelle\/\" target=\"_blank\" rel=\"noreferrer noopener\"><strong>Les objets symboliques<\/strong> \ud83c\udfe1\ud83c\udfad :<\/a> : aident \u00e0 mieux exprimer ses \u00e9motions et \u00e0 clarifier les situations relationnelles.<\/li>\n\n\n\n<li><strong>Le principe de non-toxicit\u00e9 relationnelle<\/strong> \ud83d\udeab : \u00e9viter la violence verbale, le non-respect et les relations toxiques.<\/li>\n<\/ul>\n\n\n\n<p>Cette m\u00e9thode est particuli\u00e8rement utile pour am\u00e9liorer la communication en famille, en couple, avec les enfants, ou m\u00eame dans un cadre professionnel.<\/p>\n\n\n\n<hr class=\"wp-block-separator has-alpha-channel-opacity\"\/>\n\n\n\n<h4 class=\"wp-block-heading\">1\ufe0f\u20e3  Qu\u2019est-ce que l\u2019\u00e9charpe relationnelle ?<\/h4>\n\n\n\n<p>L\u2019\u00e9charpe relationnelle est une <strong>m\u00e9taphore visuelle<\/strong> pour symboliser le lien qui unit deux personnes dans une relation. Elle met en \u00e9vidence que :<\/p>\n\n\n\n<ul class=\"wp-block-list\">\n<li>Chaque individu est <strong>responsable de sa partie<\/strong> de la relation.<\/li>\n\n\n\n<li>La relation est distincte des personnes qui la composent.<\/li>\n\n\n\n<li>Pour qu\u2019une relation fonctionne bien, elle doit \u00eatre <strong>\u00e9quilibr\u00e9e et nourrie positivement<\/strong>.<\/li>\n<\/ul>\n\n\n\n<p><strong>Visualisation<\/strong> : Imagine une \u00e9charpe que deux personnes tiennent chacune d\u2019un c\u00f4t\u00e9. Si l\u2019un tire trop fort ou la l\u00e2che, la relation est d\u00e9s\u00e9quilibr\u00e9e.<\/p>\n\n\n\n<hr class=\"wp-block-separator has-alpha-channel-opacity\"\/>\n\n\n\n<h4 class=\"wp-block-heading\"><strong>2\ufe0f\u20e3  Comment fonctionne l\u2019\u00e9charpe relationnelle ?<\/strong><\/h4>\n\n\n\n<ol class=\"wp-block-list\">\n<li>\u2728 <strong>Prendre conscience du lien: <\/strong>lorsqu&rsquo;on entre en relation avec quelqu&rsquo;un, une connexion se cr\u00e9e, repr\u00e9sent\u00e9e par l&rsquo;\u00e9charpe. Une personne tient une extr\u00e9mit\u00e9.<br><strong>Exemple<\/strong> : Une m\u00e8re et son enfant ont une \u00e9charpe relationnelle. La m\u00e8re tient un c\u00f4t\u00e9 et l\u2019enfant l\u2019autre.<\/li>\n\n\n\n<li>\u2728 <strong>Chacun est responsable de sa partie<\/strong>: nous ne pouvons pas contr\u00f4ler ce que l\u2019autre fait avec sa partie de l\u2019\u00e9charpe, mais nous pouvons g\u00e9rer la n\u00f4tre. Cela signifie <strong>prendre soin de la relation sans envahir l\u2019autre<\/strong>.<br><strong>Exemple<\/strong> : Dans un couple, si une personne se sent ignor\u00e9e, elle peut exprimer son ressenti sans accuser l\u2019autre, mais plut\u00f4t en <strong>prenant soin de sa partie<\/strong> (en verbalisant ses besoins plut\u00f4t que d\u2019attendre que l\u2019autre devine).<\/li>\n\n\n\n<li>\u2728 <strong>Entretenir la relation<\/strong>: comme une \u00e9charpe, une relation peut <strong>s\u2019user, se froisser ou m\u00eame se rompre<\/strong> si elle est mal entretenue. Il est donc important de nourrir les \u00e9changes avec <strong>des mots positifs, de l\u2019\u00e9coute et du respect<\/strong>.<br><strong>Exemple<\/strong> : Un enseignant et un \u00e9l\u00e8ve ont une relation p\u00e9dagogique. Si l\u2019un des deux d\u00e9laisse sa part (manque d\u2019int\u00e9r\u00eat, manque de respect), l\u2019\u00e9charpe relationnelle s\u2019affaiblit.<\/li>\n<\/ol>\n\n\n\n<hr class=\"wp-block-separator has-alpha-channel-opacity\"\/>\n\n\n\n<h4 class=\"wp-block-heading\"><strong>3\ufe0f\u20e3  L\u2019\u00e9charpe relationnelle dans la communication<\/strong><\/h4>\n\n\n\n<p><strong>\ud83d\udcac  Utilisation en pratique: <\/strong><\/p>\n\n\n\n<ol class=\"wp-block-list\">\n<li><strong>Prendre conscience du lien<\/strong> : Imaginer ou mat\u00e9rialiser une \u00e9charpe entre soi et l\u2019autre.<\/li>\n\n\n\n<li><strong>Exprimer ses besoins sans accuser<\/strong> : \u00ab\u00a0J\u2019ai besoin de&#8230;\u00a0\u00bb, plut\u00f4t que \u00ab\u00a0Tu ne fais jamais&#8230;\u00a0\u00bb<\/li>\n\n\n\n<li><strong>Respecter l\u2019autre sans envahir<\/strong> : Ne pas tirer trop fort sur l\u2019\u00e9charpe en imposant ses attentes.<\/li>\n\n\n\n<li><strong>Savoir dire STOP<\/strong> \ud83d\udea6 : Parfois, il est n\u00e9cessaire de <strong>poser des limites<\/strong> pour \u00e9viter une relation toxique ou d\u00e9s\u00e9quilibr\u00e9e.<\/li>\n<\/ol>\n\n\n\n<hr class=\"wp-block-separator has-alpha-channel-opacity\"\/>\n\n\n\n<div class=\"wp-block-columns is-layout-flex wp-container-core-columns-is-layout-9d6595d7 wp-block-columns-is-layout-flex\">\n<div class=\"wp-block-column is-layout-flow wp-block-column-is-layout-flow\">\n<h2 class=\"wp-block-heading\">Objectif(s) d&rsquo;utilisation<\/h2>\n\n\n\n<ul class=\"wp-block-list\">\n<li>\ud83c\udf31 <strong>Apprendre \u00e0 communiquer de mani\u00e8re saine et respectueuse<\/strong> : La m\u00e9thode enseigne des <strong>principes pour g\u00e9rer ses \u00e9motions<\/strong> et son langage dans les \u00e9changes, favorisant ainsi une <strong>communication positive<\/strong>.<\/li>\n\n\n\n<li>\ud83e\udde0 <strong>Prendre soin de ce que l\u2019on exprime<\/strong> : Encourager \u00e0 prendre <strong>responsabilit\u00e9<\/strong> de ses paroles et \u00e0 \u00eatre attentif \u00e0 leur impact sur l\u2019autre.<\/li>\n\n\n\n<li>\ud83d\udcac <strong>Am\u00e9liorer la qualit\u00e9 des \u00e9changes<\/strong> : Donner aux <strong>professionnels des outils simples<\/strong> pour renforcer la clart\u00e9 et la bienveillance dans les conversations quotidiennes.<\/li>\n\n\n\n<li>\u2696\ufe0f <strong>Construire des relations \u00e9quilibr\u00e9es<\/strong> : Encourager la <strong>r\u00e9flexion sur l&rsquo;impact de ses gestes et mots<\/strong> dans l\u2019interaction. Cela permet d&rsquo;\u00e9viter les jugements ou reproches directs et de cr\u00e9er un environnement relationnel plus serein et harmonieux.<\/li>\n\n\n\n<li>\ud83c\udf0d <strong>Communiquer sans jugement<\/strong> : La m\u00e9thode incite \u00e0 parler sans <strong>critiquer ou juger<\/strong>, m\u00eame dans des situations difficiles, et \u00e0 \u00e9viter l&rsquo;escalade des conflits en reformulant les propos.<\/li>\n<\/ul>\n<\/div>\n\n\n\n<div class=\"wp-block-column is-layout-flow wp-block-column-is-layout-flow\">\n<h2 class=\"wp-block-heading\">Liens utiles<\/h2>\n\n\n\n<p>\ud83c\udf10 <strong>Site officiel de l\u2019Institut ESPERE\u00ae<\/strong> : <a href=\"https:\/\/www.institut-espere.com\/methode-espere-24-l-echarpe-relationnelle.php\" target=\"_blank\" rel=\"noreferrer noopener\">https:\/\/www.institut-espere.com\/methode-espere-24-l-echarpe-relationnelle.php<\/a><br><br>\ud83c\udfa5 <strong>VIDEO explicative pour aller plus loin<\/strong> (Youtube- iciprod &#8211; 05:29): <em><a href=\"https:\/\/www.youtube.com\/watch?v=PKZZmBD1Rfs\" target=\"_blank\" rel=\"noreferrer noopener\">l\u2019\u00e9charpe relationnelle<\/a><\/em><br><\/p>\n\n\n\n<h2 class=\"wp-block-heading\">Variantes &#8211; am\u00e9nagement<\/h2>\n\n\n\n<p>\ud83d\udcda <strong>Formation<\/strong> : Bien qu&rsquo;il soit possible d&rsquo;utiliser l\u2019\u00e9charpe relationnelle apr\u00e8s une br\u00e8ve introduction, il est recommand\u00e9 de suivre une <strong>formation compl\u00e8te<\/strong> \u00e0 la m\u00e9thode ESPERE\u00ae pour en ma\u00eetriser tous les aspects et en tirer pleinement profit. Une telle formation permet aux professionnels d&rsquo;int\u00e9grer cette approche dans leur pratique quotidienne, pour une meilleure gestion des \u00e9changes et des relations interpersonnelles.<\/p>\n<\/div>\n<\/div>\n\n\n\n<p>Des outils \u00e0 nous partager ?&nbsp;<a href=\"https:\/\/api-lux.be\/index.php\/contact\/\">Cliquez ici<\/a><\/p>\n","protected":false},"excerpt":{"rendered":"<p>\ud83e\uddd1\u200d\u2695\ufe0f Outil professionnel d\u2019accompagnement sp\u00e9cialis\u00e9&nbsp;&#8211; L\u2019\u00e9charpe relationnelle est un outil concret qui sert \u00e0 enseigner les principes de base \u00e0 l\u2019\u0153uvre dans toute communication et dans toute relation.<\/p>\n","protected":false},"author":1,"featured_media":0,"comment_status":"closed","ping_status":"closed","sticky":false,"template":"","format":"standard","meta":{"iawp_total_views":268,"footnotes":""},"categories":[4,22,14,18,23,15,46,48,47,19,17,20,25,26,16],"tags":[],"class_list":["post-781","post","type-post","status-publish","format-standard","hentry","category-besoins","category-besoins-cognitifs","category-besoins-dappartenance","category-besoins-destime","category-communication","category-famille-et-milieu-de-vie","category-fiches-outils","category-fiches-outils-pour-les-aidants-proches","category-fiches-outils-pour-les-professionnels","category-gestion-des-emotions","category-inclusion-sociale-et-reseau-sociaux","category-individualisation","category-materiel-specifique","category-outils-pedagogiques-pour-les-pro","category-vie-affective"],"_links":{"self":[{"href":"https:\/\/api-lux.be\/index.php\/wp-json\/wp\/v2\/posts\/781","targetHints":{"allow":["GET"]}}],"collection":[{"href":"https:\/\/api-lux.be\/index.php\/wp-json\/wp\/v2\/posts"}],"about":[{"href":"https:\/\/api-lux.be\/index.php\/wp-json\/wp\/v2\/types\/post"}],"author":[{"embeddable":true,"href":"https:\/\/api-lux.be\/index.php\/wp-json\/wp\/v2\/users\/1"}],"replies":[{"embeddable":true,"href":"https:\/\/api-lux.be\/index.php\/wp-json\/wp\/v2\/comments?post=781"}],"version-history":[{"count":8,"href":"https:\/\/api-lux.be\/index.php\/wp-json\/wp\/v2\/posts\/781\/revisions"}],"predecessor-version":[{"id":7708,"href":"https:\/\/api-lux.be\/index.php\/wp-json\/wp\/v2\/posts\/781\/revisions\/7708"}],"wp:attachment":[{"href":"https:\/\/api-lux.be\/index.php\/wp-json\/wp\/v2\/media?parent=781"}],"wp:term":[{"taxonomy":"category","embeddable":true,"href":"https:\/\/api-lux.be\/index.php\/wp-json\/wp\/v2\/categories?post=781"},{"taxonomy":"post_tag","embeddable":true,"href":"https:\/\/api-lux.be\/index.php\/wp-json\/wp\/v2\/tags?post=781"}],"curies":[{"name":"wp","href":"https:\/\/api.w.org\/{rel}","templated":true}]}}