{"id":780,"date":"2025-02-14T11:36:55","date_gmt":"2025-02-14T10:36:55","guid":{"rendered":"http:\/\/localhost\/mdi_w\/?p=780"},"modified":"2025-07-01T13:41:07","modified_gmt":"2025-07-01T11:41:07","slug":"site-internet-papa-positive","status":"publish","type":"post","link":"https:\/\/api-lux.be\/index.php\/2025\/02\/14\/site-internet-papa-positive\/","title":{"rendered":"Site internet : \u00ab\u00a0Papa positive !\u00a0\u00bb"},"content":{"rendered":"\n<div class=\"wp-block-columns is-layout-flex wp-container-core-columns-is-layout-9d6595d7 wp-block-columns-is-layout-flex\">\n<div class=\"wp-block-column is-layout-flow wp-block-column-is-layout-flow\"><div class=\"wp-block-image\">\n<figure class=\"aligncenter size-full is-resized\"><img decoding=\"async\" src=\"https:\/\/api-lux.be\/wp-content\/uploads\/2025\/02\/papa_positive.jpg\" alt=\" \" class=\"wp-image-202\" style=\"width:352px;height:auto\"\/><\/figure>\n<\/div><\/div>\n\n\n\n<div class=\"wp-block-column is-layout-flow wp-block-column-is-layout-flow\">\n<p>\ud83c\udfe2 <strong>RESSOURCE VARIEE<\/strong>  &#8211; D\u00e9di\u00e9 \u00e0 la parentalit\u00e9 bienveillante, il propose des conseils, des outils et des ressources pratiques pour aider les parents \u00e0 mieux comprendre et accompagner leurs enfants.<\/p>\n\n\n\n<!--more-->\n\n\n\n<h2 class=\"wp-block-heading\">\u00c2ge cible<\/h2>\n\n\n\n<p>De 0 \u00e0 23 ans.<\/p>\n<\/div>\n<\/div>\n\n\n\n<div class=\"wp-block-columns is-layout-flex wp-container-core-columns-is-layout-9d6595d7 wp-block-columns-is-layout-flex\">\n<div class=\"wp-block-column is-layout-flow wp-block-column-is-layout-flow\">\n<h2 class=\"wp-block-heading\">Descriptif de l&rsquo;outil<\/h2>\n\n\n\n<p>\ud83d\udca1 <strong>Papa Positive<\/strong> est un site d\u00e9di\u00e9 aux parents et professionnels, proposant une <strong>approche bienveillante<\/strong> de l&rsquo;\u00e9ducation, centr\u00e9e sur l&rsquo;\u00e9coute et le respect. Il offre une <strong>panoplie de ressources<\/strong> telles que des articles, des guides pratiques, et des activit\u00e9s pour renforcer les liens familiaux et favoriser le d\u00e9veloppement \u00e9motionnel des enfants.<\/p>\n\n\n\n<p>\ud83d\udcda <strong>Le site aborde des th\u00e8mes essentiels<\/strong>  pour comprendre et soutenir la gestion des \u00e9motions, la communication non violente, et l&rsquo;\u00e9ducation sans stress. Il aide les parents \u00e0 comprendre les besoins de leurs enfants et \u00e0 adopter des pratiques \u00e9ducatives bas\u00e9es sur l\u2019empathie et la coop\u00e9ration.<\/p>\n\n\n\n<p>\ud83c\udfa5 <strong>Papa Positive<\/strong> propose \u00e9galement des vid\u00e9os et des conseils visuels pour <strong>illustrer la bienveillance au quotidien<\/strong> et favoriser des \u00e9changes plus positifs dans la famille.<\/p>\n<\/div>\n\n\n\n<div class=\"wp-block-column is-layout-flow wp-block-column-is-layout-flow\">\n<h2 class=\"wp-block-heading\">Objectif(s) d&rsquo;utilisation<\/h2>\n\n\n\n<ul class=\"wp-block-list\">\n<li>\ud83d\udc68\u200d\ud83d\udc69\u200d\ud83d\udc67\u200d\ud83d\udc66 <strong>Accompagner les parents dans leur parcours \u00e9ducatif<\/strong> : Offrir des <strong>outils pratiques<\/strong> pour \u00e9lever les enfants dans un environnement sain, respectueux et bienveillant.<\/li>\n\n\n\n<li>\ud83d\udcac <strong>Favoriser une communication respectueuse<\/strong> : Apprendre aux parents \u00e0 instaurer un <strong>dialogue ouvert et empathique<\/strong> avec leurs enfants pour renforcer les liens familiaux.<\/li>\n\n\n\n<li>\ud83c\udf31 <strong>Soutenir le d\u00e9veloppement de l&rsquo;enfant<\/strong> : Proposer des ressources pour d\u00e9velopper l\u2019<strong>autonomie<\/strong>, la <strong>confiance<\/strong> en soi et l&rsquo;<strong>\u00e9panouissement<\/strong> des enfants.<\/li>\n\n\n\n<li>\ud83d\uded1 <strong>Promouvoir une \u00e9ducation sans violence<\/strong> : Sensibiliser les parents \u00e0 des <strong>pratiques \u00e9ducatives respectueuses<\/strong>, sans recourir \u00e0 des m\u00e9thodes coercitives.<\/li>\n<\/ul>\n<\/div>\n<\/div>\n\n\n\n<div class=\"wp-block-columns is-layout-flex wp-container-core-columns-is-layout-9d6595d7 wp-block-columns-is-layout-flex\">\n<div class=\"wp-block-column is-layout-flow wp-block-column-is-layout-flow\">\n<h2 class=\"wp-block-heading\">Liens utiles<\/h2>\n\n\n\n<p><strong>Site Internet de Papa Positive<\/strong> : <a href=\"https:\/\/papapositive.fr\/\" target=\"_blank\" rel=\"noreferrer noopener\">https:\/\/papapositive.fr\/<\/a><br><strong>Cha\u00eene YouTube de Papa Positive<\/strong> : <a href=\"https:\/\/www.youtube.com\/@papapositivefr\" target=\"_blank\" rel=\"noreferrer noopener\">https:\/\/www.youtube.com\/@papapositivefr<\/a><\/p>\n\n\n\n<p>\u00a9 2025\u00a0<a href=\"https:\/\/papapositive.fr\/\" target=\"_blank\" rel=\"noreferrer noopener\">PAPA POSITIVE !<\/a>.<\/p>\n<\/div>\n<\/div>\n\n\n\n<p>\ud83c\udf1f <strong>Un site riche en ressources pour accompagner la parentalit\u00e9 bienveillante et renforcer les liens familiaux.<\/strong> \ud83c\udf31\ud83d\udcac<\/p>\n\n\n\n<p>Des outils \u00e0 nous partager ?&nbsp;<a href=\"https:\/\/api-lux.be\/index.php\/contact\/\">Cliquez ici<\/a><\/p>\n","protected":false},"excerpt":{"rendered":"<p>\ud83c\udfe2 RESSOURCE VARIEE &#8211; D\u00e9di\u00e9 \u00e0 la parentalit\u00e9 bienveillante, il propose des conseils, des outils et des ressources pratiques pour aider les parents \u00e0 mieux comprendre et accompagner leurs enfants.<\/p>\n","protected":false},"author":1,"featured_media":0,"comment_status":"closed","ping_status":"closed","sticky":false,"template":"","format":"standard","meta":{"iawp_total_views":23,"footnotes":""},"categories":[24,10,4,22,14,18,9,12,13,15,46,48,47,19,25,26],"tags":[],"class_list":["post-780","post","type-post","status-publish","format-standard","hentry","category-adaptation-des-apprentissages","category-amenagement-environnement","category-besoins","category-besoins-cognitifs","category-besoins-dappartenance","category-besoins-destime","category-besoins-de-securite","category-cadre-et-limites","category-coherence","category-famille-et-milieu-de-vie","category-fiches-outils","category-fiches-outils-pour-les-aidants-proches","category-fiches-outils-pour-les-professionnels","category-gestion-des-emotions","category-materiel-specifique","category-outils-pedagogiques-pour-les-pro"],"_links":{"self":[{"href":"https:\/\/api-lux.be\/index.php\/wp-json\/wp\/v2\/posts\/780","targetHints":{"allow":["GET"]}}],"collection":[{"href":"https:\/\/api-lux.be\/index.php\/wp-json\/wp\/v2\/posts"}],"about":[{"href":"https:\/\/api-lux.be\/index.php\/wp-json\/wp\/v2\/types\/post"}],"author":[{"embeddable":true,"href":"https:\/\/api-lux.be\/index.php\/wp-json\/wp\/v2\/users\/1"}],"replies":[{"embeddable":true,"href":"https:\/\/api-lux.be\/index.php\/wp-json\/wp\/v2\/comments?post=780"}],"version-history":[{"count":8,"href":"https:\/\/api-lux.be\/index.php\/wp-json\/wp\/v2\/posts\/780\/revisions"}],"predecessor-version":[{"id":7707,"href":"https:\/\/api-lux.be\/index.php\/wp-json\/wp\/v2\/posts\/780\/revisions\/7707"}],"wp:attachment":[{"href":"https:\/\/api-lux.be\/index.php\/wp-json\/wp\/v2\/media?parent=780"}],"wp:term":[{"taxonomy":"category","embeddable":true,"href":"https:\/\/api-lux.be\/index.php\/wp-json\/wp\/v2\/categories?post=780"},{"taxonomy":"post_tag","embeddable":true,"href":"https:\/\/api-lux.be\/index.php\/wp-json\/wp\/v2\/tags?post=780"}],"curies":[{"name":"wp","href":"https:\/\/api.w.org\/{rel}","templated":true}]}}