{"id":777,"date":"2025-02-14T11:36:55","date_gmt":"2025-02-14T10:36:55","guid":{"rendered":"http:\/\/localhost\/mdi_w\/?p=777"},"modified":"2025-07-01T13:40:09","modified_gmt":"2025-07-01T11:40:09","slug":"emotika-jeux","status":"publish","type":"post","link":"https:\/\/api-lux.be\/index.php\/2025\/02\/14\/emotika-jeux\/","title":{"rendered":"Emotika &#8211; jeu"},"content":{"rendered":"\n<div class=\"wp-block-columns is-layout-flex wp-container-core-columns-is-layout-9d6595d7 wp-block-columns-is-layout-flex\">\n<div class=\"wp-block-column is-layout-flow wp-block-column-is-layout-flow\"><div class=\"wp-block-image\">\n<figure class=\"aligncenter size-full is-resized\"><img loading=\"lazy\" decoding=\"async\" width=\"592\" height=\"350\" src=\"https:\/\/api-lux.be\/wp-content\/uploads\/2025\/02\/EMOTIKA-site.jpg\" alt=\"\" class=\"wp-image-2783\" style=\"width:381px;height:auto\" srcset=\"https:\/\/api-lux.be\/wp-content\/uploads\/2025\/02\/EMOTIKA-site.jpg 592w, https:\/\/api-lux.be\/wp-content\/uploads\/2025\/02\/EMOTIKA-site-300x177.jpg 300w\" sizes=\"auto, (max-width: 592px) 100vw, 592px\" \/><\/figure>\n<\/div><\/div>\n\n\n\n<div class=\"wp-block-column is-layout-flow wp-block-column-is-layout-flow\">\n<p>\ud83d\ude0c <strong>GESTION DES \u00c9MOTIONS<\/strong> &#8211; Outil ludop\u00e9dagogique pour am\u00e9liorer la sant\u00e9 \u00e9motionnelle des enfants.<\/p>\n\n\n\n<!--more-->\n\n\n\n<h2 class=\"wp-block-heading\">\u00c2ge cible<\/h2>\n\n\n\n<p>De 9 \u00e0 12 ans.<\/p>\n<\/div>\n<\/div>\n\n\n\n<h2 class=\"wp-block-heading\">Descriptif de l&rsquo;outil<\/h2>\n\n\n\n<p>\ud83c\udf92 EMOTIKA est un <strong>programme ludop\u00e9dagogique <\/strong>structur\u00e9 en 6 s\u00e9ances d\u2019animation. Le jeu se d\u00e9roule sur l\u2019archipel EMOTIKA constitu\u00e9 de 5 \u00eeles. Les enfants vont y&nbsp;<strong>d\u00e9couvrir leurs \u00e9motions<\/strong>&nbsp;en parcourant chaque \u00eele dans un univers d\u2019aventure, de myst\u00e8re, de pirates et de tr\u00e9sor ! Chaque s\u00e9ance permet d\u2019atteindre un objectif sp\u00e9cifique li\u00e9 au d\u00e9veloppement de l\u2019intelligence \u00e9motionnelle.<\/p>\n\n\n\n<p>\ud83c\udfeb <strong>Un cadre d\u2019utilisation vari\u00e9<\/strong> : Il est adapt\u00e9 aux \u00e9coles, aux espaces de loisirs et aux structures d\u2019aide \u00e0 la jeunesse.<\/p>\n\n\n\n<p>\ud83d\udcdc <strong>Cr\u00e9\u00e9 par le Centre Local de Promotion de la Sant\u00e9 de Charleroi-Thuin (CLPS-CT)<\/strong> : Cet outil a \u00e9t\u00e9 d\u00e9velopp\u00e9 pour soutenir les professionnels de l\u2019\u00e9ducation et de la sant\u00e9 dans l\u2019accompagnement des enfants vers une meilleure gestion de leurs \u00e9motions.<\/p>\n\n\n\n<p>\ud83d\udcc2 <strong>Des supports vari\u00e9s<\/strong> : EMOTIKA comprend des supports t\u00e9l\u00e9chargeables, des podcasts audio et des vid\u00e9os explicatives, disponibles sur demande aupr\u00e8s du CLPS-CT.<\/p>\n\n\n\n<div class=\"wp-block-columns is-layout-flex wp-container-core-columns-is-layout-9d6595d7 wp-block-columns-is-layout-flex\">\n<div class=\"wp-block-column is-layout-flow wp-block-column-is-layout-flow\">\n<h2 class=\"wp-block-heading\">Liens utiles<\/h2>\n\n\n\n<p>\ud83d\udce9 <strong>O\u00f9 se le procurer ?<\/strong> : <br>Les supports et vid\u00e9os peuvent \u00eatre obtenus en adressant une demande chez l&rsquo;\u00e9diteur: <a>coordination@clpsct.org<\/a>.<\/p>\n\n\n\n<p><strong>OU<\/strong> Centres de Ressources des CLPS wallons<br><a href=\"https:\/\/ressources.lesclps.org\/opac_css\/\" target=\"_blank\" rel=\"noreferrer noopener\">https:\/\/ressources.lesclps.org\/opac_css\/<\/a><\/p>\n\n\n\n<p><a href=\"https:\/\/www.clpsct.org\/wp-content\/uploads\/2021\/04\/GUIDE-PEDAGOGIQUE-EMOTIKA-A-IMPRIMER-RECTO-VERSO.pdf\" target=\"_blank\" rel=\"noreferrer noopener\">GUIDE P\u00c9DAGOGIQUE DU JEU<\/a>:<\/p>\n<\/div>\n\n\n\n<div class=\"wp-block-column is-layout-flow wp-block-column-is-layout-flow\">\n<h2 class=\"wp-block-heading\">Objectif(s) d&rsquo;utilisation<\/h2>\n\n\n\n<ul class=\"wp-block-list\">\n<li>\ud83e\udde0 <strong>D\u00e9velopper l\u2019intelligence \u00e9motionnelle des enfants<\/strong>.<\/li>\n\n\n\n<li>\ud83d\ude03 <strong>Reconnaissance des \u00e9motions<\/strong> : Identifier et nommer ses \u00e9motions.<\/li>\n\n\n\n<li>\ud83d\udde3\ufe0f <strong>Expression \u00e9motionnelle<\/strong> : Apprendre \u00e0 exprimer ses ressentis de mani\u00e8re constructive.<\/li>\n\n\n\n<li>\ud83c\udf0a <strong>Gestion des \u00e9motions n\u00e9gatives<\/strong> : D\u00e9velopper des strat\u00e9gies pour mieux r\u00e9guler les \u00e9motions difficiles.<\/li>\n\n\n\n<li>\ud83e\udd1d <strong>Coop\u00e9ration et empathie<\/strong> : Renforcer le lien social et la capacit\u00e9 \u00e0 comprendre les autres.<\/li>\n<\/ul>\n<\/div>\n<\/div>\n\n\n\n<div class=\"wp-block-columns is-layout-flex wp-container-core-columns-is-layout-9d6595d7 wp-block-columns-is-layout-flex\">\n<div class=\"wp-block-column is-layout-flow wp-block-column-is-layout-flow\">\n<h2 class=\"wp-block-heading\">Variantes &#8211; am\u00e9nagement<\/h2>\n\n\n\n<ol class=\"wp-block-list\">\n<li>\ud83c\udfeb <strong>En classe enti\u00e8re<\/strong> : Utiliser les s\u00e9ances pour renforcer la coh\u00e9sion de groupe.<\/li>\n\n\n\n<li>\ud83d\udc65 <strong>En petits groupes<\/strong> : Adapter les s\u00e9ances pour des ateliers plus cibl\u00e9s.<\/li>\n\n\n\n<li>\ud83d\udcd6 <strong>Individuellement<\/strong> : Proposer certaines activit\u00e9s comme exercices de r\u00e9flexion personnelle.<\/li>\n\n\n\n<li>\ud83e\udd1d <strong>En co-animation<\/strong> : Associer un \u00e9ducateur et un psychologue pour une approche interdisciplinaire.<\/li>\n\n\n\n<li>\ud83d\udc68\u200d\ud83d\udc69\u200d\ud83d\udc67 <strong>Adaptation pour les parents<\/strong> : Simplifier certaines activit\u00e9s pour une utilisation en famille.<\/li>\n<\/ol>\n\n\n<div class=\"wp-block-image\">\n<figure class=\"aligncenter size-full is-resized\"><img loading=\"lazy\" decoding=\"async\" width=\"774\" height=\"900\" src=\"https:\/\/api-lux.be\/wp-content\/uploads\/2025\/02\/EMOTIKA-STAND.jpg\" alt=\"\" class=\"wp-image-4093\" style=\"width:321px;height:auto\" srcset=\"https:\/\/api-lux.be\/wp-content\/uploads\/2025\/02\/EMOTIKA-STAND.jpg 774w, https:\/\/api-lux.be\/wp-content\/uploads\/2025\/02\/EMOTIKA-STAND-258x300.jpg 258w, https:\/\/api-lux.be\/wp-content\/uploads\/2025\/02\/EMOTIKA-STAND-768x893.jpg 768w\" sizes=\"auto, (max-width: 774px) 100vw, 774px\" \/><\/figure>\n<\/div>\n\n\n<p>Des outils \u00e0 nous partager ?&nbsp;<a href=\"https:\/\/api-lux.be\/index.php\/contact\/\">Cliquez ici<\/a><br><\/p>\n<\/div>\n<\/div>\n","protected":false},"excerpt":{"rendered":"<p>\ud83d\ude0c GESTION DES \u00c9MOTIONS &#8211; Outil ludop\u00e9dagogique pour am\u00e9liorer la sant\u00e9 \u00e9motionnelle des enfants.<\/p>\n","protected":false},"author":1,"featured_media":0,"comment_status":"closed","ping_status":"closed","sticky":false,"template":"","format":"standard","meta":{"iawp_total_views":2,"footnotes":""},"categories":[24,4,22,14,18,23,46,47,19,17,25,26,21],"tags":[],"class_list":["post-777","post","type-post","status-publish","format-standard","hentry","category-adaptation-des-apprentissages","category-besoins","category-besoins-cognitifs","category-besoins-dappartenance","category-besoins-destime","category-communication","category-fiches-outils","category-fiches-outils-pour-les-professionnels","category-gestion-des-emotions","category-inclusion-sociale-et-reseau-sociaux","category-materiel-specifique","category-outils-pedagogiques-pour-les-pro","category-valorisation-confiance"],"_links":{"self":[{"href":"https:\/\/api-lux.be\/index.php\/wp-json\/wp\/v2\/posts\/777","targetHints":{"allow":["GET"]}}],"collection":[{"href":"https:\/\/api-lux.be\/index.php\/wp-json\/wp\/v2\/posts"}],"about":[{"href":"https:\/\/api-lux.be\/index.php\/wp-json\/wp\/v2\/types\/post"}],"author":[{"embeddable":true,"href":"https:\/\/api-lux.be\/index.php\/wp-json\/wp\/v2\/users\/1"}],"replies":[{"embeddable":true,"href":"https:\/\/api-lux.be\/index.php\/wp-json\/wp\/v2\/comments?post=777"}],"version-history":[{"count":9,"href":"https:\/\/api-lux.be\/index.php\/wp-json\/wp\/v2\/posts\/777\/revisions"}],"predecessor-version":[{"id":7704,"href":"https:\/\/api-lux.be\/index.php\/wp-json\/wp\/v2\/posts\/777\/revisions\/7704"}],"wp:attachment":[{"href":"https:\/\/api-lux.be\/index.php\/wp-json\/wp\/v2\/media?parent=777"}],"wp:term":[{"taxonomy":"category","embeddable":true,"href":"https:\/\/api-lux.be\/index.php\/wp-json\/wp\/v2\/categories?post=777"},{"taxonomy":"post_tag","embeddable":true,"href":"https:\/\/api-lux.be\/index.php\/wp-json\/wp\/v2\/tags?post=777"}],"curies":[{"name":"wp","href":"https:\/\/api.w.org\/{rel}","templated":true}]}}