{"id":776,"date":"2025-02-14T11:36:55","date_gmt":"2025-02-14T10:36:55","guid":{"rendered":"http:\/\/localhost\/mdi_w\/?p=776"},"modified":"2025-07-01T13:39:48","modified_gmt":"2025-07-01T11:39:48","slug":"larbre-de-vie","status":"publish","type":"post","link":"https:\/\/api-lux.be\/index.php\/2025\/02\/14\/larbre-de-vie\/","title":{"rendered":"L&rsquo;arbre de vie"},"content":{"rendered":"\n<div class=\"wp-block-columns is-layout-flex wp-container-core-columns-is-layout-9d6595d7 wp-block-columns-is-layout-flex\">\n<div class=\"wp-block-column is-layout-flow wp-block-column-is-layout-flow\">\n<figure class=\"wp-block-image size-full\"><img decoding=\"async\" src=\"https:\/\/api-lux.be\/wp-content\/uploads\/2025\/02\/arbre_de_vie.jpg\" alt=\" \" class=\"wp-image-202\"\/><\/figure>\n<\/div>\n\n\n\n<div class=\"wp-block-column is-layout-flow wp-block-column-is-layout-flow\">\n<p>\ud83e\uddd1\u200d\u2695\ufe0f <strong>Outil professionnel d\u2019accompagnement sp\u00e9cialis\u00e9<\/strong>&nbsp;&#8211; Un support m\u00e9taphorique et cr\u00e9atif pour r\u00e9fl\u00e9chir sur son parcours de vie, ses choix et ses projets futurs.<\/p>\n\n\n\n<!--more-->\n\n\n\n<h2 class=\"wp-block-heading\">\u00c2ge cible<\/h2>\n\n\n\n<p>De 4 \u00e0 23 ans.<\/p>\n<\/div>\n<\/div>\n\n\n\n<h2 class=\"wp-block-heading\">Descriptif de l&rsquo;outil<\/h2>\n\n\n\n<p>\ud83d\udcbc <strong>Un outil destin\u00e9 aux professionnels<\/strong> : L&rsquo;Arbre de Vie est une approche m\u00e9taphorique issue des pratiques narratives et de l&rsquo;art-th\u00e9rapie. Il est pr\u00e9f\u00e9rable d&rsquo;avoir suivi une formation pour l&rsquo;utiliser pleinement et accompagner les participants de mani\u00e8re adapt\u00e9e.<\/p>\n\n\n\n<p>\ud83c\udfa8 <strong>Un support cr\u00e9atif et introspectif<\/strong> : Il permet aux individus de r\u00e9aliser un autoportrait symbolique, repr\u00e9sentant les diff\u00e9rents aspects de leur vie.<\/p>\n\n\n\n<p>\ud83c\udf33 <strong>Un arbre divis\u00e9 en six parties<\/strong> :<\/p>\n\n\n\n<ul class=\"wp-block-list\">\n<li>\ud83c\udf3f <strong>Les racines<\/strong> : valeurs, origines, h\u00e9ritage culturel, croyances fondatrices.<\/li>\n\n\n\n<li>\ud83c\udf31 <strong>Le tronc<\/strong> : comp\u00e9tences, forces, personnalit\u00e9, identit\u00e9.<\/li>\n\n\n\n<li>\ud83c\udf3c <strong>Les branches<\/strong> : aspirations, r\u00eaves, projets de vie.<\/li>\n\n\n\n<li>\ud83c\udf52 <strong>Les fruits<\/strong> : accomplissements, fiert\u00e9s, succ\u00e8s pass\u00e9s.<\/li>\n\n\n\n<li>\ud83c\udf40 <strong>Les feuilles<\/strong> : personnes importantes (famille, amis, mentors).<\/li>\n\n\n\n<li>\ud83c\udf27\ufe0f <strong>Le climat environnant<\/strong> : \u00e9preuves travers\u00e9es, soutiens et ressources.<\/li>\n<\/ul>\n\n\n\n<p>\ud83d\udcd7 <strong>Cadre d&rsquo;utilisation<\/strong> : Cet outil peut \u00eatre utilis\u00e9 en coaching personnel ou professionnel, en accompagnement \u00e9ducatif ou en soutien psychologique.<\/p>\n\n\n\n<p>\ud83d\udd0d <strong>Points d&rsquo;attention<\/strong> :<\/p>\n\n\n\n<ul class=\"wp-block-list\">\n<li>\ud83c\udfe0 Veiller \u00e0 un cadre bienveillant et s\u00e9curisant pour favoriser l&rsquo;expression.<\/li>\n\n\n\n<li>\u26a1 Prendre en compte les \u00e9motions que cette introspection peut g\u00e9n\u00e9rer.<\/li>\n\n\n\n<li>\ud83d\udcaa Encourager la valorisation des ressources et des comp\u00e9tences personnelles.<\/li>\n<\/ul>\n\n\n\n<div class=\"wp-block-columns is-layout-flex wp-container-core-columns-is-layout-9d6595d7 wp-block-columns-is-layout-flex\">\n<div class=\"wp-block-column is-layout-flow wp-block-column-is-layout-flow\">\n<h2 class=\"wp-block-heading\">Objectif(s) d&rsquo;utilisation<\/h2>\n\n\n\n<ul class=\"wp-block-list\">\n<li>\ud83d\udca1 <strong>Introspection et projection<\/strong> : Il aide les jeunes et les adultes \u00e0 faire le point sur leur parcours de vie et \u00e0 affiner leurs projets d&rsquo;avenir.<\/li>\n\n\n\n<li>\ud83d\udcd0 <strong>R\u00e9flexion sur le parcours de vie<\/strong> : Mieux comprendre son cheminement personnel et les exp\u00e9riences travers\u00e9es.<\/li>\n\n\n\n<li>\ud83d\udee0\ufe0f <strong>Prise de conscience des ressources et des freins<\/strong> : Identifier ses forces et reconna\u00eetre les obstacles rencontr\u00e9s.<\/li>\n\n\n\n<li>\ud83c\udfa1 <strong>Projection dans l&rsquo;avenir<\/strong> : Se fixer des objectifs et planifier des projets qui ont du sens.<\/li>\n\n\n\n<li>\ud83e\udd0d <strong>L\u00e2cher-prise et ancrage<\/strong> : Se concentrer sur le pr\u00e9sent et favoriser la s\u00e9r\u00e9nit\u00e9.<\/li>\n\n\n\n<li>\ud83e\udd1d <strong>Renforcement des liens<\/strong> : Cr\u00e9er une dynamique de partage au sein d&rsquo;un groupe, d&rsquo;une famille ou d&rsquo;une \u00e9quipe.<\/li>\n<\/ul>\n<\/div>\n\n\n\n<div class=\"wp-block-column is-layout-flow wp-block-column-is-layout-flow\">\n<h2 class=\"wp-block-heading\">Liens utiles<\/h2>\n\n\n\n<p><br>\ud83d\udcc4 <strong>FICHE pour aller plus loin:<\/strong> <a href=\"https:\/\/highupme.com\/arbre-de-vie\/\" target=\"_blank\" rel=\"noreferrer noopener\">L&rsquo;arbre de vie<\/a> &#8211; par Laurent Biffi &#8211; coatching de vie &#8211; Site highupme.com\u00a0<br><\/p>\n\n\n\n<h2 class=\"wp-block-heading\">Variantes &#8211; am\u00e9nagement<\/h2>\n\n\n\n<ol class=\"wp-block-list\">\n<li>\ud83c\udf33 <strong>Version collective<\/strong> : Cr\u00e9er une \u00ab\u00a0for\u00eat de vie\u00a0\u00bb en rassemblant les arbres de plusieurs participants pour renforcer la coh\u00e9sion de groupe.<\/li>\n\n\n\n<li>\ud83c\udfa8 <strong>Ajout d&rsquo;illustrations et de couleurs<\/strong> : Permettre une expression plus libre et personnalis\u00e9e.<\/li>\n\n\n\n<li>\ud83c\udf04 <strong>Photolangage<\/strong> : Associer l&rsquo;Arbre de Vie \u00e0 des images inspirantes pour enrichir la r\u00e9flexion.<\/li>\n\n\n\n<li>\ud83d\udcda <strong>Carnet de bord<\/strong> : Proposer aux participants de r\u00e9diger une l\u00e9gende expliquant chaque partie de leur arbre pour approfondir leur introspection.<\/li>\n<\/ol>\n<\/div>\n<\/div>\n\n\n\n<p>Des outils \u00e0 nous partager ?&nbsp;<a href=\"https:\/\/api-lux.be\/index.php\/contact\/\">Cliquez ici<\/a><\/p>\n","protected":false},"excerpt":{"rendered":"<p>\ud83e\uddd1\u200d\u2695\ufe0f Outil professionnel d\u2019accompagnement sp\u00e9cialis\u00e9&nbsp;&#8211; Un support m\u00e9taphorique et cr\u00e9atif pour r\u00e9fl\u00e9chir sur son parcours de vie, ses choix et ses projets futurs.<\/p>\n","protected":false},"author":1,"featured_media":0,"comment_status":"closed","ping_status":"closed","sticky":false,"template":"","format":"standard","meta":{"iawp_total_views":2,"footnotes":""},"categories":[24,10,28,4,22,27,18,9,46,47,20,25,26,29,21],"tags":[],"class_list":["post-776","post","type-post","status-publish","format-standard","hentry","category-adaptation-des-apprentissages","category-amenagement-environnement","category-autonomie-et-responsabilisation","category-besoins","category-besoins-cognitifs","category-besoins-daccomplissement","category-besoins-destime","category-besoins-de-securite","category-fiches-outils","category-fiches-outils-pour-les-professionnels","category-individualisation","category-materiel-specifique","category-outils-pedagogiques-pour-les-pro","category-projection","category-valorisation-confiance"],"_links":{"self":[{"href":"https:\/\/api-lux.be\/index.php\/wp-json\/wp\/v2\/posts\/776","targetHints":{"allow":["GET"]}}],"collection":[{"href":"https:\/\/api-lux.be\/index.php\/wp-json\/wp\/v2\/posts"}],"about":[{"href":"https:\/\/api-lux.be\/index.php\/wp-json\/wp\/v2\/types\/post"}],"author":[{"embeddable":true,"href":"https:\/\/api-lux.be\/index.php\/wp-json\/wp\/v2\/users\/1"}],"replies":[{"embeddable":true,"href":"https:\/\/api-lux.be\/index.php\/wp-json\/wp\/v2\/comments?post=776"}],"version-history":[{"count":12,"href":"https:\/\/api-lux.be\/index.php\/wp-json\/wp\/v2\/posts\/776\/revisions"}],"predecessor-version":[{"id":7703,"href":"https:\/\/api-lux.be\/index.php\/wp-json\/wp\/v2\/posts\/776\/revisions\/7703"}],"wp:attachment":[{"href":"https:\/\/api-lux.be\/index.php\/wp-json\/wp\/v2\/media?parent=776"}],"wp:term":[{"taxonomy":"category","embeddable":true,"href":"https:\/\/api-lux.be\/index.php\/wp-json\/wp\/v2\/categories?post=776"},{"taxonomy":"post_tag","embeddable":true,"href":"https:\/\/api-lux.be\/index.php\/wp-json\/wp\/v2\/tags?post=776"}],"curies":[{"name":"wp","href":"https:\/\/api.w.org\/{rel}","templated":true}]}}