{"id":773,"date":"2025-02-14T11:36:55","date_gmt":"2025-02-14T10:36:55","guid":{"rendered":"http:\/\/localhost\/mdi_w\/?p=773"},"modified":"2025-07-01T13:38:44","modified_gmt":"2025-07-01T11:38:44","slug":"meteo-de-lhumeur","status":"publish","type":"post","link":"https:\/\/api-lux.be\/index.php\/2025\/02\/14\/meteo-de-lhumeur\/","title":{"rendered":"M\u00e9t\u00e9o de l&rsquo;humeur"},"content":{"rendered":"\n<div class=\"wp-block-columns is-layout-flex wp-container-core-columns-is-layout-9d6595d7 wp-block-columns-is-layout-flex\">\n<div class=\"wp-block-column is-layout-flow wp-block-column-is-layout-flow\">\n<figure class=\"wp-block-image size-full is-resized\"><img loading=\"lazy\" decoding=\"async\" width=\"237\" height=\"212\" src=\"https:\/\/api-lux.be\/wp-content\/uploads\/2025\/02\/download-1.jpeg\" alt=\"\" class=\"wp-image-3929\" style=\"width:321px;height:auto\"\/><\/figure>\n<\/div>\n\n\n\n<div class=\"wp-block-column is-layout-flow wp-block-column-is-layout-flow\">\n<p>\ud83d\ude0c <strong>GESTION DES \u00c9MOTIONS <\/strong>&#8211; Un exercice simple et puissant pour aider les enfants \u00e0 exprimer et partager leurs \u00e9motions.<\/p>\n\n\n\n<!--more-->\n\n\n\n<h2 class=\"wp-block-heading\">\u00c2ge cible<\/h2>\n\n\n\n<p>De 3 \u00e0 25 ans.<\/p>\n<\/div>\n<\/div>\n\n\n\n<h2 class=\"wp-block-heading\">Descriptif de l&rsquo;outil<\/h2>\n\n\n\n<p>La M\u00e9t\u00e9o de l&rsquo;Humeur est un exercice simple et visuel o\u00f9 les participants choisissent une m\u00e9t\u00e9o qui repr\u00e9sente leur \u00e9tat int\u00e9rieur. <br><em>Par exemple<\/em> : clair, ensoleill\u00e9, couvert, nuageux, pluvieux, orageux, etc. Cet outil aide \u00e0 lib\u00e9rer l&rsquo;expression \u00e9motionnelle de mani\u00e8re intuitive et accessible, particuli\u00e8rement utile pour les enfants. \ud83c\udf24\ufe0f<\/p>\n\n\n\n<h4 class=\"wp-block-heading\">Utilisation dans diff\u00e9rents contextes :<\/h4>\n\n\n\n<ul class=\"wp-block-list\">\n<li>\ud83c\udfeb <strong>En formation<\/strong> : Utilis\u00e9 pour d\u00e9marrer une session afin de sonder les \u00e9motions des participants.<\/li>\n\n\n\n<li>\ud83d\udd8d\ufe0f <strong>En atelier<\/strong> : Permet aux participants de partager leur humeur avant de commencer l&rsquo;activit\u00e9 et de suivre son \u00e9volution.<\/li>\n\n\n\n<li>\ud83d\udc69\u200d\ud83c\udfeb <strong>\u00c0 l\u2019\u00e9cole<\/strong> : Permet aux enfants de verbaliser rapidement leur \u00e9tat \u00e9motionnel, surtout au matin, pour bien commencer la journ\u00e9e.<\/li>\n\n\n\n<li>\ud83c\udfe0 <strong>\u00c0 la maison<\/strong> : Id\u00e9al pour un rituel quotidien avec les enfants pour discuter des \u00e9motions au d\u00e9but de la journ\u00e9e.<\/li>\n<\/ul>\n\n\n\n<h4 class=\"wp-block-heading\">Points d&rsquo;attention :<\/h4>\n\n\n\n<p>\ud83c\udf1f <strong>Limites \u00e0 poser<\/strong> : Pr\u00e9ciser que l\u2019objectif n\u2019est pas d\u2019\u00e9tiqueter de mani\u00e8re rigide, mais d\u2019ouvrir \u00e0 la discussion.<br>\u26a0\ufe0f <strong>Pr\u00e9cautions<\/strong> : Veiller \u00e0 ce que chaque enfant se sente libre de choisir la m\u00e9t\u00e9o qui lui correspond sans pression.<\/p>\n\n\n\n<div class=\"wp-block-columns is-layout-flex wp-container-core-columns-is-layout-9d6595d7 wp-block-columns-is-layout-flex\">\n<div class=\"wp-block-column is-layout-flow wp-block-column-is-layout-flow\">\n<h2 class=\"wp-block-heading\">Liens utiles<\/h2>\n\n\n\n<p>\ud83d\udd8d\ufe0f <strong>A FABRIQUER SOI M\u00caME<\/strong> (exemple gratuit):<br><a href=\"https:\/\/momes.parents.fr\/bricolages-diy\/bricolages-a-imprimer\/posters-a-imprimer\/affiche-la-meteo-de-mon-humeur-873118\" target=\"_blank\" rel=\"noreferrer noopener\"><em>Carte de l&rsquo;humeur du jour<\/em> <\/a>(propos\u00e9 par le site momes.parents.org)<br><\/p>\n\n\n\n<p>\ud83d\udd8d\ufe0f <strong>A FABRIQUER SOI M\u00caME<\/strong> (exemple gratuit)<br><a href=\"https:\/\/papapositive.fr\/outil-de-gestion-emotionnelle-et-meteo-interieure\/\" target=\"_blank\" rel=\"noreferrer noopener\"><em>La m\u00e9t\u00e9o int\u00e9rieure<\/em> <\/a>(propos\u00e9 par le site papapositive.org) <br><\/p>\n<\/div>\n\n\n\n<div class=\"wp-block-column is-layout-flow wp-block-column-is-layout-flow\">\n<h2 class=\"wp-block-heading\">Objectif(s) d&rsquo;utilisation<\/h2>\n\n\n\n<p>L&rsquo;objectif principal de cet outil est de permettre aux enfants de reconna\u00eetre, comprendre et partager leurs \u00e9motions de mani\u00e8re simple et accessible. Il contribue \u00e0 :<\/p>\n\n\n\n<ul class=\"wp-block-list\">\n<li>\ud83e\udde0 <strong>Reconnaissance et expression des \u00e9motions<\/strong> : Permet d&rsquo;identifier les \u00e9motions et de les exprimer verbalement, r\u00e9duisant ainsi l&rsquo;anxi\u00e9t\u00e9 et le stress.<\/li>\n\n\n\n<li>\ud83d\udc96 <strong>Am\u00e9lioration de l\u2019empathie<\/strong> : Aide les enfants \u00e0 comprendre les \u00e9motions des autres, favorisant des interactions plus empathiques.<\/li>\n\n\n\n<li>\ud83d\udcaa <strong>Gestion des \u00e9motions<\/strong> : Diminue les comportements d\u2019agression en permettant une meilleure gestion des \u00e9motions.<\/li>\n\n\n\n<li>\ud83d\udcda <strong>D\u00e9veloppement de la litt\u00e9ratie \u00e9motionnelle<\/strong> : Apprendre \u00e0 nommer et comprendre ses \u00e9motions dans un cadre bienveillant et structur\u00e9.<\/li>\n<\/ul>\n<\/div>\n<\/div>\n\n\n\n<div class=\"wp-block-columns is-layout-flex wp-container-core-columns-is-layout-9d6595d7 wp-block-columns-is-layout-flex\">\n<div class=\"wp-block-column is-layout-flow wp-block-column-is-layout-flow\">\n<h2 class=\"wp-block-heading\">Variantes &#8211; am\u00e9nagement<\/h2>\n\n\n\n<p>\ud83d\udd04 <strong>Adaptation pour diff\u00e9rents groupes<\/strong> :<\/p>\n\n\n\n<ul class=\"wp-block-list\">\n<li>\ud83d\udc76 Pour les enfants plus jeunes, int\u00e9grer des images de visages repr\u00e9sentant les diff\u00e9rentes humeurs.<\/li>\n\n\n\n<li>\ud83d\udc66\ud83d\udc67 Pour les enfants plus \u00e2g\u00e9s, ajouter une dimension d&rsquo;\u00e9criture en demandant une courte phrase sur leur ressenti du jour.<\/li>\n<\/ul>\n\n\n\n<p>\ud83c\udfa8 <strong>Variantes cr\u00e9atives<\/strong> :<\/p>\n\n\n\n<ul class=\"wp-block-list\">\n<li>\ud83c\udfa8 Utiliser des \u00e9tiquettes de couleurs diff\u00e9rentes repr\u00e9sentant chaque \u00e9motion pour les plus jeunes.<\/li>\n\n\n\n<li>\ud83c\udf1e L\u2019outil peut \u00eatre adapt\u00e9 en fonction des saisons : \u00ab\u00a0m\u00e9t\u00e9o d\u2019hiver\u00a0\u00bb avec des symboles comme la neige pour des \u00e9motions froides, ou \u00ab\u00a0m\u00e9t\u00e9o d\u2019\u00e9t\u00e9\u00a0\u00bb pour des \u00e9motions plus lumineuses.<\/li>\n\n\n\n<li>\ud83d\uddbc\ufe0f Cr\u00e9er un \u00ab\u00a0mur des \u00e9motions\u00a0\u00bb o\u00f9 les participants viennent accrocher leur m\u00e9t\u00e9o, permettant une visualisation collective des \u00e9tats \u00e9motionnels du groupe.<\/li>\n<\/ul>\n\n\n\n<p>\ud83d\udcac <strong>Suggestions d\u2019adaptation pour l\u2019accompagnement individuel<\/strong> :<\/p>\n\n\n\n<ul class=\"wp-block-list\">\n<li>\ud83d\udc64 Si un enfant a du mal \u00e0 verbaliser, lui offrir un \u00ab\u00a0avatar\u00a0\u00bb (petite image ou figurine) \u00e0 poser sur le panneau correspondant \u00e0 son \u00e9tat. Cela lui permet de participer sans se sentir contraint \u00e0 utiliser des mots.<\/li>\n\n\n\n<li>\u270d\ufe0f Ajouter une activit\u00e9 cr\u00e9ative o\u00f9 les enfants peuvent dessiner ou \u00e9crire ce qui les a conduits \u00e0 leur choix m\u00e9t\u00e9o du jour.<\/li>\n<\/ul>\n<\/div>\n<\/div>\n\n\n\n<p>Des outils \u00e0 nous partager ?&nbsp;<a href=\"https:\/\/api-lux.be\/index.php\/contact\/\">Cliquez ici<\/a><\/p>\n","protected":false},"excerpt":{"rendered":"<p>\ud83d\ude0c GESTION DES \u00c9MOTIONS &#8211; Un exercice simple et puissant pour aider les enfants \u00e0 exprimer et partager leurs \u00e9motions.<\/p>\n","protected":false},"author":1,"featured_media":0,"comment_status":"closed","ping_status":"closed","sticky":false,"template":"","format":"standard","meta":{"iawp_total_views":871,"footnotes":""},"categories":[4,22,27,14,18,8,23,46,48,47,19,17,20,25,26,29,21],"tags":[],"class_list":["post-773","post","type-post","status-publish","format-standard","hentry","category-besoins","category-besoins-cognitifs","category-besoins-daccomplissement","category-besoins-dappartenance","category-besoins-destime","category-bien-etre","category-communication","category-fiches-outils","category-fiches-outils-pour-les-aidants-proches","category-fiches-outils-pour-les-professionnels","category-gestion-des-emotions","category-inclusion-sociale-et-reseau-sociaux","category-individualisation","category-materiel-specifique","category-outils-pedagogiques-pour-les-pro","category-projection","category-valorisation-confiance"],"_links":{"self":[{"href":"https:\/\/api-lux.be\/index.php\/wp-json\/wp\/v2\/posts\/773","targetHints":{"allow":["GET"]}}],"collection":[{"href":"https:\/\/api-lux.be\/index.php\/wp-json\/wp\/v2\/posts"}],"about":[{"href":"https:\/\/api-lux.be\/index.php\/wp-json\/wp\/v2\/types\/post"}],"author":[{"embeddable":true,"href":"https:\/\/api-lux.be\/index.php\/wp-json\/wp\/v2\/users\/1"}],"replies":[{"embeddable":true,"href":"https:\/\/api-lux.be\/index.php\/wp-json\/wp\/v2\/comments?post=773"}],"version-history":[{"count":10,"href":"https:\/\/api-lux.be\/index.php\/wp-json\/wp\/v2\/posts\/773\/revisions"}],"predecessor-version":[{"id":7700,"href":"https:\/\/api-lux.be\/index.php\/wp-json\/wp\/v2\/posts\/773\/revisions\/7700"}],"wp:attachment":[{"href":"https:\/\/api-lux.be\/index.php\/wp-json\/wp\/v2\/media?parent=773"}],"wp:term":[{"taxonomy":"category","embeddable":true,"href":"https:\/\/api-lux.be\/index.php\/wp-json\/wp\/v2\/categories?post=773"},{"taxonomy":"post_tag","embeddable":true,"href":"https:\/\/api-lux.be\/index.php\/wp-json\/wp\/v2\/tags?post=773"}],"curies":[{"name":"wp","href":"https:\/\/api.w.org\/{rel}","templated":true}]}}