{"id":772,"date":"2025-02-14T11:36:55","date_gmt":"2025-02-14T10:36:55","guid":{"rendered":"http:\/\/localhost\/mdi_w\/?p=772"},"modified":"2025-05-14T10:31:53","modified_gmt":"2025-05-14T08:31:53","slug":"ouverture-a-lintrospection","status":"publish","type":"post","link":"https:\/\/api-lux.be\/index.php\/2025\/02\/14\/ouverture-a-lintrospection\/","title":{"rendered":"Ouverture \u00e0 l&rsquo;introspection"},"content":{"rendered":"\n<div class=\"wp-block-columns is-layout-flex wp-container-core-columns-is-layout-9d6595d7 wp-block-columns-is-layout-flex\">\n<div class=\"wp-block-column is-layout-flow wp-block-column-is-layout-flow\"><div class=\"wp-block-image\">\n<figure class=\"aligncenter size-full is-resized\"><img decoding=\"async\" src=\"https:\/\/api-lux.be\/wp-content\/uploads\/2025\/02\/introspection.jpg\" alt=\" \" class=\"wp-image-202\" style=\"width:295px;height:auto\"\/><\/figure>\n<\/div><\/div>\n\n\n\n<div class=\"wp-block-column is-layout-flow wp-block-column-is-layout-flow\">\n<p>\ud83d\ude0c <strong>GESTION DES \u00c9MOTIONS<\/strong> &#8211; Offrir un espace pour r\u00e9fl\u00e9chir et partager ses \u00e9motions dans un cadre collectif et s\u00e9curis\u00e9, r\u00e9guli\u00e8rement int\u00e9gr\u00e9 dans la semaine.<\/p>\n\n\n\n<!--more-->\n\n\n\n<h2 class=\"wp-block-heading\">\u00c2ge cible<\/h2>\n\n\n\n<p>De 3 \u00e0 21 ans.<\/p>\n<\/div>\n<\/div>\n\n\n\n<h2 class=\"wp-block-heading\">Descriptif de l&rsquo;outil<\/h2>\n\n\n\n<p>Ce  moment structur\u00e9 permet aux jeunes de poser et explorer leurs \u00e9motions ensemble, de fa\u00e7on r\u00e9guli\u00e8re et guid\u00e9e \ud83e\udded. L\u2019espace est con\u00e7u pour favoriser la r\u00e9flexion personnelle tout en encourageant le partage au sein d\u2019un groupe, avec des rep\u00e8res r\u00e9guliers dans la journ\u00e9e ou la semaine \ud83d\uddd3\ufe0f.<\/p>\n\n\n\n<p><strong>Quelques exemples d&rsquo;activit\u00e9s permettant l&rsquo;introspection : <\/strong><\/p>\n\n\n\n<p>\ud83d\udde3\ufe0f <strong>Cercle de parole ou moments de discussion guid\u00e9s<\/strong> : chaque semaine, cr\u00e9ez un moment o\u00f9 les jeunes peuvent partager comment ils se sentent, en r\u00e9pondant \u00e0 une question simple comme \u00ab\u00a0Comment \u00e7a va aujourd&rsquo;hui ?\u00a0\u00bb, pour favoriser l&rsquo;\u00e9change. Chacun parle \u00e0 tour de r\u00f4le. N&rsquo;h\u00e9sitez pas \u00e0 reformuler leurs r\u00e9ponses pour les aider \u00e0 structurer leurs pens\u00e9es.<\/p>\n\n\n\n<p>\ud83d\udcd6 <strong>Journal de bord ou journal \u00e9motionnel simplifi\u00e9<\/strong> : chaque jeune \u00e9crit ses \u00e9motions ou r\u00e9flexions dans un carnet chaque jour ou chaque semaine. Ils peuvent partager certaines pens\u00e9es avec le groupe lors d&rsquo;un moment sp\u00e9cial. Dans ce journal, ils peuvent coller des images, dessiner ou exprimer leurs \u00e9motions ou leurs ressentis avec des couleurs ou des smileys.<\/p>\n\n\n\n<p>\ud83e\uddf8 <strong>Jeux de r\u00f4le et mises en situation<\/strong> : jouer des sc\u00e9narios pour leur apprendre \u00e0 reconna\u00eetre et exprimer ce qu&rsquo;ils ressentent, mais pensez \u00e0 utiliser des sc\u00e9narios simples et compr\u00e9hensibles. Vous pouvez \u00e9galement utiliser des supports visuels pour rendre l&rsquo;activit\u00e9 plus compr\u00e9hensible et symboliser les personnages et leurs \u00e9motions. N&rsquo;h\u00e9sitez pas \u00e0 participer \u00e0 l&rsquo;activit\u00e9, afin de permettre aux enfants de se sentir plus \u00e0 l&rsquo;aise. Apr\u00e8s le jeu de r\u00f4le, il est important de discuter avec l&rsquo;enfant de ce qu&rsquo;il a ressenti pendant l&rsquo;activit\u00e9. Par exemple, \u00ab\u00a0Comment te sentais-tu quand tu as demand\u00e9 de l\u2019aide ?\u00a0\u00bb ou \u00ab\u00a0Que ressens-tu quand tu es en col\u00e8re ?\u00a0\u00bb Cela renforce la compr\u00e9hension de soi et des \u00e9motions.<\/p>\n\n\n\n<p>\ud83e\uddd8\u200d\u2640\ufe0f <strong>Relaxation et partage<\/strong> : faites une s\u00e9ance de relaxation, de m\u00e9ditation adapt\u00e9e ou de respiration, puis demandez aux jeunes de dire ce qu&rsquo;ils ont ressenti. Cela les aide \u00e0 mettre des mots sur leurs \u00e9motions.<\/p>\n\n\n\n<p>\ud83c\udfa8 <strong>Ateliers<\/strong> : organisez des ateliers sur des th\u00e8mes comme la confiance en soi ou le stress, puis discutez ensemble de ce qu&rsquo;ils ont appris ou ressenti, en utilisant des supports visuels et sensoriels : images, pictogrammes, histoires illustr\u00e9es ou objets sensoriels pour repr\u00e9senter les \u00e9motions.<\/p>\n\n\n\n<h4 class=\"wp-block-heading\">Points d&rsquo;attention:<\/h4>\n\n\n\n<p>\ud83d\udd04 <strong>Adapter l\u2019\u00e2ge<\/strong> : les activit\u00e9s doivent \u00eatre adapt\u00e9es \u00e0 l&rsquo;\u00e2ge de votre public.<br>\ud83d\uddbc\ufe0f <strong>Utiliser des supports visuels<\/strong> : images, pictogrammes pour les plus jeunes.<br>\ud83d\uded1 <strong>Cr\u00e9er un espace s\u00e9curis\u00e9<\/strong> : favoriser l\u2019expression sans jugement.<br>\ud83d\udde3\ufe0f<strong>Encourager l\u2019expression<\/strong> : sollicitez les enfants et faites en sorte que tout le monde participe, que se soit verbalement ou non, selon leur \u00e2ge.<br>\ud83d\udcca <strong>\u00c9valuer et adapter<\/strong> : ajuster les ateliers en fonctions des besoins et des r\u00e9actions des jeunes.<\/p>\n\n\n\n<div class=\"wp-block-columns is-layout-flex wp-container-core-columns-is-layout-9d6595d7 wp-block-columns-is-layout-flex\">\n<div class=\"wp-block-column is-layout-flow wp-block-column-is-layout-flow\">\n<h2 class=\"wp-block-heading\">Objectif(s) d&rsquo;utilisation<\/h2>\n\n\n\n<ul class=\"wp-block-list\">\n<li>\ud83e\udd14 <strong>Favoriser la r\u00e9flexion<\/strong> : Aider les jeunes \u00e0 observer leurs \u00e9motions et \u00e0 y r\u00e9fl\u00e9chir.<\/li>\n\n\n\n<li>\ud83d\udd04 <strong>Cr\u00e9er une routine de partage<\/strong> : Offrir un temps d\u00e9di\u00e9 pour parler de soi dans un cadre s\u00e9curisant.<\/li>\n\n\n\n<li>\ud83e\uddd8\u200d\u2642\ufe0f <strong>D\u00e9velopper l\u2019\u00e9coute de soi<\/strong> : Encourager la conscience de ses ressentis et de son bien-\u00eatre int\u00e9rieur.<\/li>\n\n\n\n<li>\ud83e\udd1d <strong>Renforcer les liens<\/strong> : Favoriser l\u2019expression \u00e9motionnelle en groupe pour cr\u00e9er une connexion authentique.<\/li>\n<\/ul>\n<\/div>\n<\/div>\n\n\n\n<p>Des outils \u00e0 nous partager ?&nbsp;<a href=\"https:\/\/api-lux.be\/index.php\/contact\/\">Cliquez ici<\/a><\/p>\n","protected":false},"excerpt":{"rendered":"<p>\ud83d\ude0c GESTION DES \u00c9MOTIONS &#8211; Offrir un espace pour r\u00e9fl\u00e9chir et partager ses \u00e9motions dans un cadre collectif et s\u00e9curis\u00e9, r\u00e9guli\u00e8rement int\u00e9gr\u00e9 dans la semaine.<\/p>\n","protected":false},"author":1,"featured_media":0,"comment_status":"closed","ping_status":"closed","sticky":false,"template":"","format":"standard","meta":{"iawp_total_views":0,"footnotes":""},"categories":[24,4,22,14,18,8,23,46,47,19,17,26,21],"tags":[],"class_list":["post-772","post","type-post","status-publish","format-standard","hentry","category-adaptation-des-apprentissages","category-besoins","category-besoins-cognitifs","category-besoins-dappartenance","category-besoins-destime","category-bien-etre","category-communication","category-fiches-outils","category-fiches-outils-pour-les-professionnels","category-gestion-des-emotions","category-inclusion-sociale-et-reseau-sociaux","category-outils-pedagogiques-pour-les-pro","category-valorisation-confiance"],"_links":{"self":[{"href":"https:\/\/api-lux.be\/index.php\/wp-json\/wp\/v2\/posts\/772","targetHints":{"allow":["GET"]}}],"collection":[{"href":"https:\/\/api-lux.be\/index.php\/wp-json\/wp\/v2\/posts"}],"about":[{"href":"https:\/\/api-lux.be\/index.php\/wp-json\/wp\/v2\/types\/post"}],"author":[{"embeddable":true,"href":"https:\/\/api-lux.be\/index.php\/wp-json\/wp\/v2\/users\/1"}],"replies":[{"embeddable":true,"href":"https:\/\/api-lux.be\/index.php\/wp-json\/wp\/v2\/comments?post=772"}],"version-history":[{"count":6,"href":"https:\/\/api-lux.be\/index.php\/wp-json\/wp\/v2\/posts\/772\/revisions"}],"predecessor-version":[{"id":6557,"href":"https:\/\/api-lux.be\/index.php\/wp-json\/wp\/v2\/posts\/772\/revisions\/6557"}],"wp:attachment":[{"href":"https:\/\/api-lux.be\/index.php\/wp-json\/wp\/v2\/media?parent=772"}],"wp:term":[{"taxonomy":"category","embeddable":true,"href":"https:\/\/api-lux.be\/index.php\/wp-json\/wp\/v2\/categories?post=772"},{"taxonomy":"post_tag","embeddable":true,"href":"https:\/\/api-lux.be\/index.php\/wp-json\/wp\/v2\/tags?post=772"}],"curies":[{"name":"wp","href":"https:\/\/api.w.org\/{rel}","templated":true}]}}