{"id":769,"date":"2025-02-14T11:36:55","date_gmt":"2025-02-14T10:36:55","guid":{"rendered":"http:\/\/localhost\/mdi_w\/?p=769"},"modified":"2025-07-01T13:37:31","modified_gmt":"2025-07-01T11:37:31","slug":"livre-bambou-au-pays-des-emotions","status":"publish","type":"post","link":"https:\/\/api-lux.be\/index.php\/2025\/02\/14\/livre-bambou-au-pays-des-emotions\/","title":{"rendered":"Livre: Bambou au pays des \u00e9motions"},"content":{"rendered":"\n<div class=\"wp-block-columns is-layout-flex wp-container-core-columns-is-layout-9d6595d7 wp-block-columns-is-layout-flex\">\n<div class=\"wp-block-column is-layout-flow wp-block-column-is-layout-flow\"><div class=\"wp-block-image\">\n<figure class=\"aligncenter size-full is-resized\"><img loading=\"lazy\" decoding=\"async\" width=\"1749\" height=\"2560\" src=\"https:\/\/api-lux.be\/wp-content\/uploads\/2025\/02\/bambou-au-pays-des-emotions.jpg.crdownload.jpg\" alt=\"\" class=\"wp-image-601\" style=\"width:255px;height:auto\" srcset=\"https:\/\/api-lux.be\/wp-content\/uploads\/2025\/02\/bambou-au-pays-des-emotions.jpg.crdownload.jpg 1749w, https:\/\/api-lux.be\/wp-content\/uploads\/2025\/02\/bambou-au-pays-des-emotions.jpg.crdownload-205x300.jpg 205w, https:\/\/api-lux.be\/wp-content\/uploads\/2025\/02\/bambou-au-pays-des-emotions.jpg.crdownload-700x1024.jpg 700w, https:\/\/api-lux.be\/wp-content\/uploads\/2025\/02\/bambou-au-pays-des-emotions.jpg.crdownload-768x1124.jpg 768w, https:\/\/api-lux.be\/wp-content\/uploads\/2025\/02\/bambou-au-pays-des-emotions.jpg.crdownload-1049x1536.jpg 1049w, https:\/\/api-lux.be\/wp-content\/uploads\/2025\/02\/bambou-au-pays-des-emotions.jpg.crdownload-1399x2048.jpg 1399w\" sizes=\"auto, (max-width: 1749px) 100vw, 1749px\" \/><\/figure>\n<\/div><\/div>\n\n\n\n<div class=\"wp-block-column is-layout-flow wp-block-column-is-layout-flow\">\n<p>\ud83d\ude0c <strong>GESTION DES \u00c9MOTIONS<\/strong> &#8211; Livre pour aider les enfants \u00e0 comprendre et g\u00e9rer leurs \u00e9motions.<\/p>\n\n\n\n<!--more-->\n\n\n\n<h2 class=\"wp-block-heading\">\u00c2ge cible<\/h2>\n\n\n\n<p>De 3 \u00e0 6 ans.<\/p>\n<\/div>\n<\/div>\n\n\n\n<h2 class=\"wp-block-heading\">Descriptif de l&rsquo;outil<\/h2>\n\n\n\n<p>Ce livre utilise des anecdotes simples pour illustrer les \u00e9motions primaires : la col\u00e8re, la tristesse, la joie et la peur \ud83d\ude21\ud83d\ude22\ud83d\ude0a\ud83d\ude28. Chaque histoire de Bambou est accompagn\u00e9e de questions pour inciter les enfants \u00e0 r\u00e9fl\u00e9chir \u00e0 leurs propres \u00e9motions. Le livre contient des outils pratiques \ud83d\udee0\ufe0f pour cr\u00e9er une frise d\u2019accompagnement \ud83d\uddbc\ufe0f et du mat\u00e9riel photocopiable \ud83d\udcc4. Il existe \u00e9galement en version audio (fichier MP3) pour que les enfants puissent apprendre \u00e0 mettre en pratique la d\u00e9marche de mani\u00e8re autonome.<\/p>\n\n\n\n<p>Le principe est que Bambou \ud83d\udc3c confie des secrets \ud83e\udd2b au sujet des \u00e9motions \u2764\ufe0f et que ces secrets sont l\u2019opportunit\u00e9 de cr\u00e9er un chemin des \u00e9motions \ud83d\udee4\ufe0f au cours duquel les enfants vont explorer les trois \u00e9tats \u00e9motionnels de Bambou.<\/p>\n\n\n\n<p><strong>Bambou au pays des \u00e9motions (livre + planches de mat\u00e9riel)<\/strong>&nbsp;de Marie Vaillant et Jean-Fran\u00e7ois Rousseau (\u00e9ditions La Parole Vivante) disponible \u00e0 la vente en ligne ou dans sa librairie de proximit\u00e9, au prix r\u00e9f\u00e9renc\u00e9 en janvier 2025, de 30\u20ac. N&rsquo;h\u00e9sitez pas \u00e0 vous renseigner aupr\u00e8s vers votre biblioth\u00e8que locale, si vous souhaitez l&#8217;emprunter.<\/p>\n\n\n\n<div class=\"wp-block-columns is-layout-flex wp-container-core-columns-is-layout-9d6595d7 wp-block-columns-is-layout-flex\">\n<div class=\"wp-block-column is-layout-flow wp-block-column-is-layout-flow\">\n<h2 class=\"wp-block-heading\">Liens utiles<\/h2>\n\n\n\n<p>\ud83c\udfa5 <strong>VID\u00c9O Youtube &#8211; Boris Prat: \u00ab\u00a0<a href=\"https:\/\/www.youtube.com\/watch?v=a055JLRIdPs\" target=\"_blank\" rel=\"noreferrer noopener\">L&rsquo;accompagnement des \u00e9motions chez l&rsquo;enfant<\/a>\u00a0\u00bb (7min23)<\/strong>, qui r\u00e9sume l\u2019histoire et l\u2019utilisation qui peut \u00eatre faite du mat\u00e9riel (dans la vid\u00e9o, le mat\u00e9riel a \u00e9t\u00e9 cr\u00e9\u00e9 de toute pi\u00e8ce) :<\/p>\n\n\n\n<p>\ud83d\udcc4 <strong>ARTICLE <a href=\"https:\/\/apprendreaeduquer.fr\/bambou-pays-emotions-livre-materiel-chemin-emotions\/\" target=\"_blank\" rel=\"noreferrer noopener\">pr\u00e9sentation du livre et du mat\u00e9riel,<\/a> <\/strong>ressource sur le site \u00ab\u00a0Apprendre \u00e0 \u00e9duquer\u00a0\u00bb &#8211;<\/p>\n\n\n\n<p>\ud83d\uded2 <strong>SITE DE VENTE EN LIGNE (EXEMPLE): <\/strong><a href=\"https:\/\/www.fr.fnac.be\/a8267742\/Bambou-Bambou-au-pays-des-emotions-Collectif\" target=\"_blank\" rel=\"noreferrer noopener\">https:\/\/www.fr.fnac.be\/a8267742\/Bambou-Bambou-au-pays-des-emotions-Collectif<\/a><\/p>\n\n\n\n<p><em>Les liens vers les sites propos\u00e9s sont fournis \u00e0 titre indicatif et ne constituent en aucun cas une recommandation publicitaire. De nombreux mat\u00e9riaux et \u00e9quipements similaires peuvent \u00eatre trouv\u00e9s dans les magasins de proximit\u00e9 et les enseignes discount.<\/em><\/p>\n<\/div>\n\n\n\n<div class=\"wp-block-column is-layout-flow wp-block-column-is-layout-flow\">\n<h2 class=\"wp-block-heading\">Objectif(s) d&rsquo;utilisation<\/h2>\n\n\n\n<ul class=\"wp-block-list\">\n<li>\ud83e\udd1d Aider les jeunes enfants \u00e0 partir de 3 ans, \u00e0 identifier, comprendre et exprimer sainement leurs \u00e9motions;<\/li>\n\n\n\n<li>\ud83c\udf1f Favoriser l&rsquo;accueil et l&rsquo;accompagnement des \u00e9motions;<\/li>\n\n\n\n<li>\ud83d\udcdd \u00catre utilis\u00e9 dans les espaces de vie et de d\u00e9couvertes, comme les \u00e9coles et les loisirs, o\u00f9 il peut servir de support pour des activit\u00e9s \u00e9ducatives et ludiques. <\/li>\n<\/ul>\n<\/div>\n<\/div>\n\n\n\n<p>Des outils \u00e0 nous partager ?&nbsp;<a href=\"https:\/\/api-lux.be\/index.php\/contact\/\">Cliquez ici<\/a><\/p>\n","protected":false},"excerpt":{"rendered":"<p>\ud83d\ude0c GESTION DES \u00c9MOTIONS &#8211; Livre pour aider les enfants \u00e0 comprendre et g\u00e9rer leurs \u00e9motions.<\/p>\n","protected":false},"author":1,"featured_media":0,"comment_status":"closed","ping_status":"closed","sticky":false,"template":"","format":"standard","meta":{"iawp_total_views":6,"footnotes":""},"categories":[4,22,18,48,49,47,19,26],"tags":[],"class_list":["post-769","post","type-post","status-publish","format-standard","hentry","category-besoins","category-besoins-cognitifs","category-besoins-destime","category-fiches-outils-pour-les-aidants-proches","category-fiches-outils-pour-les-jeunes","category-fiches-outils-pour-les-professionnels","category-gestion-des-emotions","category-outils-pedagogiques-pour-les-pro"],"_links":{"self":[{"href":"https:\/\/api-lux.be\/index.php\/wp-json\/wp\/v2\/posts\/769","targetHints":{"allow":["GET"]}}],"collection":[{"href":"https:\/\/api-lux.be\/index.php\/wp-json\/wp\/v2\/posts"}],"about":[{"href":"https:\/\/api-lux.be\/index.php\/wp-json\/wp\/v2\/types\/post"}],"author":[{"embeddable":true,"href":"https:\/\/api-lux.be\/index.php\/wp-json\/wp\/v2\/users\/1"}],"replies":[{"embeddable":true,"href":"https:\/\/api-lux.be\/index.php\/wp-json\/wp\/v2\/comments?post=769"}],"version-history":[{"count":10,"href":"https:\/\/api-lux.be\/index.php\/wp-json\/wp\/v2\/posts\/769\/revisions"}],"predecessor-version":[{"id":7697,"href":"https:\/\/api-lux.be\/index.php\/wp-json\/wp\/v2\/posts\/769\/revisions\/7697"}],"wp:attachment":[{"href":"https:\/\/api-lux.be\/index.php\/wp-json\/wp\/v2\/media?parent=769"}],"wp:term":[{"taxonomy":"category","embeddable":true,"href":"https:\/\/api-lux.be\/index.php\/wp-json\/wp\/v2\/categories?post=769"},{"taxonomy":"post_tag","embeddable":true,"href":"https:\/\/api-lux.be\/index.php\/wp-json\/wp\/v2\/tags?post=769"}],"curies":[{"name":"wp","href":"https:\/\/api.w.org\/{rel}","templated":true}]}}