{"id":768,"date":"2025-02-14T11:36:55","date_gmt":"2025-02-14T10:36:55","guid":{"rendered":"http:\/\/localhost\/mdi_w\/?p=768"},"modified":"2025-07-01T13:37:10","modified_gmt":"2025-07-01T11:37:10","slug":"site-internet-petit-pont","status":"publish","type":"post","link":"https:\/\/api-lux.be\/index.php\/2025\/02\/14\/site-internet-petit-pont\/","title":{"rendered":"Site s\u00e9paration: Petit pont.org"},"content":{"rendered":"\n<div class=\"wp-block-columns is-layout-flex wp-container-core-columns-is-layout-9d6595d7 wp-block-columns-is-layout-flex\">\n<div class=\"wp-block-column is-layout-flow wp-block-column-is-layout-flow\">\n<figure class=\"wp-block-gallery has-nested-images columns-default is-cropped wp-block-gallery-1 is-layout-flex wp-block-gallery-is-layout-flex\">\n<figure class=\"wp-block-image size-large\"><img loading=\"lazy\" decoding=\"async\" width=\"343\" height=\"109\" data-id=\"1550\" src=\"https:\/\/api-lux.be\/wp-content\/uploads\/2025\/02\/petit-pont-logo.png\" alt=\"\" class=\"wp-image-1550\" srcset=\"https:\/\/api-lux.be\/wp-content\/uploads\/2025\/02\/petit-pont-logo.png 343w, https:\/\/api-lux.be\/wp-content\/uploads\/2025\/02\/petit-pont-logo-300x95.png 300w\" sizes=\"auto, (max-width: 343px) 100vw, 343px\" \/><\/figure>\n<\/figure>\n<\/div>\n\n\n\n<div class=\"wp-block-column is-layout-flow wp-block-column-is-layout-flow\">\n<p>\ud83d\ude0c <strong>GESTION DES \u00c9MOTIONS <\/strong>&#8211; Ce site comporte une rubrique d&rsquo;outils et ressources pratiques pour accompagner l&rsquo;enfant \u00e0 s&rsquo;adapter \u00e0 la s\u00e9paration du couple parental.<\/p>\n\n\n\n<!--more-->\n\n\n\n<h2 class=\"wp-block-heading\">\u00c2ge cible<\/h2>\n\n\n\n<p> De 3 \u00e0 15 ans.<\/p>\n<\/div>\n<\/div>\n\n\n\n<h2 class=\"wp-block-heading\">Descriptif de l&rsquo;outil<\/h2>\n\n\n\n<p><strong>Le Petit Pont<\/strong> est un <strong>organisme communautaire autonome<\/strong> dont la mission est de favoriser le <strong>lien parent-enfant<\/strong> et le bien-\u00eatre de l\u2019enfant, notamment en p\u00e9riode de s\u00e9paration parentale. \ud83d\udc94<br>Le site propose une <strong>rubrique d\u00e9di\u00e9e<\/strong> aux familles en situation de s\u00e9paration, avec des <strong>outils pratiques et des ressources<\/strong> pour aider les enfants \u00e0 <strong>s\u2019adapter \u00e0 cette nouvelle r\u00e9alit\u00e9<\/strong>. \ud83d\udcac<\/p>\n\n\n\n<p>Les <strong>ressources disponibles<\/strong> incluent :<\/p>\n\n\n\n<ul class=\"wp-block-list\">\n<li>\ud83d\udcda <strong>Des articles<\/strong> pour comprendre les enjeux psychologiques et \u00e9motionnels d\u2019une s\u00e9paration.<\/li>\n\n\n\n<li>\ud83c\udfa5 <strong>Des vid\u00e9os informatives<\/strong> pour guider les parents et les enfants dans ce processus d\u00e9licat.<\/li>\n\n\n\n<li>\ud83d\udcdd <strong>Des guides<\/strong> pour aider les parents \u00e0 maintenir un environnement serein et s\u00e9curisant pour leurs enfants, malgr\u00e9 les changements.<\/li>\n\n\n\n<li>\ud83d\udd04 <strong>Des outils interactifs<\/strong> pour renforcer la communication et aider les enfants \u00e0 exprimer leurs \u00e9motions.<\/li>\n<\/ul>\n\n\n\n<div class=\"wp-block-columns is-layout-flex wp-container-core-columns-is-layout-9d6595d7 wp-block-columns-is-layout-flex\">\n<div class=\"wp-block-column is-layout-flow wp-block-column-is-layout-flow\">\n<h2 class=\"wp-block-heading\">Liens utiles<\/h2>\n\n\n\n<p><strong>PAGE DU SITE INTERNET, REGROUPANT LES OUTILS:<\/strong> <a href=\"https:\/\/www.petitpont.org\/outils-du-petit-pont.php\" target=\"_blank\" rel=\"noreferrer noopener\">https:\/\/www.petitpont.org\/outils-du-petit-pont.php<\/a><\/p>\n<\/div>\n\n\n\n<div class=\"wp-block-column is-layout-flow wp-block-column-is-layout-flow\">\n<h2 class=\"wp-block-heading\">Objectif(s) d&rsquo;utilisation<\/h2>\n\n\n\n<p>\ud83e\udd17 <strong>Soutenir les enfants et les parents<\/strong> dans l\u2019adaptation \u00e0 la s\u00e9paration parentale : Accompagner les familles dans le processus de transition.<br>\ud83d\udcac <strong>Faciliter la communication<\/strong> : Offrir des ressources pour aider \u00e0 maintenir un dialogue ouvert et apais\u00e9 entre parents et enfants.<br>\ud83d\udee1\ufe0f <strong>Maintenir un environnement s\u00e9curisant<\/strong> : Conseiller les parents sur la fa\u00e7on de pr\u00e9server un cadre stable pour l\u2019enfant malgr\u00e9 les changements.<br>\u2764\ufe0f <strong>Favoriser le bien-\u00eatre de l\u2019enfant<\/strong> : Aider les enfants \u00e0 comprendre et \u00e0 g\u00e9rer les \u00e9motions li\u00e9es \u00e0 la s\u00e9paration.<\/p>\n<\/div>\n<\/div>\n\n\n\n<p>Des outils \u00e0 nous partager ?&nbsp;<a href=\"https:\/\/api-lux.be\/index.php\/contact\/\">Cliquez ici<\/a><\/p>\n","protected":false},"excerpt":{"rendered":"<p>\ud83d\ude0c GESTION DES \u00c9MOTIONS &#8211; Ce site comporte une rubrique d&rsquo;outils et ressources pratiques pour accompagner l&rsquo;enfant \u00e0 s&rsquo;adapter \u00e0 la s\u00e9paration du couple parental.<\/p>\n","protected":false},"author":1,"featured_media":0,"comment_status":"closed","ping_status":"closed","sticky":false,"template":"","format":"standard","meta":{"iawp_total_views":15,"footnotes":""},"categories":[4,22,14,9,13,23,15,46,48,47],"tags":[],"class_list":["post-768","post","type-post","status-publish","format-standard","hentry","category-besoins","category-besoins-cognitifs","category-besoins-dappartenance","category-besoins-de-securite","category-coherence","category-communication","category-famille-et-milieu-de-vie","category-fiches-outils","category-fiches-outils-pour-les-aidants-proches","category-fiches-outils-pour-les-professionnels"],"_links":{"self":[{"href":"https:\/\/api-lux.be\/index.php\/wp-json\/wp\/v2\/posts\/768","targetHints":{"allow":["GET"]}}],"collection":[{"href":"https:\/\/api-lux.be\/index.php\/wp-json\/wp\/v2\/posts"}],"about":[{"href":"https:\/\/api-lux.be\/index.php\/wp-json\/wp\/v2\/types\/post"}],"author":[{"embeddable":true,"href":"https:\/\/api-lux.be\/index.php\/wp-json\/wp\/v2\/users\/1"}],"replies":[{"embeddable":true,"href":"https:\/\/api-lux.be\/index.php\/wp-json\/wp\/v2\/comments?post=768"}],"version-history":[{"count":14,"href":"https:\/\/api-lux.be\/index.php\/wp-json\/wp\/v2\/posts\/768\/revisions"}],"predecessor-version":[{"id":7696,"href":"https:\/\/api-lux.be\/index.php\/wp-json\/wp\/v2\/posts\/768\/revisions\/7696"}],"wp:attachment":[{"href":"https:\/\/api-lux.be\/index.php\/wp-json\/wp\/v2\/media?parent=768"}],"wp:term":[{"taxonomy":"category","embeddable":true,"href":"https:\/\/api-lux.be\/index.php\/wp-json\/wp\/v2\/categories?post=768"},{"taxonomy":"post_tag","embeddable":true,"href":"https:\/\/api-lux.be\/index.php\/wp-json\/wp\/v2\/tags?post=768"}],"curies":[{"name":"wp","href":"https:\/\/api.w.org\/{rel}","templated":true}]}}