{"id":767,"date":"2025-02-14T11:36:55","date_gmt":"2025-02-14T10:36:55","guid":{"rendered":"http:\/\/localhost\/mdi_w\/?p=767"},"modified":"2025-07-01T15:38:43","modified_gmt":"2025-07-01T13:38:43","slug":"livre-le-chemin-des-emotions","status":"publish","type":"post","link":"https:\/\/api-lux.be\/index.php\/2025\/02\/14\/livre-le-chemin-des-emotions\/","title":{"rendered":"Livre : Le chemin des \u00e9motions"},"content":{"rendered":"\n<div class=\"wp-block-columns is-layout-flex wp-container-core-columns-is-layout-9d6595d7 wp-block-columns-is-layout-flex\">\n<div class=\"wp-block-column is-layout-flow wp-block-column-is-layout-flow\"><div class=\"wp-block-image\">\n<figure class=\"aligncenter size-full is-resized\"><img decoding=\"async\" src=\"https:\/\/api-lux.be\/wp-content\/uploads\/2025\/02\/le_chemin_des_emotions.jpg\" alt=\" \" class=\"wp-image-202\" style=\"width:324px;height:auto\"\/><\/figure>\n<\/div><\/div>\n\n\n\n<div class=\"wp-block-column is-layout-flow wp-block-column-is-layout-flow\">\n<p>\ud83d\ude0c <strong>GESTION DES \u00c9MOTIONS<\/strong> &#8211; Livre pour aider les enfants \u00e0 comprendre et g\u00e9rer leurs \u00e9motions &#8211; de<em> Laura Leonardo<\/em><\/p>\n\n\n\n<!--more-->\n\n\n\n<h2 class=\"wp-block-heading\">\u00c2ge cible<\/h2>\n\n\n\n<p> De 6 \u00e0 15 ans.<\/p>\n<\/div>\n<\/div>\n\n\n\n<h2 class=\"wp-block-heading\">Descriptif de l&rsquo;outil<\/h2>\n\n\n\n<p><strong>Le livre \u00ab\u00a0Le chemin des \u00e9motions\u00a0\u00bb<\/strong> (<em> Laura Leonardo -Sedrap Edition<\/em>) est un album interactif qui aide les enfants \u00e0 comprendre et g\u00e9rer leurs \u00e9motions \u00e0 travers des situations de vie courantes. Ce livre pr\u00e9sente 4 personnages qui exp\u00e9rimentent diff\u00e9rentes \u00e9motions :<\/p>\n\n\n\n<ul class=\"wp-block-list\">\n<li>\ud83d\ude28 <strong>La peur<\/strong><\/li>\n\n\n\n<li>\ud83d\ude21 <strong>La col\u00e8re<\/strong><\/li>\n\n\n\n<li>\ud83d\ude04 <strong>L&rsquo;excitation<\/strong><\/li>\n\n\n\n<li>\ud83d\ude22 <strong>La tristesse<\/strong><\/li>\n<\/ul>\n\n\n\n<p>L\u2019histoire se d\u00e9roule dans une cour de r\u00e9cr\u00e9ation o\u00f9 les \u00e9l\u00e8ves rencontrent ces \u00e9motions au travers des actions de 4 enfants. Le personnage du <strong>col\u00e9opt\u00e8re-reporter<\/strong> accompagne les enfants pour les aider \u00e0 identifier les \u00e9motions en observant les signes corporels (gestes, expressions faciales). Ce livre permet aux enfants de choisir diff\u00e9rentes r\u00e9actions face aux \u00e9motions v\u00e9cues par les personnages, favorisant ainsi leur compr\u00e9hension et gestion des \u00e9motions.<\/p>\n\n\n\n<p>Cet outil interactif donne aussi des <strong>outils pratiques<\/strong> pour comprendre ce qu\u2019on ressent et pour apprendre \u00e0 g\u00e9rer ses \u00e9motions. C\u2019est un support id\u00e9al pour favoriser le dialogue sur les \u00e9motions, aussi bien en classe qu\u2019\u00e0 la maison.<\/p>\n\n\n\n<p>\ud83d\udcd6 <strong>Disponible \u00e0 la vente en ligne ou dans les librairies locales<\/strong> pour environ <strong>14,50\u20ac<\/strong>, ou peut \u00eatre emprunt\u00e9 dans certaines biblioth\u00e8ques.<\/p>\n\n\n\n<div class=\"wp-block-columns is-layout-flex wp-container-core-columns-is-layout-9d6595d7 wp-block-columns-is-layout-flex\">\n<div class=\"wp-block-column is-layout-flow wp-block-column-is-layout-flow\">\n<h2 class=\"wp-block-heading\">Liens utiles<\/h2>\n\n\n\n<p>\ud83c\udfa5 <strong>VIDEO:<\/strong> <em><a href=\"https:\/\/www.youtube.com\/watch?v=8eD30gemBbs\" target=\"_blank\" rel=\"noreferrer noopener\">Comment prennent forme nos \u00e9motions?<\/a><\/em> &#8211; (Youtube &#8211; C&rsquo;est pas sorcier &#8211; 1h:21)<br><\/p>\n<\/div>\n\n\n\n<div class=\"wp-block-column is-layout-flow wp-block-column-is-layout-flow\">\n<h2 class=\"wp-block-heading\">Objectif(s) d&rsquo;utilisation<\/h2>\n\n\n\n<p><strong>\ud83d\udc65 Travailler en groupe ou individuellement<\/strong> : Permet aux enfants de discuter, en groupe ou seul, des \u00e9motions qu\u2019ils rencontrent dans leur quotidien (peur, col\u00e8re, tristesse, excitation).<\/p>\n\n\n\n<p><strong>\ud83e\udd1d Renforcer les habilit\u00e9s sociales<\/strong> : Le livre aide les enfants \u00e0 d\u00e9velopper des comp\u00e9tences pour comprendre et partager leurs \u00e9motions, ce qui renforce leurs relations avec les autres et leur permet de mieux g\u00e9rer les interactions sociales.<\/p>\n<\/div>\n<\/div>\n\n\n\n<h3 class=\"wp-block-heading\">\ud83d\udee0\ufe0f Variantes &#8211; Am\u00e9nagement<\/h3>\n\n\n\n<ul class=\"wp-block-list\">\n<li>\ud83d\udcac <strong>Discussion en groupe<\/strong> : Apr\u00e8s avoir lu le livre, organiser un cercle de discussion o\u00f9 les enfants partagent des exemples de situations o\u00f9 ils ont ressenti des \u00e9motions similaires \u00e0 celles des personnages du livre.<\/li>\n\n\n\n<li>\ud83e\udde0 <strong>Jeux de r\u00f4le<\/strong> : Faire jouer les enfants dans des sc\u00e8nes o\u00f9 ils peuvent exprimer ces \u00e9motions en utilisant des techniques appropri\u00e9es pour mieux les g\u00e9rer (respiration, calme, demande d&rsquo;aide, etc.).<\/li>\n\n\n\n<li>\ud83d\uddbc\ufe0f <strong>Cr\u00e9ation d&rsquo;affiches \u00e9motionnelles<\/strong> : Demander aux enfants de cr\u00e9er des affiches illustrant les diff\u00e9rentes \u00e9motions v\u00e9cues dans le livre, afin d&rsquo;approfondir la compr\u00e9hension des signes corporels associ\u00e9s \u00e0 chaque \u00e9motion.<\/li>\n<\/ul>\n\n\n\n<p>Des outils \u00e0 nous partager ?\u00a0<a href=\"https:\/\/api-lux.be\/index.php\/contact\/\">Cliquez ici<\/a><\/p>\n","protected":false},"excerpt":{"rendered":"<p>\ud83d\ude0c GESTION DES \u00c9MOTIONS &#8211; Livre pour aider les enfants \u00e0 comprendre et g\u00e9rer leurs \u00e9motions &#8211; de Laura Leonardo<\/p>\n","protected":false},"author":1,"featured_media":0,"comment_status":"closed","ping_status":"closed","sticky":false,"template":"","format":"standard","meta":{"iawp_total_views":25,"footnotes":""},"categories":[4,18,46,48,47,19],"tags":[],"class_list":["post-767","post","type-post","status-publish","format-standard","hentry","category-besoins","category-besoins-destime","category-fiches-outils","category-fiches-outils-pour-les-aidants-proches","category-fiches-outils-pour-les-professionnels","category-gestion-des-emotions"],"_links":{"self":[{"href":"https:\/\/api-lux.be\/index.php\/wp-json\/wp\/v2\/posts\/767","targetHints":{"allow":["GET"]}}],"collection":[{"href":"https:\/\/api-lux.be\/index.php\/wp-json\/wp\/v2\/posts"}],"about":[{"href":"https:\/\/api-lux.be\/index.php\/wp-json\/wp\/v2\/types\/post"}],"author":[{"embeddable":true,"href":"https:\/\/api-lux.be\/index.php\/wp-json\/wp\/v2\/users\/1"}],"replies":[{"embeddable":true,"href":"https:\/\/api-lux.be\/index.php\/wp-json\/wp\/v2\/comments?post=767"}],"version-history":[{"count":9,"href":"https:\/\/api-lux.be\/index.php\/wp-json\/wp\/v2\/posts\/767\/revisions"}],"predecessor-version":[{"id":7880,"href":"https:\/\/api-lux.be\/index.php\/wp-json\/wp\/v2\/posts\/767\/revisions\/7880"}],"wp:attachment":[{"href":"https:\/\/api-lux.be\/index.php\/wp-json\/wp\/v2\/media?parent=767"}],"wp:term":[{"taxonomy":"category","embeddable":true,"href":"https:\/\/api-lux.be\/index.php\/wp-json\/wp\/v2\/categories?post=767"},{"taxonomy":"post_tag","embeddable":true,"href":"https:\/\/api-lux.be\/index.php\/wp-json\/wp\/v2\/tags?post=767"}],"curies":[{"name":"wp","href":"https:\/\/api.w.org\/{rel}","templated":true}]}}