{"id":766,"date":"2025-02-14T11:36:55","date_gmt":"2025-02-14T10:36:55","guid":{"rendered":"http:\/\/localhost\/mdi_w\/?p=766"},"modified":"2025-07-01T15:38:16","modified_gmt":"2025-07-01T13:38:16","slug":"decharger-sa-colere","status":"publish","type":"post","link":"https:\/\/api-lux.be\/index.php\/2025\/02\/14\/decharger-sa-colere\/","title":{"rendered":"D\u00e9charger sa col\u00e8re"},"content":{"rendered":"\n<div class=\"wp-block-columns is-layout-flex wp-container-core-columns-is-layout-9d6595d7 wp-block-columns-is-layout-flex\">\n<div class=\"wp-block-column is-layout-flow wp-block-column-is-layout-flow\">\n<figure class=\"wp-block-image size-full\"><img decoding=\"async\" src=\"https:\/\/api-lux.be\/wp-content\/uploads\/2025\/02\/colere.jpg\" alt=\" \" class=\"wp-image-202\"\/><\/figure>\n<\/div>\n\n\n\n<div class=\"wp-block-column is-layout-flow wp-block-column-is-layout-flow\">\n<p>\ud83d\ude0c <strong>GESTION DES \u00c9MOTIONS<\/strong> &#8211; D\u00e9charger sa col\u00e8re permet aux jeunes d&rsquo;exprimer leurs \u00e9motions de mani\u00e8re constructive et s\u00e9curis\u00e9e, en utilisant des supports adapt\u00e9s pour lib\u00e9rer la tension accumul\u00e9e.<\/p>\n\n\n\n<!--more-->\n\n\n\n<h2 class=\"wp-block-heading\">\u00c2ge cible<\/h2>\n\n\n\n<p> De 3 \u00e0 21 ans.<\/p>\n<\/div>\n<\/div>\n\n\n\n<h2 class=\"wp-block-heading\">Descriptif de l&rsquo;outil<\/h2>\n\n\n\n<p>\u00ab\u00a0<strong>D\u00e9charger sa col\u00e8re<\/strong>\u00a0\u00bb \ud83d\ude21 est une m\u00e9thode qui permet d&rsquo;exprimer ses frustrations et ses col\u00e8res de fa\u00e7on saine et contr\u00f4l\u00e9e. L\u2019objectif est d\u2019accompagner l&rsquo;enfant ou l&rsquo;adolescent dans la gestion de cette \u00e9motion souvent intense \ud83d\udd25, pour \u00e9viter qu\u2019elle ne se transforme en comportements probl\u00e9matiques \ud83d\udeab.<\/p>\n\n\n\n<p><strong>Exemples d&rsquo;utilisation :<\/strong><\/p>\n\n\n\n<ul class=\"wp-block-list\">\n<li><strong>Milieu de vie (domicile, \u00e9cole)<\/strong> \ud83c\udfe0: Installer un sac de boxe ou un punching-ball dans un espace d\u00e9di\u00e9 \u00e0 la d\u00e9charge \u00e9motionnelle. Ce type d&rsquo;exercice permet au jeune de lib\u00e9rer sa col\u00e8re de mani\u00e8re physique, en toute s\u00e9curit\u00e9, tout en respectant un cadre.<\/li>\n\n\n\n<li><strong>Espace sociabilisant (activit\u00e9 en groupe)<\/strong> \ud83e\udd1d: Lors d&rsquo;activit\u00e9s collectives, il est possible de sortir en for\u00eat ou dans un environnement isol\u00e9 et s\u00fbr, o\u00f9 les jeunes peuvent crier pour exprimer leur frustration. Cette lib\u00e9ration vocale dans un espace naturel permet d\u2019apaiser les tensions tout en \u00e9tant en contact avec la nature.<\/li>\n\n\n\n<li><strong>Activit\u00e9s cr\u00e9atives<\/strong> \ud83c\udfa8: Organiser des ateliers o\u00f9 le jeune peut lib\u00e9rer sa col\u00e8re \u00e0 travers la cr\u00e9ation artistique (peinture expressive, sculpture de sable, etc.). Cela permet de canaliser l&rsquo;\u00e9motion tout en d\u00e9veloppant la cr\u00e9ativit\u00e9 \ud83c\udf1f.<\/li>\n<\/ul>\n\n\n\n<p>\u26a0\ufe0f <strong>Points d&rsquo;attention:<\/strong><\/p>\n\n\n\n<ul class=\"wp-block-list\">\n<li>\ud83d\udc49 Toujours respecter les limites physiques et \u00e9motionnelles du jeune. Ne pas pousser \u00e0 l&rsquo;extr\u00eame, mais offrir un espace s\u00e9curis\u00e9. <\/li>\n\n\n\n<li>\ud83d\udca2 Pr\u00e9ciser que l\u2019expression de la col\u00e8re ne doit pas devenir un acte de violence envers soi-m\u00eame ou les autres. <\/li>\n\n\n\n<li>\ud83d\udd11 Note importante : Il est essentiel que l\u2019adulte supervise les moments de d\u00e9charge \u00e9motionnelle pour garantir que l\u2019outil soit utilis\u00e9 de mani\u00e8re constructive et bienveillante. <\/li>\n<\/ul>\n\n\n\n<div class=\"wp-block-columns is-layout-flex wp-container-core-columns-is-layout-9d6595d7 wp-block-columns-is-layout-flex\">\n<div class=\"wp-block-column is-layout-flow wp-block-column-is-layout-flow\">\n<h2 class=\"wp-block-heading\">Objectif(s) d&rsquo;utilisation<\/h2>\n\n\n\n<ul class=\"wp-block-list\">\n<li>\ud83e\udde0 <strong>Comportemental<\/strong>: apprendre \u00e0 reconna\u00eetre et exprimer la col\u00e8re de mani\u00e8re saine et non destructive.<\/li>\n\n\n\n<li>\ud83d\udcda <strong>\u00c9ducatif<\/strong>: d\u00e9velopper la capacit\u00e9 \u00e0 comprendre et verbaliser les \u00e9motions, en particulier la col\u00e8re, comme \u00e9tape vers une gestion \u00e9motionnelle plus consciente \u2728.<\/li>\n\n\n\n<li><strong>\ud83e\udd1d Social: <\/strong>favoriser un climat de bienveillance et de compr\u00e9hension entre les pairs et les adultes. Encourager l\u2019entraide et la gestion des conflits sans violence.<\/li>\n\n\n\n<li>\ud83d\udc96 <strong>\u00c9motionnel<\/strong>: accompagner l\u2019enfant dans l\u2019auto-r\u00e9gulation \u00e9motionnelle, en valorisant l\u2019expression de la col\u00e8re comme un moyen de soulager et comprendre les \u00e9motions \ud83c\udf08.<\/li>\n\n\n\n<li><strong>\ud83d\ude80<\/strong> <strong>Autonomie et Responsabilisation <\/strong> : Encourager l\u2019enfant \u00e0 prendre conscience de ses \u00e9motions et \u00e0 d\u00e9velopper des strat\u00e9gies pour les g\u00e9rer seul, tout en sachant quand demander du soutien \ud83e\udd1d.<\/li>\n\n\n\n<li><strong>\ud83e\udd1d<\/strong> <strong>Sociabilisation<\/strong>: apprendre \u00e0 partager ses \u00e9motions avec les autres de mani\u00e8re respectueuse et appropri\u00e9e \u2705.<\/li>\n<\/ul>\n\n\n\n<h2 class=\"wp-block-heading\">Liens utiles<\/h2>\n\n\n\n<p>\ud83c\udfa5 <strong>VIDEO youtube (5:02): <\/strong><br><strong>\u00ab\u00a0Et tout le monde s&rsquo;en fout #52 &#8211; <a href=\"https:\/\/www.youtube.com\/watch?v=82YjKelbCqg\" target=\"_blank\" rel=\"noreferrer noopener\">La col\u00e8re<\/a>\u00ab\u00a0<\/strong> &#8211;<\/p>\n<\/div>\n\n\n\n<div class=\"wp-block-column is-layout-flow wp-block-column-is-layout-flow\">\n<h2 class=\"wp-block-heading\">Variantes &#8211; am\u00e9nagements<\/h2>\n\n\n\n<ol class=\"wp-block-list\">\n<li><strong>\ud83c\udf3f<\/strong> <strong>Approche alternative<\/strong>: Utiliser la m\u00e9ditation ou la relaxation pour g\u00e9rer la col\u00e8re, en compl\u00e9ment de l\u2019expression physique. Certaines techniques comme la respiration profonde ou les visualisations peuvent \u00eatre particuli\u00e8rement adapt\u00e9es pour les jeunes qui pr\u00e9f\u00e8rent des strat\u00e9gies plus calmes.<\/li>\n\n\n\n<li>\ud83d\ude02 <strong>M\u00e9thode du rire en groupe :<\/strong> Organiser des sessions de \u00ab\u00a0rire th\u00e9rapeutique\u00a0\u00bb en groupe. Le rire provoqu\u00e9 de mani\u00e8re collective et volontaire a des effets b\u00e9n\u00e9fiques sur le corps et l\u2019esprit. En stimulant la production d&rsquo;endorphines et en favorisant un \u00e9tat de d\u00e9tente, cette m\u00e9thode peut transformer une col\u00e8re refoul\u00e9e en \u00e9nergie positive. C\u2019est aussi un excellent moyen d&rsquo;apprendre \u00e0 rel\u00e2cher la tension tout en cr\u00e9ant du lien social.<\/li>\n\n\n\n<li><strong>\ud83d\udca1 Trucs et astuces<\/strong><strong>:<\/strong>\n<ul class=\"wp-block-list\">\n<li>Pratiquer des pauses respiratoires pour apaiser l\u2019esprit.<\/li>\n\n\n\n<li>Utiliser un carnet de \u00e9motions pour exprimer ses sentiments.<\/li>\n\n\n\n<li>Cr\u00e9er un espace calme pour se recentrer lorsque la col\u00e8re monte.<\/li>\n\n\n\n<li>Chanter ou danser pour lib\u00e9rer les tensions.<\/li>\n<\/ul>\n<\/li>\n\n\n\n<li><strong>\ud83c\udfa8<\/strong> <strong>Id\u00e9es cr\u00e9atives:<\/strong>\n<ul class=\"wp-block-list\">\n<li>Cr\u00e9er un journal \u00e9motionnel o\u00f9 l\u2019enfant peut dessiner ou \u00e9crire ses sentiments.<\/li>\n\n\n\n<li>Organiser des ateliers de relaxation avec des poup\u00e9es antistress ou des balles de massage.<\/li>\n\n\n\n<li>Lancer des jeux de r\u00f4le pour apprendre \u00e0 g\u00e9rer les conflits de mani\u00e8re ludique.<\/li>\n\n\n\n<li>Utiliser des cartes de m\u00e9ditation pour guider les enfants dans des exercices de calme.<\/li>\n\n\n\n<li>Cr\u00e9er des mandalas \u00e0 colorier pour exprimer visuellement les \u00e9motions.<\/li>\n\n\n\n<li>Proposer des ateliers de th\u00e9\u00e2tre ou de danse o\u00f9 les jeunes peuvent incarner des personnages en col\u00e8re et lib\u00e9rer l\u2019\u00e9motion \u00e0 travers des jeux de r\u00f4les ou des improvisations. Cela permet de d\u00e9dramatiser la col\u00e8re et d\u2019en faire une source de cr\u00e9ativit\u00e9.<\/li>\n<\/ul>\n<\/li>\n<\/ol>\n<\/div>\n<\/div>\n\n\n\n<p>Des outils \u00e0 nous partager ?&nbsp;<a href=\"https:\/\/api-lux.be\/index.php\/contact\/\">Cliquez ici<\/a><\/p>\n","protected":false},"excerpt":{"rendered":"<p>\ud83d\ude0c GESTION DES \u00c9MOTIONS &#8211; D\u00e9charger sa col\u00e8re permet aux jeunes d&rsquo;exprimer leurs \u00e9motions de mani\u00e8re constructive et s\u00e9curis\u00e9e, en utilisant des supports adapt\u00e9s pour lib\u00e9rer la tension accumul\u00e9e.<\/p>\n","protected":false},"author":1,"featured_media":0,"comment_status":"closed","ping_status":"closed","sticky":false,"template":"","format":"standard","meta":{"iawp_total_views":15,"footnotes":""},"categories":[10,4,18,9,48,49,47,19],"tags":[],"class_list":["post-766","post","type-post","status-publish","format-standard","hentry","category-amenagement-environnement","category-besoins","category-besoins-destime","category-besoins-de-securite","category-fiches-outils-pour-les-aidants-proches","category-fiches-outils-pour-les-jeunes","category-fiches-outils-pour-les-professionnels","category-gestion-des-emotions"],"_links":{"self":[{"href":"https:\/\/api-lux.be\/index.php\/wp-json\/wp\/v2\/posts\/766","targetHints":{"allow":["GET"]}}],"collection":[{"href":"https:\/\/api-lux.be\/index.php\/wp-json\/wp\/v2\/posts"}],"about":[{"href":"https:\/\/api-lux.be\/index.php\/wp-json\/wp\/v2\/types\/post"}],"author":[{"embeddable":true,"href":"https:\/\/api-lux.be\/index.php\/wp-json\/wp\/v2\/users\/1"}],"replies":[{"embeddable":true,"href":"https:\/\/api-lux.be\/index.php\/wp-json\/wp\/v2\/comments?post=766"}],"version-history":[{"count":8,"href":"https:\/\/api-lux.be\/index.php\/wp-json\/wp\/v2\/posts\/766\/revisions"}],"predecessor-version":[{"id":7879,"href":"https:\/\/api-lux.be\/index.php\/wp-json\/wp\/v2\/posts\/766\/revisions\/7879"}],"wp:attachment":[{"href":"https:\/\/api-lux.be\/index.php\/wp-json\/wp\/v2\/media?parent=766"}],"wp:term":[{"taxonomy":"category","embeddable":true,"href":"https:\/\/api-lux.be\/index.php\/wp-json\/wp\/v2\/categories?post=766"},{"taxonomy":"post_tag","embeddable":true,"href":"https:\/\/api-lux.be\/index.php\/wp-json\/wp\/v2\/tags?post=766"}],"curies":[{"name":"wp","href":"https:\/\/api.w.org\/{rel}","templated":true}]}}