{"id":760,"date":"2025-02-14T11:36:55","date_gmt":"2025-02-14T10:36:55","guid":{"rendered":"http:\/\/localhost\/mdi_w\/?p=760"},"modified":"2025-07-01T15:35:36","modified_gmt":"2025-07-01T13:35:36","slug":"jeunes-et-reseaux-sociauxwebinaire-2022-cresam","status":"publish","type":"post","link":"https:\/\/api-lux.be\/index.php\/2025\/02\/14\/jeunes-et-reseaux-sociauxwebinaire-2022-cresam\/","title":{"rendered":"Jeunes et r\u00e9seaux sociaux : Webinaire 2022 CRESAM"},"content":{"rendered":"\n<div class=\"wp-block-columns is-layout-flex wp-container-core-columns-is-layout-9d6595d7 wp-block-columns-is-layout-flex\">\n<div class=\"wp-block-column is-layout-flow wp-block-column-is-layout-flow\">\n<figure class=\"wp-block-image size-full\"><img decoding=\"async\" src=\"https:\/\/api-lux.be\/wp-content\/uploads\/2025\/02\/reseaux_sociaux.jpg\" alt=\" \" class=\"wp-image-202\"\/><\/figure>\n<\/div>\n\n\n\n<div class=\"wp-block-column is-layout-flow wp-block-column-is-layout-flow\">\n<p>\ud83d\udcf1 <strong>R\u00c9SEAUX SOCIAUX \u2013 GESTION<\/strong> -Ce webinaire organis\u00e9 dans le cadre de la Semaine de la sant\u00e9 mentale, a fait le point sur l\u2019usage des r\u00e9seaux sociaux par les jeunes pour mieux les comprendre, d\u00e9velopper un esprit critique et trouver des ressources.<\/p>\n\n\n\n<!--more-->\n\n\n\n<h2 class=\"wp-block-heading\">\u00c2ge cible<\/h2>\n\n\n\n<p> De 8 \u00e0 21 ans.<\/p>\n<\/div>\n<\/div>\n\n\n\n<h2 class=\"wp-block-heading\">Descriptif de l&rsquo;outil<\/h2>\n\n\n\n<p>L\u2019utilisation des r\u00e9seaux sociaux \ud83d\udcf1 par les adolescents suscite souvent de l\u2019inqui\u00e9tude, tant pour les parents \ud83d\udc68\u200d\ud83d\udc69\u200d\ud83d\udc67\u200d\ud83d\udc66, que chez les adultes qui entourent le jeune (enseignant \ud83d\udc69\u200d\ud83c\udfeb, \u00e9ducateur \ud83d\udc68\u200d\ud83c\udfeb, m\u00e9decin \ud83d\udc69\u200d\u2695\ufe0f,\u2026), mais c&rsquo;est un ph\u00e9nom\u00e8ne omnipr\u00e9sent qui fa\u00e7onne leur quotidien, leurs interactions et leur vision du monde. L\u2019attention parfois trop forte accord\u00e9e aux \u00ab\u202frisques\u202f\u00bb encourus par les jeunes \u26a0\ufe0f sur les r\u00e9seaux sociaux a tendance \u00e0 occulter la place centrale qu\u2019occupent les r\u00e9seaux sociaux dans la vie des jeunes et leur construction identitaire \ud83e\uddd1\u200d\ud83e\udd1d\u200d\ud83e\uddd1. Ce webinaire vous aide \u00e0 y voir plus clair \ud83d\udd0d.<\/p>\n\n\n\n<div class=\"wp-block-columns is-layout-flex wp-container-core-columns-is-layout-9d6595d7 wp-block-columns-is-layout-flex\">\n<div class=\"wp-block-column is-layout-flow wp-block-column-is-layout-flow\">\n<h2 class=\"wp-block-heading\">Objectif(s) d&rsquo;utilisation<\/h2>\n\n\n\n<ul class=\"wp-block-list\">\n<li>\ud83e\udd14 Comprendre l&rsquo;usages des r\u00e9seaux sociaux par les jeunes: cerner leurs motivations et les comportements de cette g\u00e9n\u00e9ration face aux plateformes num\u00e9riques;<\/li>\n\n\n\n<li>\ud83d\udd0d Identifier les effets positifs et les risques potentiels des r\u00e9seaux sociaux;<\/li>\n\n\n\n<li>\ud83c\udf31 D\u00e9velopper un esprit critique et trouver des ressources.<\/li>\n<\/ul>\n<\/div>\n\n\n\n<div class=\"wp-block-column is-layout-flow wp-block-column-is-layout-flow\">\n<h2 class=\"wp-block-heading\">Liens utiles<\/h2>\n\n\n\n<p>\ud83c\udf10 <strong>SITE INTERNET G\u00c9N\u00c9RAL DU CR\u00c9SAM: <\/strong><a href=\"https:\/\/www.cresam.behttps:\/\/www.cresam.be\/jeunes\/\" target=\"_blank\" rel=\"noreferrer noopener\">https:\/\/www.cresam.be<\/a><\/p>\n\n\n\n<p>\ud83c\udfa5 <strong>LIEN VIDEO VERS LE WEBINAIRE &#8211; youtube (1h30): Webinaire \u00ab\u00a0<a href=\"https:\/\/www.youtube.com\/watch?v=o6wOa6fjUtA\" target=\"_blank\" rel=\"noreferrer noopener\">Jeunes &amp; r\u00e9seaux sociaux<\/a>\u00a0\u00bb &#8211; jeudi 13 octobre 2022<\/strong> &#8211; <strong>CRESAM<\/strong><\/p>\n<\/div>\n<\/div>\n\n\n\n<p><strong>Autres ressources sur notre plateforme:<\/strong><br>Site internet officiel du <a href=\"https:\/\/api-lux.be\/index.php\/2025\/04\/15\/conseil-superieur-de-leducation-aux-medias\/\" target=\"_blank\" rel=\"noreferrer noopener\">Conseil Sup\u00e9rieur de l\u2019\u00c9ducation aux M\u00e9dias (CSEM)<\/a><br>Outil Cr\u00e9sam: \u00a0\u00bb<a href=\"https:\/\/api-lux.be\/index.php\/2025\/04\/14\/ecran-en-residence\/\" target=\"_blank\" rel=\"noreferrer noopener\">\u00e9cran en r\u00e9sidence<\/a>\u00a0\u00bb<br><br><\/p>\n\n\n\n<p>Des outils \u00e0 nous partager ?&nbsp;<a href=\"https:\/\/api-lux.be\/index.php\/contact\/\">Cliquez ici<\/a><\/p>\n","protected":false},"excerpt":{"rendered":"<p>\ud83d\udcf1 R\u00c9SEAUX SOCIAUX \u2013 GESTION -Ce webinaire organis\u00e9 dans le cadre de la Semaine de la sant\u00e9 mentale, a fait le point sur l\u2019usage des r\u00e9seaux sociaux par les jeunes [&hellip;]<\/p>\n","protected":false},"author":7,"featured_media":0,"comment_status":"closed","ping_status":"closed","sticky":false,"template":"","format":"standard","meta":{"iawp_total_views":3,"footnotes":""},"categories":[28,4,27,14,9,12,23,46,48,47,17],"tags":[],"class_list":["post-760","post","type-post","status-publish","format-standard","hentry","category-autonomie-et-responsabilisation","category-besoins","category-besoins-daccomplissement","category-besoins-dappartenance","category-besoins-de-securite","category-cadre-et-limites","category-communication","category-fiches-outils","category-fiches-outils-pour-les-aidants-proches","category-fiches-outils-pour-les-professionnels","category-inclusion-sociale-et-reseau-sociaux"],"_links":{"self":[{"href":"https:\/\/api-lux.be\/index.php\/wp-json\/wp\/v2\/posts\/760","targetHints":{"allow":["GET"]}}],"collection":[{"href":"https:\/\/api-lux.be\/index.php\/wp-json\/wp\/v2\/posts"}],"about":[{"href":"https:\/\/api-lux.be\/index.php\/wp-json\/wp\/v2\/types\/post"}],"author":[{"embeddable":true,"href":"https:\/\/api-lux.be\/index.php\/wp-json\/wp\/v2\/users\/7"}],"replies":[{"embeddable":true,"href":"https:\/\/api-lux.be\/index.php\/wp-json\/wp\/v2\/comments?post=760"}],"version-history":[{"count":7,"href":"https:\/\/api-lux.be\/index.php\/wp-json\/wp\/v2\/posts\/760\/revisions"}],"predecessor-version":[{"id":7873,"href":"https:\/\/api-lux.be\/index.php\/wp-json\/wp\/v2\/posts\/760\/revisions\/7873"}],"wp:attachment":[{"href":"https:\/\/api-lux.be\/index.php\/wp-json\/wp\/v2\/media?parent=760"}],"wp:term":[{"taxonomy":"category","embeddable":true,"href":"https:\/\/api-lux.be\/index.php\/wp-json\/wp\/v2\/categories?post=760"},{"taxonomy":"post_tag","embeddable":true,"href":"https:\/\/api-lux.be\/index.php\/wp-json\/wp\/v2\/tags?post=760"}],"curies":[{"name":"wp","href":"https:\/\/api.w.org\/{rel}","templated":true}]}}