{"id":759,"date":"2025-02-14T11:36:55","date_gmt":"2025-02-14T10:36:55","guid":{"rendered":"http:\/\/localhost\/mdi_w\/?p=759"},"modified":"2025-07-01T15:35:08","modified_gmt":"2025-07-01T13:35:08","slug":"ocarina","status":"publish","type":"post","link":"https:\/\/api-lux.be\/index.php\/2025\/02\/14\/ocarina\/","title":{"rendered":"Ocarina"},"content":{"rendered":"\n<div class=\"wp-block-columns is-layout-flex wp-container-core-columns-is-layout-9d6595d7 wp-block-columns-is-layout-flex\">\n<div class=\"wp-block-column is-layout-flow wp-block-column-is-layout-flow\">\n<figure class=\"wp-block-image size-full\"><img loading=\"lazy\" decoding=\"async\" width=\"1920\" height=\"1200\" src=\"https:\/\/api-lux.be\/wp-content\/uploads\/2025\/02\/ocarinalogo1.jpg\" alt=\"\" class=\"wp-image-2453\" srcset=\"https:\/\/api-lux.be\/wp-content\/uploads\/2025\/02\/ocarinalogo1.jpg 1920w, https:\/\/api-lux.be\/wp-content\/uploads\/2025\/02\/ocarinalogo1-300x188.jpg 300w, https:\/\/api-lux.be\/wp-content\/uploads\/2025\/02\/ocarinalogo1-1024x640.jpg 1024w, https:\/\/api-lux.be\/wp-content\/uploads\/2025\/02\/ocarinalogo1-768x480.jpg 768w, https:\/\/api-lux.be\/wp-content\/uploads\/2025\/02\/ocarinalogo1-1536x960.jpg 1536w\" sizes=\"auto, (max-width: 1920px) 100vw, 1920px\" \/><\/figure>\n<\/div>\n\n\n\n<div class=\"wp-block-column is-layout-flow wp-block-column-is-layout-flow\">\n<p>\ud83c\udfa1 <strong>LOISIRS INCLUSIFS <\/strong>&#8211; Ocarina est un mouvement de jeunesse qui organise des s\u00e9jours pour les enfants et met en place des formations pour les futurs animateurs.<\/p>\n\n\n\n<h2 class=\"wp-block-heading\">\u00c2ge cible<\/h2>\n\n\n\n<p> De 5 \u00e0 20 ans.<\/p>\n<\/div>\n<\/div>\n\n\n\n<h2 class=\"wp-block-heading\">Descriptif de l&rsquo;outil<\/h2>\n\n\n\n<p>\ud83c\udf33 <strong>Ocarina propose des s\u00e9jours \u00e9ducatifs en plein air<\/strong> destin\u00e9s aux jeunes, de 5 \u00e0 20 ans, dans un environnement stimulant o\u00f9 ils peuvent <strong>d\u00e9velopper des comp\u00e9tences sociales<\/strong> essentielles. Ces s\u00e9jours sont con\u00e7us pour aider les jeunes \u00e0 interagir, vivre ensemble, et g\u00e9rer des situations sociales diverses dans un cadre naturel et bienveillant.<\/p>\n\n\n\n<p>\ud83d\udc65 <strong>Les animateurs form\u00e9s sp\u00e9cifiquement<\/strong> sont l\u00e0 pour <strong>favoriser l&rsquo;inclusion<\/strong> de chaque individu, en valorisant les diff\u00e9rences et en soutenant le d\u00e9veloppement de comp\u00e9tences interpersonnelles. Cela permet \u00e0 chaque participant de se sentir respect\u00e9 et valoris\u00e9 dans sa singularit\u00e9.<\/p>\n\n\n\n<p>\ud83c\udf93 <strong>Ocarina offre \u00e9galement des formations aux futurs animateurs<\/strong>, les pr\u00e9parant \u00e0 travailler avec des groupes de mani\u00e8re inclusive et responsable. Ces formations sont centr\u00e9es sur l\u2019<strong>accompagnement des jeunes dans leur parcours social et personnel<\/strong>, en int\u00e9grant des m\u00e9thodes p\u00e9dagogiques ludiques et inclusives. L\u2019objectif est de cr\u00e9er des <strong>environnements s\u00fbrs<\/strong> et respectueux, o\u00f9 chaque jeune peut \u00e9voluer en toute confiance.<\/p>\n\n\n\n<div class=\"wp-block-columns is-layout-flex wp-container-core-columns-is-layout-9d6595d7 wp-block-columns-is-layout-flex\">\n<div class=\"wp-block-column is-layout-flow wp-block-column-is-layout-flow\">\n<h2 class=\"wp-block-heading\">Objectif(s) d&rsquo;utilisation<\/h2>\n\n\n\n<p>\ud83c\udf31 <strong>D\u00e9velopper les comp\u00e9tences sociales<\/strong> : Apprendre \u00e0 vivre et \u00e0 collaborer avec d\u2019autres dans des environnements vari\u00e9s et stimulants.<\/p>\n\n\n\n<p>\ud83d\udcac <strong>Valoriser la communication non violente<\/strong> : Favoriser l\u2019\u00e9coute active, la prise de parole, et la gestion des conflits dans un esprit de respect et de bienveillance.<\/p>\n\n\n\n<p>\ud83e\uddd1\u200d\ud83e\udd1d\u200d\ud83e\uddd1 <strong>Renforcer les liens sociaux<\/strong> : Offrir aux jeunes un espace pour cr\u00e9er des amiti\u00e9s durables, d\u00e9velopper des comp\u00e9tences d\u2019entraide et de solidarit\u00e9, et favoriser le vivre-ensemble.<\/p>\n\n\n\n<p>\ud83c\udf1f <strong>\u00c9ducation \u00e0 l\u2019autonomie et \u00e0 la responsabilit\u00e9<\/strong> : Pr\u00e9parer les jeunes \u00e0 prendre des d\u00e9cisions responsables et \u00e0 g\u00e9rer leur propre vie sociale et \u00e9motionnelle.<\/p>\n\n\n\n<p>\ud83c\udf93 <strong>Formation des animateurs<\/strong> : Former des animateurs capables d\u2019accompagner des groupes diversifi\u00e9s, en utilisant des m\u00e9thodes inclusives et participatives adapt\u00e9es aux besoins de chaque jeune.<\/p>\n<\/div>\n\n\n\n<div class=\"wp-block-column is-layout-flow wp-block-column-is-layout-flow\">\n<h2 class=\"wp-block-heading\">Liens utiles<\/h2>\n\n\n\n<p>\ud83c\udf10 <strong>SITE INTERNET DE L&rsquo;ORGANISATION: <\/strong><a href=\"https:\/\/ocarina.be\" target=\"_blank\" rel=\"noreferrer noopener\">www.ocarina.be<\/a><\/p>\n\n\n\n<p><strong>Lien direct vers la brochure s\u00e9jours et plaines qui peut \u00eatre command\u00e9e en ligne <\/strong> <br><a href=\"https:\/\/ocarina.be\/nos-vacances\/\" target=\"_blank\" rel=\"noreferrer noopener\">https:\/\/ocarina.be\/nos-vacances\/<\/a><br><br><\/p>\n<\/div>\n<\/div>\n\n\n\n<p>Des outils \u00e0 nous partager ?&nbsp;<a href=\"https:\/\/api-lux.be\/index.php\/contact\/\">Cliquez ici<\/a><\/p>\n","protected":false},"excerpt":{"rendered":"<p>\ud83c\udfa1 LOISIRS INCLUSIFS &#8211; Ocarina est un mouvement de jeunesse qui organise des s\u00e9jours pour les enfants et met en place des formations pour les futurs animateurs. \u00c2ge cible De [&hellip;]<\/p>\n","protected":false},"author":7,"featured_media":0,"comment_status":"closed","ping_status":"closed","sticky":false,"template":"","format":"standard","meta":{"iawp_total_views":2,"footnotes":""},"categories":[28,4,27,14,18,46,48,49,47,17,20,29,21],"tags":[],"class_list":["post-759","post","type-post","status-publish","format-standard","hentry","category-autonomie-et-responsabilisation","category-besoins","category-besoins-daccomplissement","category-besoins-dappartenance","category-besoins-destime","category-fiches-outils","category-fiches-outils-pour-les-aidants-proches","category-fiches-outils-pour-les-jeunes","category-fiches-outils-pour-les-professionnels","category-inclusion-sociale-et-reseau-sociaux","category-individualisation","category-projection","category-valorisation-confiance"],"_links":{"self":[{"href":"https:\/\/api-lux.be\/index.php\/wp-json\/wp\/v2\/posts\/759","targetHints":{"allow":["GET"]}}],"collection":[{"href":"https:\/\/api-lux.be\/index.php\/wp-json\/wp\/v2\/posts"}],"about":[{"href":"https:\/\/api-lux.be\/index.php\/wp-json\/wp\/v2\/types\/post"}],"author":[{"embeddable":true,"href":"https:\/\/api-lux.be\/index.php\/wp-json\/wp\/v2\/users\/7"}],"replies":[{"embeddable":true,"href":"https:\/\/api-lux.be\/index.php\/wp-json\/wp\/v2\/comments?post=759"}],"version-history":[{"count":6,"href":"https:\/\/api-lux.be\/index.php\/wp-json\/wp\/v2\/posts\/759\/revisions"}],"predecessor-version":[{"id":7872,"href":"https:\/\/api-lux.be\/index.php\/wp-json\/wp\/v2\/posts\/759\/revisions\/7872"}],"wp:attachment":[{"href":"https:\/\/api-lux.be\/index.php\/wp-json\/wp\/v2\/media?parent=759"}],"wp:term":[{"taxonomy":"category","embeddable":true,"href":"https:\/\/api-lux.be\/index.php\/wp-json\/wp\/v2\/categories?post=759"},{"taxonomy":"post_tag","embeddable":true,"href":"https:\/\/api-lux.be\/index.php\/wp-json\/wp\/v2\/tags?post=759"}],"curies":[{"name":"wp","href":"https:\/\/api.w.org\/{rel}","templated":true}]}}