{"id":757,"date":"2025-02-14T11:36:55","date_gmt":"2025-02-14T10:36:55","guid":{"rendered":"http:\/\/localhost\/mdi_w\/?p=757"},"modified":"2025-07-01T15:34:39","modified_gmt":"2025-07-01T13:34:39","slug":"sinscrire-dans-son-reseau","status":"publish","type":"post","link":"https:\/\/api-lux.be\/index.php\/2025\/02\/14\/sinscrire-dans-son-reseau\/","title":{"rendered":"S&rsquo;inscrire dans son r\u00e9seau"},"content":{"rendered":"\n<div class=\"wp-block-columns is-layout-flex wp-container-core-columns-is-layout-9d6595d7 wp-block-columns-is-layout-flex\">\n<div class=\"wp-block-column is-layout-flow wp-block-column-is-layout-flow\">\n<figure class=\"wp-block-image size-full\"><img decoding=\"async\" src=\"https:\/\/api-lux.be\/wp-content\/uploads\/2025\/02\/reseau.jpg\" alt=\" \" class=\"wp-image-202\"\/><\/figure>\n<\/div>\n\n\n\n<div class=\"wp-block-column is-layout-flow wp-block-column-is-layout-flow\">\n<p>\ud83c\udf08 <strong>Personnalisation et individualisation dans le collectif<\/strong> &#8211; Aider les jeunes \u00e0 nouer des liens en dehors du milieu d\u2019accueil, en leur permettant de participer \u00e0 des activit\u00e9s sociales et culturelles et d\u2019int\u00e9grer des associations locales.<\/p>\n\n\n\n<!--more-->\n\n\n\n<h2 class=\"wp-block-heading\">\u00c2ge cible<\/h2>\n\n\n\n<p> De 3 \u00e0 23 ans.<\/p>\n<\/div>\n<\/div>\n\n\n\n<h2 class=\"wp-block-heading\">Descriptif de l&rsquo;outil<\/h2>\n\n\n\n<p>Cette d\u00e9marche permet aux jeunes de d\u00e9velopper leur r\u00e9seau social en participant \u00e0 des \u00e9v\u00e9nements et activit\u00e9s en dehors de leur quotidien habituel. En s&rsquo;inscrivant dans des associations, clubs ou espaces communautaires, ils cr\u00e9ent des liens, d\u00e9couvrent de nouvelles passions et s&rsquo;int\u00e8grent progressivement dans leur environnement.<\/p>\n\n\n\n<p><strong>Exemples d&rsquo;utilisation :<\/strong> <br>\ud83c\udfe1 Dormir chez un ami avec l&rsquo;accord des encadrants pour renforcer les liens d&rsquo;amiti\u00e9. <br>\ud83c\udfad Participer \u00e0 un carnaval ou \u00e0 un \u00e9v\u00e9nement local pour d\u00e9couvrir la culture de sa r\u00e9gion. <br>\u26bd Rejoindre un club sportif pour pratiquer une activit\u00e9 r\u00e9guli\u00e8re et rencontrer d&rsquo;autres jeunes. <br>\ud83c\udfa8 Fr\u00e9quenter une maison de jeunes ou un centre culturel pour \u00e9changer et se former.<\/p>\n\n\n\n<p><strong>\u26a0\ufe0f Points d&rsquo;attention :<\/strong> <br>\ud83d\udd39 Accompagner progressivement les jeunes dans leur int\u00e9gration.<br> \ud83d\udd39 Prendre en compte leurs pr\u00e9f\u00e9rences et int\u00e9r\u00eats pour garantir un engagement durable. <br>\ud83d\udd39 Veiller \u00e0 l&rsquo;accessibilit\u00e9 des activit\u00e9s (transport, co\u00fbt, inclusion des jeunes en situation de handicap).<\/p>\n\n\n\n<div class=\"wp-block-columns is-layout-flex wp-container-core-columns-is-layout-9d6595d7 wp-block-columns-is-layout-flex\">\n<div class=\"wp-block-column is-layout-flow wp-block-column-is-layout-flow\">\n<h2 class=\"wp-block-heading\">Objectif(s) d&rsquo;utilisation<\/h2>\n\n\n\n<p>\u2705 <strong>D\u00e9veloppement de l&rsquo;autonomie sociale<\/strong> : encourager les jeunes \u00e0 prendre des initiatives pour s&rsquo;impliquer; <\/p>\n\n\n\n<p>\u2705 <strong>Cr\u00e9ation de liens<\/strong> : favoriser la rencontre avec des pairs et la construction d&rsquo;amiti\u00e9s; <\/p>\n\n\n\n<p>\u2705 <strong>Ouverture \u00e0 de nouvelles exp\u00e9riences<\/strong> : encourager la d\u00e9couverte de centres d&rsquo;int\u00e9r\u00eat vari\u00e9s; <\/p>\n\n\n\n<p>\u2705 <strong>Renforcement du sentiment d&rsquo;appartenance<\/strong> : permettre aux jeunes de s&rsquo;int\u00e9grer dans leur communaut\u00e9.Favoriser l\u2019int\u00e9gration sociale des jeunes en les encourageant \u00e0 tisser des liens au sein de leur environnement et \u00e0 participer activement \u00e0 la vie collective.<\/p>\n<\/div>\n\n\n\n<div class=\"wp-block-column is-layout-flow wp-block-column-is-layout-flow\">\n<h2 class=\"wp-block-heading\">Variantes &#8211; am\u00e9nagement<\/h2>\n\n\n\n<p>\ud83c\udf3f <strong>Projets collectifs<\/strong> : Organiser des actions solidaires (ex. : b\u00e9n\u00e9volat, jardin communautaire) pour renforcer la coh\u00e9sion sociale. <br>\ud83c\udfb6 <strong>Ateliers artistiques<\/strong> : Favoriser l&rsquo;expression et la cr\u00e9ativit\u00e9 via des cours de musique, de danse ou de th\u00e9\u00e2tre. <br><br><\/p>\n<\/div>\n<\/div>\n\n\n\n<p>Des outils \u00e0 nous partager ?\u00a0<a href=\"https:\/\/api-lux.be\/index.php\/contact\/\">Cliquez ici<\/a><br><\/p>\n","protected":false},"excerpt":{"rendered":"<p>\ud83c\udf08 Personnalisation et individualisation dans le collectif &#8211; Aider les jeunes \u00e0 nouer des liens en dehors du milieu d\u2019accueil, en leur permettant de participer \u00e0 des activit\u00e9s sociales et [&hellip;]<\/p>\n","protected":false},"author":7,"featured_media":0,"comment_status":"closed","ping_status":"closed","sticky":false,"template":"","format":"standard","meta":{"iawp_total_views":3,"footnotes":""},"categories":[28,4,27,14,18,23,46,48,49,47,17,20],"tags":[],"class_list":["post-757","post","type-post","status-publish","format-standard","hentry","category-autonomie-et-responsabilisation","category-besoins","category-besoins-daccomplissement","category-besoins-dappartenance","category-besoins-destime","category-communication","category-fiches-outils","category-fiches-outils-pour-les-aidants-proches","category-fiches-outils-pour-les-jeunes","category-fiches-outils-pour-les-professionnels","category-inclusion-sociale-et-reseau-sociaux","category-individualisation"],"_links":{"self":[{"href":"https:\/\/api-lux.be\/index.php\/wp-json\/wp\/v2\/posts\/757","targetHints":{"allow":["GET"]}}],"collection":[{"href":"https:\/\/api-lux.be\/index.php\/wp-json\/wp\/v2\/posts"}],"about":[{"href":"https:\/\/api-lux.be\/index.php\/wp-json\/wp\/v2\/types\/post"}],"author":[{"embeddable":true,"href":"https:\/\/api-lux.be\/index.php\/wp-json\/wp\/v2\/users\/7"}],"replies":[{"embeddable":true,"href":"https:\/\/api-lux.be\/index.php\/wp-json\/wp\/v2\/comments?post=757"}],"version-history":[{"count":7,"href":"https:\/\/api-lux.be\/index.php\/wp-json\/wp\/v2\/posts\/757\/revisions"}],"predecessor-version":[{"id":7870,"href":"https:\/\/api-lux.be\/index.php\/wp-json\/wp\/v2\/posts\/757\/revisions\/7870"}],"wp:attachment":[{"href":"https:\/\/api-lux.be\/index.php\/wp-json\/wp\/v2\/media?parent=757"}],"wp:term":[{"taxonomy":"category","embeddable":true,"href":"https:\/\/api-lux.be\/index.php\/wp-json\/wp\/v2\/categories?post=757"},{"taxonomy":"post_tag","embeddable":true,"href":"https:\/\/api-lux.be\/index.php\/wp-json\/wp\/v2\/tags?post=757"}],"curies":[{"name":"wp","href":"https:\/\/api.w.org\/{rel}","templated":true}]}}