{"id":756,"date":"2025-02-14T11:36:55","date_gmt":"2025-02-14T10:36:55","guid":{"rendered":"http:\/\/localhost\/mdi_w\/?p=756"},"modified":"2025-07-01T15:34:16","modified_gmt":"2025-07-01T13:34:16","slug":"sejours-exterieurs","status":"publish","type":"post","link":"https:\/\/api-lux.be\/index.php\/2025\/02\/14\/sejours-exterieurs\/","title":{"rendered":"S\u00e9jours ext\u00e9rieurs"},"content":{"rendered":"\n<div class=\"wp-block-columns is-layout-flex wp-container-core-columns-is-layout-9d6595d7 wp-block-columns-is-layout-flex\">\n<div class=\"wp-block-column is-layout-flow wp-block-column-is-layout-flow\">\n<figure class=\"wp-block-image size-full\"><img decoding=\"async\" src=\"https:\/\/api-lux.be\/wp-content\/uploads\/2025\/02\/sejours_exterieurs.jpg\" alt=\" \" class=\"wp-image-202\"\/><\/figure>\n<\/div>\n\n\n\n<div class=\"wp-block-column is-layout-flow wp-block-column-is-layout-flow\">\n<p>\ud83c\udf08<strong> Personnalisation et individualisation dans le collectif- <\/strong> Une immersion globale hors du cadre habituel<\/p>\n\n\n\n<!--more-->\n\n\n\n<h2 class=\"wp-block-heading\">\u00c2ge cible<\/h2>\n\n\n\n<p> De 5 \u00e0 20 ans.<\/p>\n<\/div>\n<\/div>\n\n\n\n<h2 class=\"wp-block-heading\">Descriptif de l&rsquo;outil<\/h2>\n\n\n\n<p>\ud83c\udf33 Les <strong>s\u00e9jours ext\u00e9rieurs<\/strong> (hors domicile ou institution) offrent aux jeunes des <strong>exp\u00e9riences nouvelles et enrichissantes<\/strong> loin de leur environnement habituel. Ces moments d&rsquo;immersion peuvent prendre diff\u00e9rentes formes : camps de vacances, s\u00e9jours \u00e9ducatifs, sorties en pleine nature, voyages culturels, etc. Ils permettent aux jeunes d&rsquo;explorer des lieux diff\u00e9rents, de rencontrer d\u2019autres personnes, de d\u00e9couvrir des activit\u00e9s in\u00e9dites, tout en \u00e9tant accompagn\u00e9s dans leur d\u00e9veloppement personnel et social.<\/p>\n\n\n\n<p>\ud83d\udeb8 Les s\u00e9jours peuvent se d\u00e9cliner en deux grandes formes :<\/p>\n\n\n\n<ol class=\"wp-block-list\">\n<li><strong>S\u00e9jour en groupe<\/strong> : Organis\u00e9 avec la classe, le service d&rsquo;accueil ou les lieux de vie de l\u2019enfant. Ce format favorise la <strong>coh\u00e9sion<\/strong> et la <strong>convivialit\u00e9<\/strong> en permettant de <strong>partager des souvenirs communs<\/strong>, de sortir du cadre familial tout en \u00e9tant accompagn\u00e9 de personnes d\u00e9j\u00e0 connues et rassurantes. Il permet de <strong>changer progressivement de rep\u00e8res<\/strong>, de s\u2019adapter au rythme de l&rsquo;autre, et de respecter de nouvelles r\u00e8gles dans un environnement structur\u00e9.<\/li>\n\n\n\n<li><strong>S\u00e9jour individuel<\/strong> : Ce type de s\u00e9jour permet au jeune de vivre une exp\u00e9rience <strong>unique de s\u00e9paration<\/strong>, de <strong>d\u00e9couverte de soi<\/strong>, et de <strong>nouveaux contacts<\/strong>. C\u2019est l\u2019occasion de s\u2019adapter \u00e0 un environnement in\u00e9dit, de se confronter \u00e0 des d\u00e9fis et de <strong>s\u2019\u00e9largir \u00e0 de nouveaux horizons sociaux<\/strong>. Ce format offre la possibilit\u00e9 de jouer \u00ab\u00a0carte blanche\u00a0\u00bb et de vivre une exp\u00e9rience plus libre et personnelle.<\/li>\n<\/ol>\n\n\n\n<p><strong>\ud83c\udf1f Exemples d&rsquo;utilisation :<\/strong> <br>\u2708\ufe0f Un centre d&rsquo;accueil organise un s\u00e9jour en montagne pour travailler la coh\u00e9sion d&rsquo;\u00e9quipe et l&rsquo;entraide. <br>\ud83c\udfa8 Une \u00e9cole sp\u00e9cialis\u00e9e met en place un voyage scolaire pour sensibiliser les \u00e9l\u00e8ves \u00e0 l&rsquo;\u00e9cologie. <br>\ud83c\udfd5\ufe0f Une institution propose un week-end en autonomie pour des jeunes en situation de handicap afin de renforcer leur confiance en eux.<\/p>\n\n\n\n<h3 class=\"wp-block-heading\">\u26a0\ufe0f <strong>Points d&rsquo;attention<\/strong><\/h3>\n\n\n\n<p>\ud83d\udd0d <strong>Prendre en compte les besoins sp\u00e9cifiques<\/strong> de chaque jeune (sant\u00e9, autonomie, soutien \u00e9motionnel) et s\u2019assurer de l\u2019encadrement appropri\u00e9.<br>\ud83d\udd04 <strong>Adapter les s\u00e9jours<\/strong> aux capacit\u00e9s et int\u00e9r\u00eats de chacun pour garantir une participation active et agr\u00e9able.<br>\ud83c\udf31 <strong>Anticiper la s\u00e9paration<\/strong> : Pour les jeunes qui ont des difficult\u00e9s \u00e0 se s\u00e9parer de leur cadre habituel, un accompagnement progressif est essentiel pour faciliter l\u2019adaptation.<br>\ud83c\udf38 <strong>Favoriser une immersion douce<\/strong> pour les jeunes plus jeunes ou sensibles en pr\u00e9voyant des s\u00e9jours courts ou une pr\u00e9paration pr\u00e9alable.<\/p>\n\n\n\n<div class=\"wp-block-columns is-layout-flex wp-container-core-columns-is-layout-9d6595d7 wp-block-columns-is-layout-flex\">\n<div class=\"wp-block-column is-layout-flow wp-block-column-is-layout-flow\">\n<h2 class=\"wp-block-heading\">Objectif(s) d&rsquo;utilisation<\/h2>\n\n\n\n<p>\ud83c\udf1f <strong>Autonomie<\/strong> : Encourager la prise de responsabilit\u00e9 et l\u2019initiative.<br>\ud83d\udcac <strong>Sociabilisation<\/strong> : Favoriser les interactions avec de nouvelles personnes et la d\u00e9couverte de l\u2019autre dans un cadre enrichissant.<br>\ud83c\udfc6 <strong>Valorisation<\/strong> : Offrir des exp\u00e9riences de r\u00e9ussite, de reconnaissance et de confiance en soi.<br>\ud83d\udc96 <strong>D\u00e9veloppement \u00e9motionnel<\/strong> : Travailler la gestion des \u00e9motions, notamment face \u00e0 la s\u00e9paration et \u00e0 l\u2019adaptation \u00e0 un nouvel environnement.<br>\ud83d\udcda <strong>Apprentissage<\/strong> : D\u00e9velopper de nouvelles comp\u00e9tences, d\u00e9couvrir des activit\u00e9s et \u00e9largir ses horizons dans un cadre diff\u00e9rent.<\/p>\n<\/div>\n\n\n\n<div class=\"wp-block-column is-layout-flow wp-block-column-is-layout-flow\">\n<h2 class=\"wp-block-heading\">Liens utiles<\/h2>\n\n\n\n<p>\ud83d\udd17 <strong>Ocarina &#8211; Stage inclusif<\/strong><br>D\u00e9couvrez les s\u00e9jours propos\u00e9s par Ocarina pour une exp\u00e9rience inclusive et adapt\u00e9e.<br><a href=\"https:\/\/ocarina.be\/nos-vacances\/les-sejours\/\" target=\"_blank\" rel=\"noreferrer noopener\">Ocarina Stage Inclusif<\/a><br><br><\/p>\n<\/div>\n<\/div>\n\n\n\n<div class=\"wp-block-columns is-layout-flex wp-container-core-columns-is-layout-9d6595d7 wp-block-columns-is-layout-flex\">\n<div class=\"wp-block-column is-layout-flow wp-block-column-is-layout-flow\">\n<h2 class=\"wp-block-heading\">Variantes &#8211; am\u00e9nagement<\/h2>\n\n\n\n<p>\ud83c\udfa8 <strong>S\u00e9jours th\u00e9matiques<\/strong> : Cr\u00e9er des s\u00e9jours centr\u00e9s sur des activit\u00e9s sp\u00e9cifiques (sport, nature, art, sciences) pour enrichir l\u2019exp\u00e9rience d\u2019apprentissage.<br>\ud83c\udf04 <strong>Sorties courtes<\/strong> : Organiser des journ\u00e9es immersives ou des mini-s\u00e9jours pour introduire en douceur un nouvel environnement.<br>\ud83e\udd1d <strong>S\u00e9jours collaboratifs<\/strong> : Impliquer les jeunes dans la pr\u00e9paration du s\u00e9jour pour renforcer leur engagement et leur participation active.<br>\ud83d\udd04 <strong>Accueil r\u00e9ciproque<\/strong> : Mettre en place des \u00e9changes entre institutions ou groupes pour favoriser les rencontres et l\u2019ouverture \u00e0 d\u2019autres cultures ou environnements.<\/p>\n<\/div>\n<\/div>\n\n\n\n<p>Des outils \u00e0 nous partager ?&nbsp;<a href=\"https:\/\/api-lux.be\/index.php\/contact\/\">Cliquez ici<\/a><\/p>\n","protected":false},"excerpt":{"rendered":"<p>\ud83c\udf08 Personnalisation et individualisation dans le collectif- Une immersion globale hors du cadre habituel<\/p>\n","protected":false},"author":7,"featured_media":0,"comment_status":"closed","ping_status":"closed","sticky":false,"template":"","format":"standard","meta":{"iawp_total_views":0,"footnotes":""},"categories":[28,4,27,14,18,46,48,49,47,17,20,21],"tags":[],"class_list":["post-756","post","type-post","status-publish","format-standard","hentry","category-autonomie-et-responsabilisation","category-besoins","category-besoins-daccomplissement","category-besoins-dappartenance","category-besoins-destime","category-fiches-outils","category-fiches-outils-pour-les-aidants-proches","category-fiches-outils-pour-les-jeunes","category-fiches-outils-pour-les-professionnels","category-inclusion-sociale-et-reseau-sociaux","category-individualisation","category-valorisation-confiance"],"_links":{"self":[{"href":"https:\/\/api-lux.be\/index.php\/wp-json\/wp\/v2\/posts\/756","targetHints":{"allow":["GET"]}}],"collection":[{"href":"https:\/\/api-lux.be\/index.php\/wp-json\/wp\/v2\/posts"}],"about":[{"href":"https:\/\/api-lux.be\/index.php\/wp-json\/wp\/v2\/types\/post"}],"author":[{"embeddable":true,"href":"https:\/\/api-lux.be\/index.php\/wp-json\/wp\/v2\/users\/7"}],"replies":[{"embeddable":true,"href":"https:\/\/api-lux.be\/index.php\/wp-json\/wp\/v2\/comments?post=756"}],"version-history":[{"count":6,"href":"https:\/\/api-lux.be\/index.php\/wp-json\/wp\/v2\/posts\/756\/revisions"}],"predecessor-version":[{"id":7869,"href":"https:\/\/api-lux.be\/index.php\/wp-json\/wp\/v2\/posts\/756\/revisions\/7869"}],"wp:attachment":[{"href":"https:\/\/api-lux.be\/index.php\/wp-json\/wp\/v2\/media?parent=756"}],"wp:term":[{"taxonomy":"category","embeddable":true,"href":"https:\/\/api-lux.be\/index.php\/wp-json\/wp\/v2\/categories?post=756"},{"taxonomy":"post_tag","embeddable":true,"href":"https:\/\/api-lux.be\/index.php\/wp-json\/wp\/v2\/tags?post=756"}],"curies":[{"name":"wp","href":"https:\/\/api.w.org\/{rel}","templated":true}]}}