{"id":755,"date":"2025-02-14T11:36:55","date_gmt":"2025-02-14T10:36:55","guid":{"rendered":"http:\/\/localhost\/mdi_w\/?p=755"},"modified":"2025-05-13T17:44:24","modified_gmt":"2025-05-13T15:44:24","slug":"favoriser-linclusion-precoce","status":"publish","type":"post","link":"https:\/\/api-lux.be\/index.php\/2025\/02\/14\/favoriser-linclusion-precoce\/","title":{"rendered":"Favoriser l&rsquo;inclusion scolaire pr\u00e9coce"},"content":{"rendered":"\n<div class=\"wp-block-columns is-layout-flex wp-container-core-columns-is-layout-9d6595d7 wp-block-columns-is-layout-flex\">\n<div class=\"wp-block-column is-layout-flow wp-block-column-is-layout-flow\">\n<figure class=\"wp-block-image size-full\"><img decoding=\"async\" src=\"https:\/\/api-lux.be\/wp-content\/uploads\/2025\/02\/inclusion_precoce.jpg\" alt=\" \" class=\"wp-image-202\"\/><\/figure>\n<\/div>\n\n\n\n<div class=\"wp-block-column is-layout-flow wp-block-column-is-layout-flow\">\n<p>Favoriser l&rsquo;inclusion d\u00e8s le plus jeune \u00e2ge signifie voir l&rsquo;\u00e9cole comme un lieu important pour que l&rsquo;enfant apprenne \u00e0 vivre avec les autres.<\/p>\n\n\n\n<!--more-->\n\n\n\n<h2 class=\"wp-block-heading\">\u00c2ge cible<\/h2>\n\n\n\n<p> De 2 \u00e0 5 ans.<\/p>\n<\/div>\n<\/div>\n\n\n\n<h2 class=\"wp-block-heading\">Descriptif de l&rsquo;outil<\/h2>\n\n\n\n<p>L\u2019\u00e9cole constitue un <strong>espace cl\u00e9 de socialisation et d\u2019apprentissage<\/strong> pour les jeunes enfants, d\u00e8s l\u2019\u00e2ge de 2 ans et demi. Elle permet aux tout-petits de vivre leurs premi\u00e8res exp\u00e9riences de vie en communaut\u00e9 dans un cadre stimulant, s\u00e9curis\u00e9 et bienveillant.<\/p>\n\n\n\n<p>Cette immersion pr\u00e9coce favorise :<\/p>\n\n\n\n<p>\ud83e\udded <strong>La d\u00e9couverte d\u2019un cadre structurant<\/strong>, diff\u00e9rent du cercle familial.<br>\ud83e\uddf8 <strong>Le d\u00e9veloppement de l\u2019autonomie affective<\/strong>, en pr\u00e9sence d\u2019autres enfants et d\u2019adultes r\u00e9f\u00e9rents.<br>\ud83e\udd1d <strong>L\u2019apprentissage du respect des r\u00e8gles de vie commune<\/strong> et des premi\u00e8res interactions sociales bienveillantes.<\/p>\n\n\n\n<p>\u26a0\ufe0f <strong>Points d\u2019attention<\/strong><\/p>\n\n\n\n<p>\ud83d\udd04 <strong>Respecter le rythme de l\u2019enfant et celui de sa famille<\/strong> : veiller \u00e0 une adaptation en douceur, particuli\u00e8rement pour les enfants ayant peu ou pas d\u2019exp\u00e9rience de la vie en collectivit\u00e9.<\/p>\n\n\n\n<p>\ud83d\udc68\u200d\ud83d\udc69\u200d\ud83d\udc66 <strong>Accompagner et informer les familles<\/strong> : valoriser les bienfaits de cette socialisation pr\u00e9coce et d\u00e9tailler les \u00e9tapes et possibilit\u00e9s de suivi.<\/p>\n\n\n\n<p>\u267f <strong>Favoriser l\u2019inclusion de tous<\/strong> : adapter les espaces, les temps et les supports p\u00e9dagogiques pour permettre \u00e0 chaque enfant, y compris ceux porteurs de d\u00e9ficience ou pr\u00e9sentant des difficult\u00e9s pr\u00e9coces, d\u2019\u00e9voluer sereinement dans le collectif.<\/p>\n\n\n\n<p>\ud83d\udca1 <strong>M\u00eame si des difficult\u00e9s sont rep\u00e9r\u00e9es pr\u00e9cocement<\/strong> par l\u2019environnement scolaire ou des professionnels (enseignant\u00b7e, \u00e9ducateur\u00b7rice, CPMS), il est essentiel de <strong>ne pas freiner l\u2019inclusion<\/strong>. Au contraire, il est b\u00e9n\u00e9fique de favoriser une int\u00e9gration progressive pour permettre \u00e0 l\u2019enfant de d\u00e9couvrir le monde, de se confronter \u00e0 de nouvelles normes sociales et de vivre l\u2019\u00e9cole comme un espace d\u2019exp\u00e9rimentation et d\u2019ouverture.<\/p>\n\n\n\n<p>\ud83e\udd1d <strong>La pr\u00e9paration de l\u2019accueil en classe peut s\u2019anticiper<\/strong> en collaboration avec l\u2019enseignant\u00b7e accueillant\u00b7e, l\u2019\u00e9quipe \u00e9ducative et les services de soutien tels que les CPMS, afin de construire ensemble des am\u00e9nagements adapt\u00e9s, respectueux du rythme de l\u2019enfant, tout en maintenant l\u2019objectif d\u2019int\u00e9gration.<\/p>\n\n\n\n<p>\ud83c\udf88 <strong>Vivre l\u2019\u00e9cole comme un lieu de d\u00e9couverte et de socialisation<\/strong>, m\u00eame si un temps d\u2019am\u00e9nagement et de transition est n\u00e9cessaire, favorise l\u2019estime de soi et le sentiment d\u2019appartenance d\u00e8s le plus jeune \u00e2ge.<\/p>\n\n\n\n<div class=\"wp-block-columns is-layout-flex wp-container-core-columns-is-layout-9d6595d7 wp-block-columns-is-layout-flex\">\n<div class=\"wp-block-column is-layout-flow wp-block-column-is-layout-flow\">\n<h2 class=\"wp-block-heading\">Objectif(s) d&rsquo;utilisation<\/h2>\n\n\n\n<p>\ud83e\udd1d <strong>Sociabilisation<\/strong> :<br>D\u00e9velopper les premi\u00e8res amiti\u00e9s, apprendre \u00e0 respecter les r\u00e8gles du groupe et vivre ensemble.<\/p>\n\n\n\n<p>\ud83d\udcaa <strong>Autonomie affective<\/strong> :<br>Renforcer la confiance en soi et apprendre \u00e0 \u00e9voluer sans la pr\u00e9sence constante des parents.<\/p>\n\n\n\n<p>\ud83d\udde3\ufe0f <strong>Apprentissages pr\u00e9coces<\/strong> :<br>D\u00e9couverte du langage, des interactions et \u00e9veil de la curiosit\u00e9 dans un cadre structur\u00e9 et s\u00e9curisant.<\/p>\n\n\n\n<p>\ud83c\udf0d <strong>Inclusion et respect des diff\u00e9rences<\/strong> :<br>Apprendre \u00e0 vivre avec la diversit\u00e9 d\u00e8s le plus jeune \u00e2ge et \u00e0 valoriser les singularit\u00e9s de chacun. Encourager l\u2019int\u00e9gration pr\u00e9coce, m\u00eame en cas de difficult\u00e9s d\u00e9tect\u00e9es, pour favoriser le d\u00e9veloppement et l\u2019adaptation au monde.<\/p>\n\n\n\n<p>\ud83c\udf92 <strong>Pr\u00e9paration au parcours scolaire<\/strong> :<br>Familiarisation avec les rituels, les espaces et le fonctionnement de l\u2019\u00e9cole pour favoriser une entr\u00e9e en scolarit\u00e9 sereine. Pr\u00e9parer cette transition en lien avec les professionnels \u00e9ducatifs et les CPMS pour anticiper et ajuster les besoins sp\u00e9cifiques.<\/p>\n<\/div>\n<\/div>\n\n\n\n<p>Des outils \u00e0 nous partager ?&nbsp;<a href=\"https:\/\/api-lux.be\/index.php\/contact\/\">Cliquez ici<\/a><\/p>\n","protected":false},"excerpt":{"rendered":"<p>Favoriser l&rsquo;inclusion d\u00e8s le plus jeune \u00e2ge signifie voir l&rsquo;\u00e9cole comme un lieu important pour que l&rsquo;enfant apprenne \u00e0 vivre avec les autres.<\/p>\n","protected":false},"author":7,"featured_media":0,"comment_status":"closed","ping_status":"closed","sticky":false,"template":"","format":"standard","meta":{"iawp_total_views":0,"footnotes":""},"categories":[24,4,22,14,46,48,47,17],"tags":[],"class_list":["post-755","post","type-post","status-publish","format-standard","hentry","category-adaptation-des-apprentissages","category-besoins","category-besoins-cognitifs","category-besoins-dappartenance","category-fiches-outils","category-fiches-outils-pour-les-aidants-proches","category-fiches-outils-pour-les-professionnels","category-inclusion-sociale-et-reseau-sociaux"],"_links":{"self":[{"href":"https:\/\/api-lux.be\/index.php\/wp-json\/wp\/v2\/posts\/755","targetHints":{"allow":["GET"]}}],"collection":[{"href":"https:\/\/api-lux.be\/index.php\/wp-json\/wp\/v2\/posts"}],"about":[{"href":"https:\/\/api-lux.be\/index.php\/wp-json\/wp\/v2\/types\/post"}],"author":[{"embeddable":true,"href":"https:\/\/api-lux.be\/index.php\/wp-json\/wp\/v2\/users\/7"}],"replies":[{"embeddable":true,"href":"https:\/\/api-lux.be\/index.php\/wp-json\/wp\/v2\/comments?post=755"}],"version-history":[{"count":6,"href":"https:\/\/api-lux.be\/index.php\/wp-json\/wp\/v2\/posts\/755\/revisions"}],"predecessor-version":[{"id":6521,"href":"https:\/\/api-lux.be\/index.php\/wp-json\/wp\/v2\/posts\/755\/revisions\/6521"}],"wp:attachment":[{"href":"https:\/\/api-lux.be\/index.php\/wp-json\/wp\/v2\/media?parent=755"}],"wp:term":[{"taxonomy":"category","embeddable":true,"href":"https:\/\/api-lux.be\/index.php\/wp-json\/wp\/v2\/categories?post=755"},{"taxonomy":"post_tag","embeddable":true,"href":"https:\/\/api-lux.be\/index.php\/wp-json\/wp\/v2\/tags?post=755"}],"curies":[{"name":"wp","href":"https:\/\/api.w.org\/{rel}","templated":true}]}}