{"id":747,"date":"2025-02-14T11:36:55","date_gmt":"2025-02-14T10:36:55","guid":{"rendered":"http:\/\/localhost\/mdi_w\/?p=747"},"modified":"2025-07-01T15:28:20","modified_gmt":"2025-07-01T13:28:20","slug":"evras","status":"publish","type":"post","link":"https:\/\/api-lux.be\/index.php\/2025\/02\/14\/evras\/","title":{"rendered":"\u00c9ducation \u00e0 la Vie Relationnelle et Affective (EVRAS)"},"content":{"rendered":"\n<div class=\"wp-block-columns is-layout-flex wp-container-core-columns-is-layout-9d6595d7 wp-block-columns-is-layout-flex\">\n<div class=\"wp-block-column is-layout-flow wp-block-column-is-layout-flow\"><div class=\"wp-block-image\">\n<figure class=\"aligncenter size-full\"><img decoding=\"async\" src=\"https:\/\/api-lux.be\/wp-content\/uploads\/2025\/02\/evras.jpg\" alt=\" \" class=\"wp-image-202\"\/><\/figure>\n<\/div><\/div>\n\n\n\n<div class=\"wp-block-column is-layout-flow wp-block-column-is-layout-flow\">\n<p>\ud83c\udf43\ud83d\udc69\u200d\ud83c\udfeb <strong>EVRAS \u2013 \u00e9ducation affective, relationnelle et sexuelle<\/strong> &#8211; ressource g\u00e9n\u00e9rale pour aider \u00e0 mieux comprendre c&rsquo;est qu&rsquo;est l&rsquo;EVRAS.<\/p>\n\n\n\n<!--more-->\n\n\n\n<h2 class=\"wp-block-heading\">\u00c2ge cible<\/h2>\n\n\n\n<p> &#8211; de 0 \u00e0 99 an(s)<\/p>\n<\/div>\n<\/div>\n\n\n\n<h2 class=\"wp-block-heading\">Descriptif de l&rsquo;outil<\/h2>\n\n\n\n<p>L&rsquo;\u00c9ducation \u00e0 la Vie Relationnelle et Affective (<strong>EVRAS<\/strong>) est aujourd&rsquo;hui reconnue et promue par l&rsquo;Organisation Mondiale de la Sant\u00e9 (<strong>OMS<\/strong>).<br>Elle doit se faire dans <strong>tous les environnements<\/strong> \ud83c\udf0d et pas uniquement \u00e0 la maison \ud83c\udfe0 ou \u00e0 l&rsquo;\u00e9cole \ud83c\udf92.<\/p>\n\n\n\n<p>Cette \u00e9ducation vise \u00e0 accompagner les enfants d\u00e8s leur plus jeune \u00e2ge \ud83d\udc76 ainsi que les adolescents \ud83d\udc66\ud83d\udc67 dans le d\u00e9veloppement de leur vie relationnelle, affective et sexuelle \ud83d\udc9e, afin de devenir des adultes \u00e9panouis \u2728.<\/p>\n\n\n\n<p>L&rsquo;EVRAS pr\u00f4ne des valeurs telles que :<br>\u2714\ufe0f le respect<br>\u2714\ufe0f la tol\u00e9rance<br>\u2714\ufe0f l&rsquo;ouverture d&rsquo;esprit<br>\u2714\ufe0f l&rsquo;acceptation des diff\u00e9rences<\/p>\n\n\n\n<h3 class=\"wp-block-heading\">\ud83c\udfaf Objectif de l&rsquo;EVRAS<\/h3>\n\n\n\n<p>Apporter des <strong>informations fiables<\/strong>, sans parti pris et <strong>inclusives<\/strong> \ud83c\udff3\ufe0f\u200d\ud83c\udf08 peu importe le genre, l&rsquo;orientation sexuelle, les id\u00e9es de chacun.<\/p>\n\n\n\n<p>\ud83d\udca1 Le principe : amener les enfants et adolescents \u00e0 <strong>construire leur propre identit\u00e9<\/strong> et \u00e0 prendre des d\u00e9cisions totalement \u00e9clair\u00e9es.<\/p>\n\n\n\n<h3 class=\"wp-block-heading\">\ud83d\udcda Th\u00e9matiques abord\u00e9es selon l\u2019\u00e2ge et le d\u00e9veloppement :<\/h3>\n\n\n\n<ul class=\"wp-block-list\">\n<li>\ud83d\ude03 Les \u00e9motions<\/li>\n\n\n\n<li>\ud83e\udd1d Les relations sociales, familiales, amicales et amoureuses<\/li>\n\n\n\n<li>\ud83e\uddcd Le corps et le d\u00e9veloppement corporel<\/li>\n\n\n\n<li>\u2764\ufe0f\u200d\ud83d\udd25 Les sexualit\u00e9s et comportements sexuels (plaisir, choix \u00e9clair\u00e9, consentement, pornographie\u2026)<\/li>\n\n\n\n<li>\ud83c\udff3\ufe0f\u200d\ud83c\udf08 Orientation sexuelle et identit\u00e9 de genre<\/li>\n\n\n\n<li>\ud83d\udc8a Contraception, IVG, infections sexuellement transmissibles<\/li>\n\n\n\n<li>\u26a0\ufe0f Violences, (cyber) harc\u00e8lement\u2026<\/li>\n\n\n\n<li>\ud83e\udde0 Aspects philosophiques, culturels et soci\u00e9taux\u2026<\/li>\n<\/ul>\n\n\n\n<h3 class=\"wp-block-heading\">\ud83c\udfe1 EVRAS en institution : approches et pratiques rencontr\u00e9es<\/h3>\n\n\n\n<p>Les professionnels sont parfois confront\u00e9s \u00e0 des situations complexes concernant la vie affective et sexuelle. A chacun son approche, voici celles qui nous ont \u00e9t\u00e9 notamment partag\u00e9es :<\/p>\n\n\n\n<ul class=\"wp-block-list\">\n<li>\ud83d\udcc3 <strong>Cr\u00e9ation d&rsquo;une charte EVRAS<\/strong> : r\u00e9dig\u00e9e en \u00e9quipe \ud83d\udc65 avec des recherches documentaires \ud83d\udcd6. Exemple : <em><a href=\"https:\/\/api-lux.be\/index.php\/2025\/02\/14\/charte-intime-apajh\/\" target=\"_blank\" rel=\"noreferrer noopener\"><strong>Charte intime vie affective et sexuelle APAJH<\/strong><\/a><\/em><\/li>\n\n\n\n<li>\ud83d\udc40 <strong>Surveillance constante<\/strong> pour sensibiliser et promouvoir le droit \u00e0 l&rsquo;intimit\u00e9: am\u00e9nagement des espaces adapt\u00e9s<\/li>\n\n\n\n<li>\ud83d\udebb <strong>S\u00e9paration des espaces<\/strong> : pas de groupes mixtes, couloirs et sanitaires s\u00e9par\u00e9s pour garantir des zones d&rsquo;intimit\u00e9 plus respectueuses.<\/li>\n\n\n\n<li>\u274c <strong>Interdiction des relations sexuelles en institution<\/strong><\/li>\n\n\n\n<li>\ud83d\udc8a <strong>Sensibilisation et promotion de la<\/strong> <strong>contraception pour toutes les jeunes \u00e0 partir d\u2019un certain \u00e2ge<\/strong> : accompagnement au planning familial et information des parents<\/li>\n\n\n\n<li>\ud83d\udce3 <strong><a href=\"https:\/\/api-lux.be\/index.php\/2025\/02\/14\/planning-familial\/\" target=\"_blank\" rel=\"noreferrer noopener\">Intervention du planning familial<\/a><\/strong> : animations et pr\u00e9vention<\/li>\n\n\n\n<li>\ud83d\udeaa <strong>Panneaux \u00ab Stop \u00bb \/ \u00ab Entrez \u00bb<\/strong> sur les portes pour pr\u00e9server l\u2019intimit\u00e9<\/li>\n\n\n\n<li>\ud83d\udc69\u200d\u2695\ufe0f <strong>Intervention d\u2019un psychologue<\/strong> \u00e0 la demande pour les enfants et les professionnels<\/li>\n<\/ul>\n\n\n\n<div class=\"wp-block-columns is-layout-flex wp-container-core-columns-is-layout-9d6595d7 wp-block-columns-is-layout-flex\">\n<div class=\"wp-block-column is-layout-flow wp-block-column-is-layout-flow\">\n<h2 class=\"wp-block-heading\">Liens utiles<\/h2>\n\n\n\n<p>\ud83c\udf10 <strong>SITE OFFICIEL:<\/strong> <a href=\"https:\/\/www.evras.be\/\" target=\"_blank\" rel=\"noreferrer noopener\">https:\/\/www.evras.be\/<\/a><\/p>\n\n\n\n<p>\ud83c\udfa5 <strong>VIDEO <\/strong>Youtube (00:30) &#8211; FLCPF &#8211; Bruxelles-Wallonie: <em><a href=\"https:\/\/www.youtube.com\/watch?v=XiySgJwPFz0\">L&rsquo;EVRAS en 30 secondes? <\/a><\/em><\/p>\n\n\n\n<p>\ud83c\udfa5 <strong>VIDEO<\/strong> Youtube (03:10) <em><a href=\"https:\/\/www.youtube.com\/watch?v=lRyoYblIXok\" target=\"_blank\" rel=\"noreferrer noopener\">L&rsquo;EVRAS en milieu scolaire c&rsquo;est quoi?<\/a> (3:10 site Youtube)<\/em><br><\/p>\n\n\n\n<p><strong>Quelques ressources sur notre plateforme:<\/strong><\/p>\n\n\n\n<ul class=\"wp-block-list\">\n<li><em><a href=\"https:\/\/api-lux.be\/index.php\/2025\/02\/14\/flag-systeme\/\" data-type=\"link\" data-id=\"https:\/\/api-lux.be\/index.php\/2025\/02\/14\/flag-systeme\/\" target=\"_blank\" rel=\"noreferrer noopener\">Le syst\u00e8me des drapeaux <\/a><\/em><\/li>\n\n\n\n<li><a href=\"https:\/\/api-lux.be\/index.php\/2025\/02\/14\/malette-pedagogique\/\" data-type=\"link\" data-id=\"https:\/\/api-lux.be\/index.php\/2025\/02\/14\/malette-pedagogique\/\" target=\"_blank\" rel=\"noreferrer noopener\"><em>Malette p\u00e9dagogique: Des femmes et des hommes<\/em><\/a><\/li>\n\n\n\n<li><a href=\"https:\/\/api-lux.be\/index.php\/2025\/02\/14\/handicap-et-sexualite-entre-desir-et-realite\/\" data-type=\"link\" data-id=\"https:\/\/api-lux.be\/index.php\/2025\/02\/14\/handicap-et-sexualite-entre-desir-et-realite\/\" target=\"_blank\" rel=\"noreferrer noopener\"><em>Handicap et sexualit\u00e9 \u2013 Entre d\u00e9sir et r\u00e9alit\u00e9<\/em><\/a><\/li>\n\n\n\n<li><em><a href=\"https:\/\/api-lux.be\/index.php\/2025\/02\/14\/livre-corps-amour-sexualite\/\" data-type=\"link\" data-id=\"https:\/\/api-lux.be\/index.php\/2025\/02\/14\/livre-corps-amour-sexualite\/\" target=\"_blank\" rel=\"noreferrer noopener\">Livre \u00ab\u00a0Corps, amour, sexualit\u00e9\u00a0\u00bb<\/a><\/em><\/li>\n\n\n\n<li><em><a href=\"https:\/\/api-lux.be\/index.php\/2025\/02\/14\/outil-le-loup\/\" data-type=\"link\" data-id=\"https:\/\/api-lux.be\/index.php\/2025\/02\/14\/outil-le-loup\/\" target=\"_blank\" rel=\"noreferrer noopener\">Outil de pr\u00e9vention contre les violences sexuelles: \u00ab\u00a0Le Loup\u00a0\u00bb<\/a><\/em><\/li>\n\n\n\n<li><a href=\"https:\/\/api-lux.be\/index.php\/2025\/02\/14\/sexplikons-nous\/\" data-type=\"link\" data-id=\"https:\/\/api-lux.be\/index.php\/2025\/02\/14\/sexplikons-nous\/\" target=\"_blank\" rel=\"noreferrer noopener\"><em>\u00ab\u00a0Sexplikons\u2019nous\u00a0\u00bb<\/em><\/a><\/li>\n\n\n\n<li><a href=\"https:\/\/api-lux.be\/index.php\/2025\/02\/14\/permis-de-prudence\/\" data-type=\"link\" data-id=\"https:\/\/api-lux.be\/index.php\/2025\/02\/14\/permis-de-prudence\/\" target=\"_blank\" rel=\"noreferrer noopener\"><em>Site internet : \u00ab\u00a0Permis de prudence\u00a0\u00bb<\/em><\/a><\/li>\n\n\n\n<li><a href=\"https:\/\/api-lux.be\/index.php\/2025\/02\/14\/entre-deux-lignes\/\" data-type=\"link\" data-id=\"https:\/\/api-lux.be\/index.php\/2025\/02\/14\/entre-deux-lignes\/\" target=\"_blank\" rel=\"noreferrer noopener\"><em>Site internet : \u00ab\u00a0Entre deux lignes\u00a0\u00bb<\/em><\/a><\/li>\n\n\n\n<li><a href=\"https:\/\/api-lux.be\/index.php\/2025\/02\/14\/pile-poils\/\" data-type=\"link\" data-id=\"https:\/\/api-lux.be\/index.php\/2025\/02\/14\/pile-poils\/\" target=\"_blank\" rel=\"noreferrer noopener\"><em>Site internet : \u00ab\u00a0Pile-Poils\u00a0\u00bb<\/em><\/a><\/li>\n\n\n\n<li><a href=\"https:\/\/api-lux.be\/index.php\/2025\/02\/14\/site-internet-yapaka\/\" data-type=\"link\" data-id=\"https:\/\/api-lux.be\/index.php\/2025\/02\/14\/site-internet-yapaka\/\" target=\"_blank\" rel=\"noreferrer noopener\">Site internet : \u00ab\u00a0Yapaka\u00a0\u00bb<\/a><\/li>\n<\/ul>\n<\/div>\n\n\n\n<div class=\"wp-block-column is-layout-flow wp-block-column-is-layout-flow\">\n<h2 class=\"wp-block-heading\">Objectif(s) d&rsquo;utilisation<\/h2>\n\n\n\n<p>\ud83e\udd14\ud83d\udca1 Accro\u00eetre les aptitudes des jeunes \u00e0 faire des choix \u00e9clair\u00e9s<\/p>\n\n\n\n<p>\ud83d\udc9e\ud83c\udf31 Favoriser l&rsquo;\u00e9panouissement dans leur vie relationnelle, affective et sexuelle<\/p>\n\n\n\n<p>\ud83e\udd1d\ud83d\udc96 Encourager le respect de soi et des autres<\/p>\n\n\n\n<p>\u26a0\ufe0f\ud83d\uded1 Pr\u00e9venir les violences relationnelles, affectives et sexuelles fond\u00e9es sur le genre<\/p>\n\n\n\n<p>\ud83c\udfe5\u2696\ufe0f Sensibiliser \u00e0 la sant\u00e9 et aux droits sexuels et reproductifs<\/p>\n\n\n\n<p>\ud83d\udebb\u2696\ufe0f Promouvoir l&rsquo;\u00e9galit\u00e9 homme-femme<\/p>\n\n\n\n<p>\ud83e\udd32\ud83d\udcac \u00c9duquer au respect mutuel et au consentement<\/p>\n\n\n\n<p>\ud83c\udf08\ud83d\udde3\ufe0f Diffuser des informations r\u00e9elles, neutres et non stigmatisantes sur l&rsquo;orientation sexuelle et l&rsquo;identit\u00e9 de genre<\/p>\n\n\n\n<p>\ud83c\udff3\ufe0f\u200d\ud83c\udf08\u270a Combattre l\u2019homophobie et la transphobie<\/p>\n\n\n\n<p>\ud83d\udee1\ufe0f\ud83e\udd17 Cr\u00e9er un environnement plus s\u00fbr et inclusif pour tous<\/p>\n<\/div>\n<\/div>\n\n\n\n<p>Des outils \u00e0 nous partager ?&nbsp;<a href=\"https:\/\/api-lux.be\/index.php\/contact\/\">Cliquez ici<\/a><\/p>\n","protected":false},"excerpt":{"rendered":"<p>\ud83c\udf43\ud83d\udc69\u200d\ud83c\udfeb EVRAS \u2013 \u00e9ducation affective, relationnelle et sexuelle &#8211; ressource g\u00e9n\u00e9rale pour aider \u00e0 mieux comprendre c&rsquo;est qu&rsquo;est l&rsquo;EVRAS.<\/p>\n","protected":false},"author":6,"featured_media":0,"comment_status":"closed","ping_status":"closed","sticky":false,"template":"","format":"standard","meta":{"iawp_total_views":17,"footnotes":""},"categories":[28,4,27,14,18,9,5,8,12,46,48,47,20,1,21,16],"tags":[],"class_list":["post-747","post","type-post","status-publish","format-standard","hentry","category-autonomie-et-responsabilisation","category-besoins","category-besoins-daccomplissement","category-besoins-dappartenance","category-besoins-destime","category-besoins-de-securite","category-besoins-physiologiques","category-bien-etre","category-cadre-et-limites","category-fiches-outils","category-fiches-outils-pour-les-aidants-proches","category-fiches-outils-pour-les-professionnels","category-individualisation","category-non-classe","category-valorisation-confiance","category-vie-affective"],"_links":{"self":[{"href":"https:\/\/api-lux.be\/index.php\/wp-json\/wp\/v2\/posts\/747","targetHints":{"allow":["GET"]}}],"collection":[{"href":"https:\/\/api-lux.be\/index.php\/wp-json\/wp\/v2\/posts"}],"about":[{"href":"https:\/\/api-lux.be\/index.php\/wp-json\/wp\/v2\/types\/post"}],"author":[{"embeddable":true,"href":"https:\/\/api-lux.be\/index.php\/wp-json\/wp\/v2\/users\/6"}],"replies":[{"embeddable":true,"href":"https:\/\/api-lux.be\/index.php\/wp-json\/wp\/v2\/comments?post=747"}],"version-history":[{"count":14,"href":"https:\/\/api-lux.be\/index.php\/wp-json\/wp\/v2\/posts\/747\/revisions"}],"predecessor-version":[{"id":7862,"href":"https:\/\/api-lux.be\/index.php\/wp-json\/wp\/v2\/posts\/747\/revisions\/7862"}],"wp:attachment":[{"href":"https:\/\/api-lux.be\/index.php\/wp-json\/wp\/v2\/media?parent=747"}],"wp:term":[{"taxonomy":"category","embeddable":true,"href":"https:\/\/api-lux.be\/index.php\/wp-json\/wp\/v2\/categories?post=747"},{"taxonomy":"post_tag","embeddable":true,"href":"https:\/\/api-lux.be\/index.php\/wp-json\/wp\/v2\/tags?post=747"}],"curies":[{"name":"wp","href":"https:\/\/api.w.org\/{rel}","templated":true}]}}