{"id":746,"date":"2025-02-14T11:36:55","date_gmt":"2025-02-14T10:36:55","guid":{"rendered":"http:\/\/localhost\/mdi_w\/?p=746"},"modified":"2025-07-01T15:27:18","modified_gmt":"2025-07-01T13:27:18","slug":"planning-familial","status":"publish","type":"post","link":"https:\/\/api-lux.be\/index.php\/2025\/02\/14\/planning-familial\/","title":{"rendered":"Site internet: \u00ab\u00a0Planning familial\u00a0\u00bb"},"content":{"rendered":"\n<div class=\"wp-block-columns is-layout-flex wp-container-core-columns-is-layout-9d6595d7 wp-block-columns-is-layout-flex\">\n<div class=\"wp-block-column is-layout-flow wp-block-column-is-layout-flow\"><div class=\"wp-block-image\">\n<figure class=\"aligncenter size-full is-resized\"><img decoding=\"async\" src=\"https:\/\/api-lux.be\/wp-content\/uploads\/2025\/02\/planning_familial.jpg\" alt=\" \" class=\"wp-image-202\" style=\"width:297px;height:auto\"\/><\/figure>\n<\/div><\/div>\n\n\n\n<div class=\"wp-block-column is-layout-flow wp-block-column-is-layout-flow\">\n<p>\ud83c\udf43\ud83d\udc69\u200d\ud83c\udfeb <strong>EVRAS \u2013 \u00e9ducation affective, relationnelle et sexuelle<\/strong> &#8211; Site d\u2019informations sur la sant\u00e9 sexuelle et les droits des individus, offrant des ressources pour accompagner chacun dans ses choix de vie.<\/p>\n\n\n\n<!--more-->\n\n\n\n<h2 class=\"wp-block-heading\">Public cible<\/h2>\n\n\n\n<p>Pour tous.<\/p>\n<\/div>\n<\/div>\n\n\n\n<h2 class=\"wp-block-heading\">Descriptif de l&rsquo;outil<\/h2>\n\n\n\n<p>Le <strong>site Planning Familial<\/strong> est une plateforme d\u2019information et d\u2019accompagnement sur la sant\u00e9 sexuelle, la vie relationnelle et affective et les droits reproductifs.<br>On y trouve :<\/p>\n\n\n\n<ul class=\"wp-block-list\">\n<li>\ud83d\udcda Des ressources p\u00e9dagogiques et outils EVRAS<\/li>\n\n\n\n<li>\ud83c\udf93 Des formations pour les professionnels<\/li>\n\n\n\n<li>\ud83d\udc65 Des informations sur la contraception, la grossesse, le consentement, la sexualit\u00e9 et les relations<\/li>\n\n\n\n<li>\ud83d\udccd Un moteur de recherche pour trouver un <strong>centre de planning familial proche de chez soi<\/strong><\/li>\n\n\n\n<li>\ud83c\udfa5 Une vid\u00e9o claire pour comprendre le r\u00f4le des plannings<\/li>\n<\/ul>\n\n\n\n<p>Un espace bienveillant et confidentiel pour s\u2019informer, poser ses questions et \u00eatre accompagn\u00e9 dans ses choix de vie.<\/p>\n\n\n\n<h3 class=\"wp-block-heading\">\ud83d\udccc <strong>Petit zoom : c&rsquo;est quoi un centre de planning familial ?<\/strong><\/h3>\n\n\n\n<p>Les <strong>centres de planning familial<\/strong> sont des lieux ouverts \u00e0 toutes et tous. Ils offrent :<\/p>\n\n\n\n<ul class=\"wp-block-list\">\n<li>Des <strong>consultations m\u00e9dicales et psychologiques<\/strong><\/li>\n\n\n\n<li>Des conseils en <strong>contraception, grossesse, IVG<\/strong><\/li>\n\n\n\n<li>Des animations EVRAS dans les \u00e9coles ou les institutions<\/li>\n\n\n\n<li>Un accompagnement juridique et social<\/li>\n\n\n\n<li>Des espaces d\u2019\u00e9coute et de soutien en toute confidentialit\u00e9 et sans jugement<\/li>\n<\/ul>\n\n\n\n<p>\ud83d\udc49 Leur mission : <strong>promouvoir la sant\u00e9 sexuelle et relationnelle, l\u2019autonomie et les droits des personnes<\/strong>.<\/p>\n\n\n\n<h3 class=\"wp-block-heading\">\ud83d\udccd <strong>Centres de planning familial en province de Luxembourg<\/strong> \ud83d\udc49 Liste compl\u00e8te via le moteur de recherche : <a href=\"https:\/\/www.planningfamilial.net\/liste-des-centres\/\" target=\"_blank\" rel=\"noreferrer noopener\">Trouver un centre<\/a><\/h3>\n\n\n\n<div class=\"wp-block-columns is-layout-flex wp-container-core-columns-is-layout-9d6595d7 wp-block-columns-is-layout-flex\">\n<div class=\"wp-block-column is-layout-flow wp-block-column-is-layout-flow\">\n<h2 class=\"wp-block-heading\">Liens utiles<\/h2>\n\n\n\n<p>\ud83c\udfa5 <strong>VIDEO: <a href=\"https:\/\/www.youtube.com\/watch?v=noUnNBVzKKI\" target=\"_blank\" rel=\"noreferrer noopener\">Un centre de planning familial c&rsquo;est quoi <\/a>?<\/strong> (vid\u00e9o YouTube \u2013 1:35)<\/p>\n\n\n\n<p>\ud83c\udf10 <strong>SITE OFFICIEL: <\/strong><a href=\"https:\/\/www.planningfamilial.net\/\" target=\"_blank\" rel=\"noreferrer noopener\">https:\/\/www.planningfamilial.net\/<\/a><br><br><\/p>\n<\/div>\n\n\n\n<div class=\"wp-block-column is-layout-flow wp-block-column-is-layout-flow\">\n<h2 class=\"wp-block-heading\">Objectif(s) d&rsquo;utilisation<\/h2>\n\n\n\n<p>\ud83d\udce3 Assurer une <strong>information fiable et adapt\u00e9e<\/strong> pour tous<\/p>\n\n\n\n<p>\ud83e\udec2 Accompagner en <strong>toute confidentialit\u00e9 et bienveillance<\/strong><\/p>\n\n\n\n<p>\u2696\ufe0f Promouvoir <strong>l\u2019\u00e9galit\u00e9 des droits<\/strong> et pr\u00e9venir les violences<\/p>\n\n\n\n<p>\ud83d\udcaa Soutenir les <strong>choix individuels et l\u2019autonomie<\/strong><\/p>\n\n\n\n<p>\ud83c\udf3f Renforcer <strong>la libert\u00e9, l\u2019\u00e9galit\u00e9 et la dignit\u00e9<\/strong> des personnes<\/p>\n<\/div>\n<\/div>\n\n\n\n<p>Des outils \u00e0 nous partager ?&nbsp;<a href=\"https:\/\/api-lux.be\/index.php\/contact\/\">Cliquez ici<\/a><\/p>\n","protected":false},"excerpt":{"rendered":"<p>\ud83c\udf43\ud83d\udc69\u200d\ud83c\udfeb EVRAS \u2013 \u00e9ducation affective, relationnelle et sexuelle &#8211; Site d\u2019informations sur la sant\u00e9 sexuelle et les droits des individus, offrant des ressources pour accompagner chacun dans ses choix de [&hellip;]<\/p>\n","protected":false},"author":6,"featured_media":0,"comment_status":"closed","ping_status":"closed","sticky":false,"template":"","format":"standard","meta":{"iawp_total_views":1,"footnotes":""},"categories":[28,4,22,27,14,9,5,8,12,46,48,49,47,26,16],"tags":[],"class_list":["post-746","post","type-post","status-publish","format-standard","hentry","category-autonomie-et-responsabilisation","category-besoins","category-besoins-cognitifs","category-besoins-daccomplissement","category-besoins-dappartenance","category-besoins-de-securite","category-besoins-physiologiques","category-bien-etre","category-cadre-et-limites","category-fiches-outils","category-fiches-outils-pour-les-aidants-proches","category-fiches-outils-pour-les-jeunes","category-fiches-outils-pour-les-professionnels","category-outils-pedagogiques-pour-les-pro","category-vie-affective"],"_links":{"self":[{"href":"https:\/\/api-lux.be\/index.php\/wp-json\/wp\/v2\/posts\/746","targetHints":{"allow":["GET"]}}],"collection":[{"href":"https:\/\/api-lux.be\/index.php\/wp-json\/wp\/v2\/posts"}],"about":[{"href":"https:\/\/api-lux.be\/index.php\/wp-json\/wp\/v2\/types\/post"}],"author":[{"embeddable":true,"href":"https:\/\/api-lux.be\/index.php\/wp-json\/wp\/v2\/users\/6"}],"replies":[{"embeddable":true,"href":"https:\/\/api-lux.be\/index.php\/wp-json\/wp\/v2\/comments?post=746"}],"version-history":[{"count":10,"href":"https:\/\/api-lux.be\/index.php\/wp-json\/wp\/v2\/posts\/746\/revisions"}],"predecessor-version":[{"id":7861,"href":"https:\/\/api-lux.be\/index.php\/wp-json\/wp\/v2\/posts\/746\/revisions\/7861"}],"wp:attachment":[{"href":"https:\/\/api-lux.be\/index.php\/wp-json\/wp\/v2\/media?parent=746"}],"wp:term":[{"taxonomy":"category","embeddable":true,"href":"https:\/\/api-lux.be\/index.php\/wp-json\/wp\/v2\/categories?post=746"},{"taxonomy":"post_tag","embeddable":true,"href":"https:\/\/api-lux.be\/index.php\/wp-json\/wp\/v2\/tags?post=746"}],"curies":[{"name":"wp","href":"https:\/\/api.w.org\/{rel}","templated":true}]}}