{"id":743,"date":"2025-02-14T11:36:55","date_gmt":"2025-02-14T10:36:55","guid":{"rendered":"http:\/\/localhost\/mdi_w\/?p=743"},"modified":"2025-07-01T15:26:02","modified_gmt":"2025-07-01T13:26:02","slug":"pile-poils","status":"publish","type":"post","link":"https:\/\/api-lux.be\/index.php\/2025\/02\/14\/pile-poils\/","title":{"rendered":"Site internet : \u00ab\u00a0Pile-poils\u00a0\u00bb"},"content":{"rendered":"\n<div class=\"wp-block-columns is-layout-flex wp-container-core-columns-is-layout-9d6595d7 wp-block-columns-is-layout-flex\">\n<div class=\"wp-block-column is-layout-flow wp-block-column-is-layout-flow\"><div class=\"wp-block-image\">\n<figure class=\"aligncenter size-full is-resized\"><img loading=\"lazy\" decoding=\"async\" width=\"190\" height=\"123\" src=\"https:\/\/api-lux.be\/wp-content\/uploads\/2025\/02\/Capture-du-2025-03-06-20-34-18.png\" alt=\"\" class=\"wp-image-2223\" style=\"width:365px;height:auto\"\/><\/figure>\n<\/div><\/div>\n\n\n\n<div class=\"wp-block-column is-layout-flow wp-block-column-is-layout-flow\">\n<p>\ud83c\udf43\ud83d\udc69\u200d\ud83c\udfeb <strong>EVRAS \u2013 \u00e9ducation affective, relationnelle et sexuelle<\/strong> &#8211; Un site web \u00e9ducatif de l\u2019AMO l\u2019Etincelle pour sensibiliser les jeunes et leurs parents \u00e0 la vie affective et sexuelle.<\/p>\n\n\n\n<!--more-->\n\n\n\n<h2 class=\"wp-block-heading\">\u00c2ge cible<\/h2>\n\n\n\n<p> &#8211; de 10 \u00e0 18 an(s)<\/p>\n<\/div>\n<\/div>\n\n\n\n<h2 class=\"wp-block-heading\">Descriptif de l&rsquo;outil<\/h2>\n\n\n\n<p>Le site <strong>Pile Poils<\/strong> a \u00e9t\u00e9 con\u00e7u pour offrir une ressource en ligne accessible et \u00e9ducative, destin\u00e9e aux jeunes adolescents qui se posent des questions sur la pubert\u00e9. \ud83c\udf31<br>L\u2019objectif principal est de d\u00e9dramatiser les changements corporels et \u00e9motionnels en fournissant des informations simples, fiables et adapt\u00e9es \u00e0 leur \u00e2ge. Le site aide les jeunes \u00e0 mieux comprendre leur corps, leurs \u00e9motions et \u00e0 vivre sereinement cette \u00e9tape cl\u00e9 de leur d\u00e9veloppement. \ud83d\udcac<\/p>\n\n\n\n<p>\ud83d\udca1 <strong>Pourquoi ce site ?<\/strong><\/p>\n\n\n\n<ul class=\"wp-block-list\">\n<li><strong>\u00c9ducation<\/strong> : Aborder la pubert\u00e9 avec des termes anatomiquement corrects et des explications accessibles.<\/li>\n\n\n\n<li><strong>R\u00e9duction du stress<\/strong> : Anticiper les changements corporels pour diminuer les inqui\u00e9tudes et st\u00e9r\u00e9otypes.<\/li>\n\n\n\n<li><strong>Autonomie<\/strong> : Permettre aux jeunes de prendre conscience de leur propre d\u00e9veloppement.<\/li>\n<\/ul>\n\n\n\n<div class=\"wp-block-columns is-layout-flex wp-container-core-columns-is-layout-9d6595d7 wp-block-columns-is-layout-flex\">\n<div class=\"wp-block-column is-layout-flow wp-block-column-is-layout-flow\">\n<h2 class=\"wp-block-heading\">Objectif(s) d&rsquo;utilisation<\/h2>\n\n\n\n<p>Les objectifs principaux de <strong>Pile Poils<\/strong> sont multiples et visent \u00e0 accompagner les jeunes \u00e0 travers la transition de la pubert\u00e9 en toute s\u00e9r\u00e9nit\u00e9 :<\/p>\n\n\n\n<ul class=\"wp-block-list\">\n<li>\ud83d\udcda <strong>Anticiper les changements corporels<\/strong> : Fournir des informations claires et pr\u00e9cises sur la pubert\u00e9, le corps et les \u00e9motions.<\/li>\n\n\n\n<li>\ud83e\udde0 <strong>D\u00e9dramatiser<\/strong> : R\u00e9duire le stress et l\u2019inqui\u00e9tude des jeunes en expliquant les transformations physiques et \u00e9motionnelles de mani\u00e8re positive.<\/li>\n\n\n\n<li>\ud83d\udde3\ufe0f <strong>Respect et consentement<\/strong> : Parler ouvertement du consentement, de l\u2019image de soi, des pertes blanches, des \u00e9rections, et des autres sujets importants.<\/li>\n\n\n\n<li>\ud83c\udfe1 <strong>Parents et professionnels<\/strong> : Encourager les adultes \u00e0 aborder ces sujets avec leurs enfants, tout en respectant leurs valeurs et v\u00e9cus.<\/li>\n\n\n\n<li>\ud83d\udcac <strong>Outils pour la discussion<\/strong> : Offrir aux parents et professionnels des ressources pour faciliter le dialogue avec les jeunes.<\/li>\n<\/ul>\n<\/div>\n\n\n\n<div class=\"wp-block-column is-layout-flow wp-block-column-is-layout-flow\">\n<h2 class=\"wp-block-heading\">Liens utiles<\/h2>\n\n\n\n<p>\ud83c\udf0d <strong>SITE OFFICIEL: <\/strong><a href=\"https:\/\/pile-poils.be\" target=\"_blank\" rel=\"noreferrer noopener\">https:\/\/pile-poils.be<br><\/a><br><\/p>\n<\/div>\n<\/div>\n\n\n\n<p>\u2696\ufe0f <strong>Propri\u00e9t\u00e9 intellectuelle et cr\u00e9dits<\/strong><\/p>\n\n\n\n<ul class=\"wp-block-list\">\n<li><strong>Cr\u00e9ateur<\/strong> : <strong>AMO L&rsquo;Etincelle<\/strong><\/li>\n\n\n\n<li><strong>Propri\u00e9t\u00e9 du contenu<\/strong> : Les ressources disponibles sur <strong>Pile Poils<\/strong> sont prot\u00e9g\u00e9es par la l\u00e9gislation sur les droits d\u2019auteur. Toute reproduction n\u00e9cessite une autorisation pr\u00e9alable.<\/li>\n\n\n\n<li><strong>Licence<\/strong> : Les contenus peuvent \u00eatre utilis\u00e9s \u00e0 des fins \u00e9ducatives et informatives, avec mention des cr\u00e9dits appropri\u00e9s.<\/li>\n\n\n\n<li>\ud83d\udcf8 <strong>Cr\u00e9dits visuels et vid\u00e9os<\/strong> : Les visuels et vid\u00e9os sont la propri\u00e9t\u00e9 de l\u2019AMO L&rsquo;Etincelle. Toute r\u00e9utilisation doit respecter les cr\u00e9dits originaux.<\/li>\n<\/ul>\n\n\n\n<p>Des outils \u00e0 nous partager ? <a href=\"https:\/\/api-lux.be\/index.php\/contact\/\">Cliquez ici<\/a><\/p>\n","protected":false},"excerpt":{"rendered":"<p>\ud83c\udf43\ud83d\udc69\u200d\ud83c\udfeb EVRAS \u2013 \u00e9ducation affective, relationnelle et sexuelle &#8211; Un site web \u00e9ducatif de l\u2019AMO l\u2019Etincelle pour sensibiliser les jeunes et leurs parents \u00e0 la vie affective et sexuelle.<\/p>\n","protected":false},"author":6,"featured_media":0,"comment_status":"closed","ping_status":"closed","sticky":false,"template":"","format":"standard","meta":{"iawp_total_views":9,"footnotes":""},"categories":[28,4,27,14,5,8,46,48,49,47,6,7,16],"tags":[],"class_list":["post-743","post","type-post","status-publish","format-standard","hentry","category-autonomie-et-responsabilisation","category-besoins","category-besoins-daccomplissement","category-besoins-dappartenance","category-besoins-physiologiques","category-bien-etre","category-fiches-outils","category-fiches-outils-pour-les-aidants-proches","category-fiches-outils-pour-les-jeunes","category-fiches-outils-pour-les-professionnels","category-sante-alimentation-sommeil-hygiene","category-soin-pistes-et-outils-professionnels","category-vie-affective"],"_links":{"self":[{"href":"https:\/\/api-lux.be\/index.php\/wp-json\/wp\/v2\/posts\/743","targetHints":{"allow":["GET"]}}],"collection":[{"href":"https:\/\/api-lux.be\/index.php\/wp-json\/wp\/v2\/posts"}],"about":[{"href":"https:\/\/api-lux.be\/index.php\/wp-json\/wp\/v2\/types\/post"}],"author":[{"embeddable":true,"href":"https:\/\/api-lux.be\/index.php\/wp-json\/wp\/v2\/users\/6"}],"replies":[{"embeddable":true,"href":"https:\/\/api-lux.be\/index.php\/wp-json\/wp\/v2\/comments?post=743"}],"version-history":[{"count":9,"href":"https:\/\/api-lux.be\/index.php\/wp-json\/wp\/v2\/posts\/743\/revisions"}],"predecessor-version":[{"id":7858,"href":"https:\/\/api-lux.be\/index.php\/wp-json\/wp\/v2\/posts\/743\/revisions\/7858"}],"wp:attachment":[{"href":"https:\/\/api-lux.be\/index.php\/wp-json\/wp\/v2\/media?parent=743"}],"wp:term":[{"taxonomy":"category","embeddable":true,"href":"https:\/\/api-lux.be\/index.php\/wp-json\/wp\/v2\/categories?post=743"},{"taxonomy":"post_tag","embeddable":true,"href":"https:\/\/api-lux.be\/index.php\/wp-json\/wp\/v2\/tags?post=743"}],"curies":[{"name":"wp","href":"https:\/\/api.w.org\/{rel}","templated":true}]}}