{"id":741,"date":"2025-02-14T11:36:55","date_gmt":"2025-02-14T10:36:55","guid":{"rendered":"http:\/\/localhost\/mdi_w\/?p=741"},"modified":"2025-07-01T15:23:54","modified_gmt":"2025-07-01T13:23:54","slug":"outil-le-loup","status":"publish","type":"post","link":"https:\/\/api-lux.be\/index.php\/2025\/02\/14\/outil-le-loup\/","title":{"rendered":"Outil de pr\u00e9vention contre les violences sexuelles: \u00ab\u00a0Le Loup\u00a0\u00bb"},"content":{"rendered":"\n<div class=\"wp-block-columns is-layout-flex wp-container-core-columns-is-layout-9d6595d7 wp-block-columns-is-layout-flex\">\n<div class=\"wp-block-column is-layout-flow wp-block-column-is-layout-flow\"><div class=\"wp-block-image\">\n<figure class=\"aligncenter size-full\"><img decoding=\"async\" src=\"https:\/\/api-lux.be\/wp-content\/uploads\/2025\/02\/le_loup.jpg\" alt=\" \" class=\"wp-image-202\"\/><\/figure>\n<\/div><\/div>\n\n\n\n<div class=\"wp-block-column is-layout-flow wp-block-column-is-layout-flow\">\n<p>\ud83c\udf43\ud83d\udc69\u200d\ud83c\udfeb <strong>EVRAS \u2013 \u00e9ducation affective, relationnelle et sexuelle<\/strong> &#8211; pr\u00e9vention contre les violences sexuelles destin\u00e9 aux enfants \u00e0 partir de 4 ans et leurs proches ainsi qu&rsquo;aux professionnels de l&rsquo;enfance.<\/p>\n\n\n\n<!--more-->\n\n\n\n<h2 class=\"wp-block-heading\">Public cible<\/h2>\n\n\n\n<p>Enfants \u00e0 partir de 4 ans, leurs proches et les professionnels.<\/p>\n<\/div>\n<\/div>\n\n\n\n<h2 class=\"wp-block-heading\">Descriptif de l&rsquo;outil<\/h2>\n\n\n\n<p>Cet outil a \u00e9t\u00e9 imagin\u00e9 par <strong>Mai Lan Chapiron<\/strong>, artiste et r\u00e9alisatrice fran\u00e7aise engag\u00e9e dans la protection de l\u2019enfance et la lutte contre les violences sexuelles. Il aborde de mani\u00e8re simple et bienveillante des sujets essentiels comme le consentement, le respect des limites corporelles et la pr\u00e9vention des abus.<\/p>\n\n\n\n<p>Accessible d\u00e8s le plus jeune \u00e2ge, il s\u2019adresse aux enfants, aux jeunes et aux professionnels de l\u2019\u00e9ducation, du social et du soin.<\/p>\n\n\n\n<h3 class=\"wp-block-heading\">\ud83d\udce6 <strong>Ce que contient l\u2019outil<\/strong><\/h3>\n\n\n\n<p>\ud83d\udcd6 Un <strong>livre illustr\u00e9<\/strong> disponible en librairie et en ligne, au prix de <strong>10,90 \u20ac<\/strong> (tarif janvier 2025). Possibilit\u00e9 de l\u2019emprunter dans certaines biblioth\u00e8ques.<\/p>\n\n\n\n<p>\ud83c\udfa5 <a href=\"https:\/\/www.youtube.com\/watch?v=NtF4RbquGQo\" target=\"_blank\" rel=\"noreferrer noopener\">Une <strong>vid\u00e9o anim\u00e9e<\/strong> courte et percutante<\/a> :<br><strong>\u00ab Ton corps est \u00e0 toi, c&rsquo;est toi le chef \u00bb<\/strong> (3 min 58), qui explique aux enfants de fa\u00e7on claire et rassurante leurs droits et leurs limites.<\/p>\n\n\n\n<p>\ud83c\udfb6 Une <strong>chanson p\u00e9dagogique<\/strong> qui accompagne les messages de la vid\u00e9o et du livre, pour mieux int\u00e9grer les notions de respect et de protection.<\/p>\n\n\n\n<p>\ud83d\udde3\ufe0f Une <strong>s\u00e9ance de pr\u00e9vention<\/strong> peut \u00eatre anim\u00e9e \u00e0 partir de ces supports, avec des \u00e9changes adapt\u00e9s au public et des exercices pour apprendre \u00e0 exprimer ses ressentis et dire non.<br><\/p>\n\n\n\n<h3 class=\"wp-block-heading\">\ud83d\udcd6\u2728 <strong>Un second livre pour les tout-petits<\/strong><\/h3>\n\n\n\n<p>En <strong>mars 2024<\/strong>, l\u2019auteure a publi\u00e9 <strong>\u00ab C\u2019est MON corps ! \u00bb<\/strong>, <a href=\"https:\/\/api-lux.be\/index.php\/2025\/03\/19\/livre-cest-mon-corps\/\" target=\"_blank\" rel=\"noreferrer noopener\">un album tendre et color\u00e9<\/a> \u00e0 destination des plus jeunes, disponible lui aussi en librairie et sur les grandes plateformes de vente en ligne.<\/p>\n\n\n\n<figure class=\"wp-block-image size-full\"><img loading=\"lazy\" decoding=\"async\" width=\"225\" height=\"225\" src=\"https:\/\/api-lux.be\/wp-content\/uploads\/2025\/02\/image-7.png\" alt=\"\" class=\"wp-image-3585\" srcset=\"https:\/\/api-lux.be\/wp-content\/uploads\/2025\/02\/image-7.png 225w, https:\/\/api-lux.be\/wp-content\/uploads\/2025\/02\/image-7-150x150.png 150w\" sizes=\"auto, (max-width: 225px) 100vw, 225px\" \/><\/figure>\n\n\n\n<div class=\"wp-block-columns is-layout-flex wp-container-core-columns-is-layout-9d6595d7 wp-block-columns-is-layout-flex\">\n<div class=\"wp-block-column is-layout-flow wp-block-column-is-layout-flow\">\n<h2 class=\"wp-block-heading\">Objectif(s) d&rsquo;utilisation<\/h2>\n\n\n\n<p>\ud83d\udcac <strong>Sensibiliser les enfants et les jeunes<\/strong> au respect de leur corps, \u00e0 l\u2019\u00e9coute de leurs ressentis et \u00e0 l\u2019affirmation de leurs limites.<\/p>\n\n\n\n<p>\ud83d\udea8 <strong>Pr\u00e9venir les violences sexuelles<\/strong> en aidant les enfants \u00e0 identifier les comportements inacceptables et \u00e0 savoir comment agir face \u00e0 une situation \u00e0 risque.<\/p>\n\n\n\n<p>\ud83d\udee1\ufe0f <strong>Favoriser la lib\u00e9ration de la parole<\/strong> et cr\u00e9er un climat bienveillant et s\u00e9curisant o\u00f9 chacun peut s\u2019exprimer sans crainte.<\/p>\n\n\n\n<p>\ud83c\udf38 <strong>Renforcer la confiance en soi<\/strong> et donner aux enfants les ressources pour se prot\u00e9ger et faire respecter leurs droits.<\/p>\n<\/div>\n\n\n\n<div class=\"wp-block-column is-layout-flow wp-block-column-is-layout-flow\">\n<h2 class=\"wp-block-heading\">Liens utiles<\/h2>\n\n\n\n<p>\ud83c\udf10 <strong>Site officiel du projet et des ressources<\/strong> :<br>\ud83d\udc49 <a href=\"https:\/\/www.leloup.org\/\" target=\"_blank\" rel=\"noreferrer noopener\">https:\/\/www.leloup.org\/<\/a><\/p>\n<\/div>\n<\/div>\n\n\n\n<p>\ud83d\udcda <strong>Propri\u00e9t\u00e9 Intellectuelle et Cr\u00e9dits<\/strong><\/p>\n\n\n\n<ul class=\"wp-block-list\">\n<li><strong>Auteur<\/strong> : <em>Mai Lan Chapiron<\/em>, artiste et r\u00e9alisatrice fran\u00e7aise, engag\u00e9e dans la protection de l\u2019enfance et la lutte contre les violences sexuelles.<\/li>\n\n\n\n<li><strong>Propri\u00e9t\u00e9 du contenu<\/strong> : Le livre, la vid\u00e9o et la chanson p\u00e9dagogique sont des \u0153uvres de <strong>Mai Lan Chapiron<\/strong>, prot\u00e9g\u00e9es par la l\u00e9gislation sur les droits d\u2019auteur.<\/li>\n\n\n\n<li><strong>Licence<\/strong> : Le contenu est mis \u00e0 disposition sous une licence <strong>Creative Commons<\/strong>. Pour toute utilisation, il est essentiel de citer l&rsquo;auteure et de ne pas utiliser ces ressources \u00e0 des fins commerciales sans autorisation pr\u00e9alable.<\/li>\n<\/ul>\n\n\n\n<p>Des outils \u00e0 nous partager ? <a href=\"https:\/\/api-lux.be\/index.php\/contact\/\">Cliquez ici<\/a><\/p>\n","protected":false},"excerpt":{"rendered":"<p>\ud83c\udf43\ud83d\udc69\u200d\ud83c\udfeb EVRAS \u2013 \u00e9ducation affective, relationnelle et sexuelle &#8211; pr\u00e9vention contre les violences sexuelles destin\u00e9 aux enfants \u00e0 partir de 4 ans et leurs proches ainsi qu&rsquo;aux professionnels de l&rsquo;enfance.<\/p>\n","protected":false},"author":6,"featured_media":0,"comment_status":"closed","ping_status":"closed","sticky":false,"template":"","format":"standard","meta":{"iawp_total_views":5,"footnotes":""},"categories":[4,14,18,9,5,8,46,48,49,47,19,7,16],"tags":[],"class_list":["post-741","post","type-post","status-publish","format-standard","hentry","category-besoins","category-besoins-dappartenance","category-besoins-destime","category-besoins-de-securite","category-besoins-physiologiques","category-bien-etre","category-fiches-outils","category-fiches-outils-pour-les-aidants-proches","category-fiches-outils-pour-les-jeunes","category-fiches-outils-pour-les-professionnels","category-gestion-des-emotions","category-soin-pistes-et-outils-professionnels","category-vie-affective"],"_links":{"self":[{"href":"https:\/\/api-lux.be\/index.php\/wp-json\/wp\/v2\/posts\/741","targetHints":{"allow":["GET"]}}],"collection":[{"href":"https:\/\/api-lux.be\/index.php\/wp-json\/wp\/v2\/posts"}],"about":[{"href":"https:\/\/api-lux.be\/index.php\/wp-json\/wp\/v2\/types\/post"}],"author":[{"embeddable":true,"href":"https:\/\/api-lux.be\/index.php\/wp-json\/wp\/v2\/users\/6"}],"replies":[{"embeddable":true,"href":"https:\/\/api-lux.be\/index.php\/wp-json\/wp\/v2\/comments?post=741"}],"version-history":[{"count":16,"href":"https:\/\/api-lux.be\/index.php\/wp-json\/wp\/v2\/posts\/741\/revisions"}],"predecessor-version":[{"id":7856,"href":"https:\/\/api-lux.be\/index.php\/wp-json\/wp\/v2\/posts\/741\/revisions\/7856"}],"wp:attachment":[{"href":"https:\/\/api-lux.be\/index.php\/wp-json\/wp\/v2\/media?parent=741"}],"wp:term":[{"taxonomy":"category","embeddable":true,"href":"https:\/\/api-lux.be\/index.php\/wp-json\/wp\/v2\/categories?post=741"},{"taxonomy":"post_tag","embeddable":true,"href":"https:\/\/api-lux.be\/index.php\/wp-json\/wp\/v2\/tags?post=741"}],"curies":[{"name":"wp","href":"https:\/\/api.w.org\/{rel}","templated":true}]}}