{"id":740,"date":"2025-02-14T11:36:55","date_gmt":"2025-02-14T10:36:55","guid":{"rendered":"http:\/\/localhost\/mdi_w\/?p=740"},"modified":"2025-07-01T15:23:30","modified_gmt":"2025-07-01T13:23:30","slug":"malette-pedagogique","status":"publish","type":"post","link":"https:\/\/api-lux.be\/index.php\/2025\/02\/14\/malette-pedagogique\/","title":{"rendered":"Mallette p\u00e9dagogique: \u00ab\u00a0Des femmes et des hommes\u00a0\u00bb"},"content":{"rendered":"\n<div class=\"wp-block-columns is-layout-flex wp-container-core-columns-is-layout-9d6595d7 wp-block-columns-is-layout-flex\">\n<div class=\"wp-block-column is-layout-flow wp-block-column-is-layout-flow\">\n<figure class=\"wp-block-image size-full\"><img decoding=\"async\" src=\"https:\/\/api-lux.be\/wp-content\/uploads\/2025\/02\/malette_pedagogique__des_femmes_et_des_hommes.jpg\" alt=\" \" class=\"wp-image-202\"\/><\/figure>\n<\/div>\n\n\n\n<div class=\"wp-block-column is-layout-flow wp-block-column-is-layout-flow\">\n<p>\ud83c\udf43\ud83d\udc69\u200d\ud83c\udfeb <strong>EVRAS \u2013 \u00e9ducation affective, relationnelle et sexuelle<\/strong> &#8211; Outil pour un programme d&rsquo;\u00e9ducation affective, relationnelle et sexuelle pour les adolescents et adultes pr\u00e9sentant une d\u00e9ficience intellectuelle<\/p>\n\n\n\n<!--more-->\n\n\n\n<h2 class=\"wp-block-heading\">\u00c2ge cible<\/h2>\n\n\n\n<p> &#8211; de 12 \u00e0 25 an(s)<\/p>\n<\/div>\n<\/div>\n\n\n\n<h2 class=\"wp-block-heading\">Descriptif de l&rsquo;outil<\/h2>\n\n\n\n<p>La mallette <strong>\u00ab Des femmes et des hommes \u00bb<\/strong> est un programme complet pens\u00e9 pour accompagner les adolescents et adultes en situation de handicap intellectuel dans leur <strong>\u00e9ducation affective, relationnelle et sexuelle<\/strong>.<\/p>\n\n\n\n<p>\ud83d\udce6 Elle comprend :<\/p>\n\n\n\n<ul class=\"wp-block-list\">\n<li>\ud83d\udcd6 Un <strong>livret d\u2019introduction<\/strong><\/li>\n\n\n\n<li>\ud83d\udcd8 <strong>Sept livrets d\u2019animation<\/strong> avec plus de <strong>250 activit\u00e9s p\u00e9dagogiques<\/strong><\/li>\n\n\n\n<li>\ud83d\uddbc\ufe0f Un <strong>dossier de plus de 150 illustrations en couleur<\/strong><\/li>\n\n\n\n<li>\ud83c\udf10 Des <strong>outils compl\u00e9mentaires en ligne<\/strong><\/li>\n<\/ul>\n\n\n\n<p>\ud83d\udcac Le contenu aborde de mani\u00e8re accessible :<\/p>\n\n\n\n<ul class=\"wp-block-list\">\n<li>Les bases de la vie affective et sexuelle<\/li>\n\n\n\n<li>Les relations interpersonnelles<\/li>\n\n\n\n<li>La sant\u00e9 sexuelle<\/li>\n\n\n\n<li>Les dangers li\u00e9s \u00e0 internet et les r\u00e9seaux sociaux<\/li>\n\n\n\n<li>Les droits des personnes en situation de handicap<\/li>\n\n\n\n<li>Des notions d\u2019assistance sexuelle<\/li>\n\n\n\n<li>Des questionnements \u00e9thiques adapt\u00e9s<\/li>\n<\/ul>\n\n\n\n<p>\ud83d\udcb6 Disponible \u00e0 la vente (prix indicatif : <strong>300 \u20ac en janvier 2025<\/strong>) et en pr\u00eat via certains centres et associations sp\u00e9cialis\u00e9s (r\u00e9f\u00e9renc\u00e9s notamment sur le site <strong>PIPSA<\/strong>).<\/p>\n\n\n\n<div class=\"wp-block-columns is-layout-flex wp-container-core-columns-is-layout-9d6595d7 wp-block-columns-is-layout-flex\">\n<div class=\"wp-block-column is-layout-flow wp-block-column-is-layout-flow\">\n<h2 class=\"wp-block-heading\">Objectif(s) d&rsquo;utilisation<\/h2>\n\n\n\n<p>\ud83d\udc96 D\u00e9velopper les comp\u00e9tences \u00e9motionnelles, relationnelles et sexuelles des adolescents et adultes en situation de handicap intellectuel.<\/p>\n\n\n\n<p>\ud83c\udf31 Favoriser leur \u00e9panouissement personnel et renforcer leur <strong>autonomie affective et relationnelle<\/strong>.<\/p>\n\n\n\n<p>\ud83d\udeab Lutter contre les discriminations et pr\u00e9jug\u00e9s li\u00e9s \u00e0 la sexualit\u00e9 et au handicap.<\/p>\n\n\n\n<p>\u2696\ufe0f Promouvoir l\u2019\u00e9galit\u00e9 des droits en mati\u00e8re de vie affective, intime et sexuelle.<\/p>\n<\/div>\n\n\n\n<div class=\"wp-block-column is-layout-flow wp-block-column-is-layout-flow\">\n<h2 class=\"wp-block-heading\">Liens utiles<\/h2>\n\n\n\n<p>\ud83d\udd17 <strong>Fiche compl\u00e9mentaire (PIPSA)<\/strong> :<br>\ud83d\udc49 <a href=\"https:\/\/www.pipsa.be\/outils\/detail-2139614100\/des-femmes-et-des-hommes-2e-edition-mise-a-jour.html\" target=\"_blank\" rel=\"noreferrer noopener\">Des femmes et des hommes \u2014 2e \u00e9dition mise \u00e0 jour<\/a><br>(avec r\u00e9f\u00e9rencement des centres de pr\u00eat hors province du Luxembourg)<\/p>\n<\/div>\n<\/div>\n\n\n\n<p>\ud83d\udcda <strong>Propri\u00e9t\u00e9 Intellectuelle et Cr\u00e9dits<\/strong><\/p>\n\n\n\n<ul class=\"wp-block-list\">\n<li><strong>Auteurs<\/strong> : <em>Jacqueline Delville<\/em>, <em>Michel Mercier<\/em>, <em>Carine Merlin<\/em><\/li>\n\n\n\n<li><strong>Collaborateurs<\/strong> : <strong>CeRHeS (Centre Ressources Handicaps et Sexualit\u00e9s)<\/strong><\/li>\n\n\n\n<li><strong>Propri\u00e9t\u00e9 du contenu<\/strong> : Le programme \u00ab <strong>Des femmes et des hommes<\/strong> \u00bb est prot\u00e9g\u00e9 par la l\u00e9gislation sur les droits d\u2019auteur. Tous les \u00e9l\u00e9ments, y compris les livrets, illustrations et outils compl\u00e9mentaires en ligne, sont soumis \u00e0 des droits de propri\u00e9t\u00e9 intellectuelle.<\/li>\n\n\n\n<li><strong>Licence<\/strong> : Les ressources sont disponibles \u00e0 la vente et sous des conditions de pr\u00eat dans des \u00e9tablissements sp\u00e9cialis\u00e9s. Toute utilisation commerciale ou diffusion des contenus sans autorisation est interdite.<\/li>\n<\/ul>\n\n\n\n<p>Des outils \u00e0 nous partager ? <a href=\"https:\/\/api-lux.be\/index.php\/contact\/\">Cliquez ici<\/a><\/p>\n","protected":false},"excerpt":{"rendered":"<p>\ud83c\udf43\ud83d\udc69\u200d\ud83c\udfeb EVRAS \u2013 \u00e9ducation affective, relationnelle et sexuelle &#8211; Outil pour un programme d&rsquo;\u00e9ducation affective, relationnelle et sexuelle pour les adolescents et adultes pr\u00e9sentant une d\u00e9ficience intellectuelle<\/p>\n","protected":false},"author":6,"featured_media":0,"comment_status":"closed","ping_status":"closed","sticky":false,"template":"","format":"standard","meta":{"iawp_total_views":59,"footnotes":""},"categories":[28,4,22,27,14,18,9,5,8,12,46,48,47,20,25,26,16],"tags":[],"class_list":["post-740","post","type-post","status-publish","format-standard","hentry","category-autonomie-et-responsabilisation","category-besoins","category-besoins-cognitifs","category-besoins-daccomplissement","category-besoins-dappartenance","category-besoins-destime","category-besoins-de-securite","category-besoins-physiologiques","category-bien-etre","category-cadre-et-limites","category-fiches-outils","category-fiches-outils-pour-les-aidants-proches","category-fiches-outils-pour-les-professionnels","category-individualisation","category-materiel-specifique","category-outils-pedagogiques-pour-les-pro","category-vie-affective"],"_links":{"self":[{"href":"https:\/\/api-lux.be\/index.php\/wp-json\/wp\/v2\/posts\/740","targetHints":{"allow":["GET"]}}],"collection":[{"href":"https:\/\/api-lux.be\/index.php\/wp-json\/wp\/v2\/posts"}],"about":[{"href":"https:\/\/api-lux.be\/index.php\/wp-json\/wp\/v2\/types\/post"}],"author":[{"embeddable":true,"href":"https:\/\/api-lux.be\/index.php\/wp-json\/wp\/v2\/users\/6"}],"replies":[{"embeddable":true,"href":"https:\/\/api-lux.be\/index.php\/wp-json\/wp\/v2\/comments?post=740"}],"version-history":[{"count":12,"href":"https:\/\/api-lux.be\/index.php\/wp-json\/wp\/v2\/posts\/740\/revisions"}],"predecessor-version":[{"id":7855,"href":"https:\/\/api-lux.be\/index.php\/wp-json\/wp\/v2\/posts\/740\/revisions\/7855"}],"wp:attachment":[{"href":"https:\/\/api-lux.be\/index.php\/wp-json\/wp\/v2\/media?parent=740"}],"wp:term":[{"taxonomy":"category","embeddable":true,"href":"https:\/\/api-lux.be\/index.php\/wp-json\/wp\/v2\/categories?post=740"},{"taxonomy":"post_tag","embeddable":true,"href":"https:\/\/api-lux.be\/index.php\/wp-json\/wp\/v2\/tags?post=740"}],"curies":[{"name":"wp","href":"https:\/\/api.w.org\/{rel}","templated":true}]}}