{"id":739,"date":"2025-02-14T11:36:55","date_gmt":"2025-02-14T10:36:55","guid":{"rendered":"http:\/\/localhost\/mdi_w\/?p=739"},"modified":"2025-07-01T15:23:18","modified_gmt":"2025-07-01T13:23:18","slug":"charte-intime-apajh","status":"publish","type":"post","link":"https:\/\/api-lux.be\/index.php\/2025\/02\/14\/charte-intime-apajh\/","title":{"rendered":"Charte intime vie affective et sexuelle (diffus\u00e9e par l&rsquo;APAJH)"},"content":{"rendered":"\n<div class=\"wp-block-columns is-layout-flex wp-container-core-columns-is-layout-9d6595d7 wp-block-columns-is-layout-flex\">\n<div class=\"wp-block-column is-layout-flow wp-block-column-is-layout-flow\"><div class=\"wp-block-image\">\n<figure class=\"aligncenter size-full\"><img decoding=\"async\" src=\"https:\/\/api-lux.be\/wp-content\/uploads\/2025\/02\/intimite.jpg\" alt=\" \" class=\"wp-image-202\"\/><\/figure>\n<\/div><\/div>\n\n\n\n<div class=\"wp-block-column is-layout-flow wp-block-column-is-layout-flow\">\n<p>\ud83c\udf43\ud83d\udc69\u200d\ud83c\udfeb <strong>EVRAS<\/strong> \u2013<strong> Education affective, relationnelle et sexuelle <\/strong>&#8211; Une charte pour guider les professionnels et les personnes accompagn\u00e9es, sur les questions d&rsquo;intimit\u00e9, de vie affective et sexuelle.<br><a href=\"https:\/\/www.apajh.org\/#\/\" target=\"_blank\" rel=\"noreferrer noopener\">APAJH <\/a>= <em>Association Pour Adultes et Jeunes Handicap\u00e9s<\/em><\/p>\n\n\n\n<!--more-->\n\n\n\n<h2 class=\"wp-block-heading\">\u00c2ge cible<\/h2>\n\n\n\n<p> &#8211; de 12 \u00e0 25 an(s)<\/p>\n<\/div>\n<\/div>\n\n\n\n<h2 class=\"wp-block-heading\">Descriptif de l&rsquo;outil<\/h2>\n\n\n\n<p>La <strong>Charte Intimit\u00e9, vie affective et sexuelle<\/strong> de l&rsquo;<strong>APAJH<\/strong> (Association Pour Adultes et Jeunes Handicap\u00e9s) est un document fondamental pour garantir \u00e0 toute personne en situation de handicap le respect de ses droits et libert\u00e9s en mati\u00e8re de vie affective et sexuelle \u2764\ufe0f.<\/p>\n\n\n\n<p>\ud83d\udcdc Elle aborde sans tabou des sujets souvent laiss\u00e9s de c\u00f4t\u00e9 :<\/p>\n\n\n\n<ul class=\"wp-block-list\">\n<li>\ud83d\udc96 L&rsquo;acc\u00e8s \u00e0 une vie amoureuse choisie<\/li>\n\n\n\n<li>\ud83d\udc6b La sexualit\u00e9 et l\u2019intimit\u00e9 dans les \u00e9tablissements et services m\u00e9dico-sociaux<\/li>\n\n\n\n<li>\ud83d\udcd1 Le rappel des dispositions l\u00e9gales fran\u00e7aises en la mati\u00e8re<\/li>\n<\/ul>\n\n\n\n<p>\ud83d\udc65 R\u00e9dig\u00e9e par un <strong>groupe national de travail<\/strong> compos\u00e9 d\u2019\u00e9lus, de professionnels de terrain et d\u2019experts (sexologues, juristes\u2026), elle offre des <strong>rep\u00e8res clairs<\/strong> pour accompagner au mieux les personnes et guider les professionnels face aux situations complexes.<\/p>\n\n\n\n<p>\u2728 Particularit\u00e9 : la charte existe en <strong>version originale<\/strong> et en <strong>FALC (Facile \u00e0 Lire et \u00e0 Comprendre)<\/strong> pour en garantir l\u2019acc\u00e8s \u00e0 toutes et tous.<\/p>\n\n\n\n<h3 class=\"wp-block-heading\">\u2728 <strong>Suggestions d\u2019utilisation<\/strong><\/h3>\n\n\n\n<ul class=\"wp-block-list\">\n<li>\ud83d\udcd6 Pr\u00e9senter et commenter la charte en r\u00e9union d\u2019\u00e9quipe \u00e9ducative<\/li>\n\n\n\n<li>\ud83d\udcd8 Proposer des ateliers ou temps d\u2019\u00e9changes autour des th\u00e8mes abord\u00e9s dans la charte avec les personnes accompagn\u00e9es<\/li>\n\n\n\n<li>\ud83c\udfa8 Adapter le contenu en pictogrammes ou supports visuels pour les publics ayant des besoins sp\u00e9cifiques<\/li>\n\n\n\n<li>\ud83c\udfa5 Associer des supports vid\u00e9os, sayn\u00e8tes ou jeux de r\u00f4le pour rendre les notions plus concr\u00e8tes et accessibles<\/li>\n<\/ul>\n\n\n\n<div class=\"wp-block-columns is-layout-flex wp-container-core-columns-is-layout-9d6595d7 wp-block-columns-is-layout-flex\">\n<div class=\"wp-block-column is-layout-flow wp-block-column-is-layout-flow\">\n<h2 class=\"wp-block-heading\">Objectif(s) d&rsquo;utilisation<\/h2>\n\n\n\n<p>\u2696\ufe0f <strong>Garantir les droits fondamentaux<\/strong> des personnes en situation de handicap \u00e0 une vie affective et sexuelle libre et choisie<\/p>\n\n\n\n<p>\ud83e\udded <strong>Guider les professionnels<\/strong> dans l\u2019adoption de postures justes, respectueuses et l\u00e9galement encadr\u00e9es<\/p>\n\n\n\n<p>\ud83c\udf38 <strong>Contribuer \u00e0 l\u2019\u00e9panouissement personnel<\/strong> et au bien-\u00eatre affectif des personnes accompagn\u00e9es<\/p>\n\n\n\n<p>\ud83c\udf0d <strong>Renforcer l\u2019inclusion sociale<\/strong> et la citoyennet\u00e9 pleine et enti\u00e8re des personnes en situation de handicap<\/p>\n<\/div>\n\n\n\n<div class=\"wp-block-column is-layout-flow wp-block-column-is-layout-flow\">\n<h2 class=\"wp-block-heading\">Liens utiles<\/h2>\n\n\n\n<p>\ud83d\udcc4 <strong>Charte en FALC (Facile \u00e0 Lire et \u00e0 Comprendre)<\/strong><br><a href=\"https:\/\/www.apajh.org\/uploads\/2020\/09\/Charte-Intimite-vie-affective-et-sexuelle_Version-FALC.pdf\" target=\"_blank\" rel=\"noreferrer noopener\">\ud83d\udc49 T\u00e9l\u00e9charger ici<\/a><\/p>\n\n\n\n<p>\ud83d\udcd1 <strong>Charte en version originale<\/strong><br><a href=\"https:\/\/www.apajh.org\/uploads\/2020\/09\/APAJH_Charte-Intimte-vie-affective-et-sexuelle_VersionOriginale.pdf\" target=\"_blank\" rel=\"noreferrer noopener\">\ud83d\udc49 T\u00e9l\u00e9charger ici<\/a><\/p>\n<\/div>\n<\/div>\n\n\n\n<p>Des outils \u00e0 nous partager ? <a href=\"https:\/\/api-lux.be\/index.php\/contact\/\">Cliquez ici<\/a><\/p>\n","protected":false},"excerpt":{"rendered":"<p>\ud83c\udf43\ud83d\udc69\u200d\ud83c\udfeb EVRAS \u2013 Education affective, relationnelle et sexuelle &#8211; Une charte pour guider les professionnels et les personnes accompagn\u00e9es, sur les questions d&rsquo;intimit\u00e9, de vie affective et sexuelle.APAJH = Association [&hellip;]<\/p>\n","protected":false},"author":6,"featured_media":0,"comment_status":"closed","ping_status":"closed","sticky":false,"template":"","format":"standard","meta":{"iawp_total_views":38,"footnotes":""},"categories":[4,14,18,9,5,8,12,46,48,49,47,19,20,1,7,21,16],"tags":[],"class_list":["post-739","post","type-post","status-publish","format-standard","hentry","category-besoins","category-besoins-dappartenance","category-besoins-destime","category-besoins-de-securite","category-besoins-physiologiques","category-bien-etre","category-cadre-et-limites","category-fiches-outils","category-fiches-outils-pour-les-aidants-proches","category-fiches-outils-pour-les-jeunes","category-fiches-outils-pour-les-professionnels","category-gestion-des-emotions","category-individualisation","category-non-classe","category-soin-pistes-et-outils-professionnels","category-valorisation-confiance","category-vie-affective"],"_links":{"self":[{"href":"https:\/\/api-lux.be\/index.php\/wp-json\/wp\/v2\/posts\/739","targetHints":{"allow":["GET"]}}],"collection":[{"href":"https:\/\/api-lux.be\/index.php\/wp-json\/wp\/v2\/posts"}],"about":[{"href":"https:\/\/api-lux.be\/index.php\/wp-json\/wp\/v2\/types\/post"}],"author":[{"embeddable":true,"href":"https:\/\/api-lux.be\/index.php\/wp-json\/wp\/v2\/users\/6"}],"replies":[{"embeddable":true,"href":"https:\/\/api-lux.be\/index.php\/wp-json\/wp\/v2\/comments?post=739"}],"version-history":[{"count":8,"href":"https:\/\/api-lux.be\/index.php\/wp-json\/wp\/v2\/posts\/739\/revisions"}],"predecessor-version":[{"id":7854,"href":"https:\/\/api-lux.be\/index.php\/wp-json\/wp\/v2\/posts\/739\/revisions\/7854"}],"wp:attachment":[{"href":"https:\/\/api-lux.be\/index.php\/wp-json\/wp\/v2\/media?parent=739"}],"wp:term":[{"taxonomy":"category","embeddable":true,"href":"https:\/\/api-lux.be\/index.php\/wp-json\/wp\/v2\/categories?post=739"},{"taxonomy":"post_tag","embeddable":true,"href":"https:\/\/api-lux.be\/index.php\/wp-json\/wp\/v2\/tags?post=739"}],"curies":[{"name":"wp","href":"https:\/\/api.w.org\/{rel}","templated":true}]}}