{"id":738,"date":"2025-02-14T11:36:55","date_gmt":"2025-02-14T10:36:55","guid":{"rendered":"http:\/\/localhost\/mdi_w\/?p=738"},"modified":"2025-07-01T15:22:56","modified_gmt":"2025-07-01T13:22:56","slug":"vivre-personnes-absentes","status":"publish","type":"post","link":"https:\/\/api-lux.be\/index.php\/2025\/02\/14\/vivre-personnes-absentes\/","title":{"rendered":"Faire vivre les personnes absentes"},"content":{"rendered":"\n<div class=\"wp-block-columns is-layout-flex wp-container-core-columns-is-layout-9d6595d7 wp-block-columns-is-layout-flex\">\n<div class=\"wp-block-column is-layout-flow wp-block-column-is-layout-flow\">\n<figure class=\"wp-block-image size-full\"><img loading=\"lazy\" decoding=\"async\" width=\"600\" height=\"400\" src=\"https:\/\/api-lux.be\/wp-content\/uploads\/2025\/02\/persoonne-absentes.jpeg\" alt=\"\" class=\"wp-image-2027\" srcset=\"https:\/\/api-lux.be\/wp-content\/uploads\/2025\/02\/persoonne-absentes.jpeg 600w, https:\/\/api-lux.be\/wp-content\/uploads\/2025\/02\/persoonne-absentes-300x200.jpeg 300w\" sizes=\"auto, (max-width: 600px) 100vw, 600px\" \/><\/figure>\n<\/div>\n\n\n\n<div class=\"wp-block-column is-layout-flow wp-block-column-is-layout-flow\">\n<p>\ud83c\udf08 <strong>Personnalisation et individualisation dans le collectif<\/strong> &#8211; Un outil pour symboliser la pr\u00e9sence des personnes absentes, afin de r\u00e9duire l&rsquo;anxi\u00e9t\u00e9 et renforcer le sentiment de continuit\u00e9 et de s\u00e9curit\u00e9.<\/p>\n\n\n\n<!--more-->\n\n\n\n<h2 class=\"wp-block-heading\">\u00c2ge cible<\/h2>\n\n\n\n<p> &#8211; de 3 \u00e0 18 an(s) et principalement pour les jeunes ayant un trouble de l&rsquo;attachement.<\/p>\n<\/div>\n<\/div>\n\n\n\n<div class=\"wp-block-columns is-layout-flex wp-container-core-columns-is-layout-9d6595d7 wp-block-columns-is-layout-flex\">\n<div class=\"wp-block-column is-layout-flow wp-block-column-is-layout-flow\">\n<h2 class=\"wp-block-heading\">Descriptif de l&rsquo;outil<\/h2>\n\n\n\n<p>Faire vivre les personnes absentes, c\u2019est conserver leur pr\u00e9sence symbolique dans l\u2019espace de vie (classe, internat, centre de loisirs\u2026) m\u00eame lorsqu\u2019elles ne sont pas physiquement l\u00e0. Cela permet de rappeler qu\u2019elles existent toujours et qu\u2019elles reviendront.<\/p>\n\n\n\n<ul class=\"wp-block-list\">\n<li>\ud83d\uddbc\ufe0f Afficher des photos, des pr\u00e9noms ou des objets personnels (dessins, bracelets, objets symboliques) sur un <strong>tableau des absents<\/strong> ou un espace d\u00e9di\u00e9.<\/li>\n\n\n\n<li>\u270f\ufe0f Utiliser un pictogramme, un avatar ou une photo sur un panneau collectif ou une affiche du jour.<\/li>\n\n\n\n<li>\ud83d\udcc5 Indiquer \u00e9ventuellement la dur\u00e9e ou la raison de l\u2019absence de fa\u00e7on simple et rassurante.<\/li>\n<\/ul>\n\n\n\n<p>Ce type de dispositif aide les enfants et adolescents, en particulier ceux anxieux ou vuln\u00e9rables, \u00e0 maintenir des rep\u00e8res affectifs et sociaux et \u00e0 se repr\u00e9senter mentalement la continuit\u00e9 du lien.<\/p>\n\n\n\n<p>Cette pratique s\u2019appuie sur les principes de la <a href=\"https:\/\/api-lux.be\/index.php\/2025\/02\/14\/favoriser-liens-dattachement\/\" target=\"_blank\" rel=\"noreferrer noopener\">th\u00e9orie de l\u2019attachement<\/a> : un enfant a besoin de savoir que les personnes importantes pour lui ne disparaissent pas mais sont momentan\u00e9ment \u00e9loign\u00e9es et qu\u2019elles reviendront.<\/p>\n<\/div>\n\n\n\n<div class=\"wp-block-column is-layout-flow wp-block-column-is-layout-flow\">\n<h2 class=\"wp-block-heading\">Objectif(s) d&rsquo;utilisation<\/h2>\n\n\n\n<p>\ud83c\udf31 Diminuer l\u2019anxi\u00e9t\u00e9 des enfants en maintenant un lien symbolique avec les personnes absentes<\/p>\n\n\n\n<p>\ud83e\uddf8 Renforcer le sentiment de s\u00e9curit\u00e9 et de continuit\u00e9 affective<\/p>\n\n\n\n<p>\ud83d\udd70\ufe0f Aider \u00e0 comprendre que l\u2019absence est temporaire et que le retour est pr\u00e9vu<\/p>\n\n\n\n<p>\ud83e\udd1d Maintenir une dynamique de groupe coh\u00e9rente et rassurante<\/p>\n\n\n\n<p>\ud83d\udcd6 Cr\u00e9er de la pr\u00e9visibilit\u00e9 et des rep\u00e8res dans le quotidien<\/p>\n\n\n\n<p>\ud83d\udc96 Stabiliser l\u2019environnement \u00e9motionnel et soutenir le bien-\u00eatre affectif des jeunes<\/p>\n<\/div>\n<\/div>\n\n\n\n<div class=\"wp-block-columns is-layout-flex wp-container-core-columns-is-layout-9d6595d7 wp-block-columns-is-layout-flex\">\n<div class=\"wp-block-column is-layout-flow wp-block-column-is-layout-flow\">\n<h2 class=\"wp-block-heading\">Liens utiles<\/h2>\n\n\n\n<p>\ud83c\udfa5 <strong>Vid\u00e9o (8:18)<\/strong> : <em><a href=\"https:\/\/www.youtube.com\/watch?v=aeMapqqthNs\" target=\"_blank\" rel=\"noreferrer noopener\">S\u00e9curit\u00e9 et lien d\u2019attachement : la m\u00e9taphore de la plante<\/a><\/em> \u2014 Julien Renault, psychopraticien.- Youtube &#8211; consult\u00e9 en janvier 2025<\/p>\n<\/div>\n<\/div>\n\n\n\n<div class=\"wp-block-columns is-layout-flex wp-container-core-columns-is-layout-9d6595d7 wp-block-columns-is-layout-flex\">\n<div class=\"wp-block-column is-layout-flow wp-block-column-is-layout-flow\">\n<h2 class=\"wp-block-heading\">Variantes &#8211; am\u00e9nagement<\/h2>\n\n\n\n<p>\ud83c\udfa5 Envoyer des messages vid\u00e9o ou vocaux des absents aux enfants<\/p>\n\n\n\n<p>\ud83d\udcd6 Lire ensemble des histoires ou des souvenirs en lien avec la personne absente<\/p>\n\n\n\n<p>\ud83c\udfa8 Dessiner ou \u00e9crire un message collectif \u00e0 destination de la personne absente<\/p>\n\n\n\n<p>\ud83d\udcf7 Mettre en place un \u00ab coin des absents \u00bb avec des photos ou des symboles pour chaque personne manquante<\/p>\n\n\n\n<p>\ud83c\udfb5 Cr\u00e9er une chanson ou un rituel de pens\u00e9e positive en leur honneur<\/p>\n\n\n\n<p>\ud83c\udf3c R\u00e9aliser un rituel de retrouvailles symbolique lors du retour<\/p>\n\n\n\n<div class=\"wp-block-columns is-layout-flex wp-container-core-columns-is-layout-9d6595d7 wp-block-columns-is-layout-flex\">\n<div class=\"wp-block-column is-layout-flow wp-block-column-is-layout-flow\">\n<figure class=\"wp-block-image size-large\"><img loading=\"lazy\" decoding=\"async\" width=\"1024\" height=\"768\" src=\"https:\/\/api-lux.be\/wp-content\/uploads\/2025\/02\/Presences-2-1024x768.jpg\" alt=\"\" class=\"wp-image-2199\" srcset=\"https:\/\/api-lux.be\/wp-content\/uploads\/2025\/02\/Presences-2-1024x768.jpg 1024w, https:\/\/api-lux.be\/wp-content\/uploads\/2025\/02\/Presences-2-300x225.jpg 300w, https:\/\/api-lux.be\/wp-content\/uploads\/2025\/02\/Presences-2-768x576.jpg 768w, https:\/\/api-lux.be\/wp-content\/uploads\/2025\/02\/Presences-2-1536x1152.jpg 1536w, https:\/\/api-lux.be\/wp-content\/uploads\/2025\/02\/Presences-2-2048x1536.jpg 2048w\" sizes=\"auto, (max-width: 1024px) 100vw, 1024px\" \/><\/figure>\n<\/div>\n\n\n\n<div class=\"wp-block-column is-layout-flow wp-block-column-is-layout-flow\">\n<figure class=\"wp-block-image size-full\"><img loading=\"lazy\" decoding=\"async\" width=\"1024\" height=\"768\" src=\"https:\/\/api-lux.be\/wp-content\/uploads\/2025\/02\/Beige-and-Salmon-Pastel-Modern-Illustrative-Price-List-Comparison-Chart.jpg\" alt=\"\" class=\"wp-image-2201\" srcset=\"https:\/\/api-lux.be\/wp-content\/uploads\/2025\/02\/Beige-and-Salmon-Pastel-Modern-Illustrative-Price-List-Comparison-Chart.jpg 1024w, https:\/\/api-lux.be\/wp-content\/uploads\/2025\/02\/Beige-and-Salmon-Pastel-Modern-Illustrative-Price-List-Comparison-Chart-300x225.jpg 300w, https:\/\/api-lux.be\/wp-content\/uploads\/2025\/02\/Beige-and-Salmon-Pastel-Modern-Illustrative-Price-List-Comparison-Chart-768x576.jpg 768w\" sizes=\"auto, (max-width: 1024px) 100vw, 1024px\" \/><\/figure>\n<\/div>\n<\/div>\n<\/div>\n<\/div>\n\n\n\n<p>Des outils \u00e0 nous partager ? <a href=\"https:\/\/api-lux.be\/index.php\/contact\/\">Cliquez ici<\/a><\/p>\n","protected":false},"excerpt":{"rendered":"<p>\ud83c\udf08 Personnalisation et individualisation dans le collectif &#8211; Un outil pour symboliser la pr\u00e9sence des personnes absentes, afin de r\u00e9duire l&rsquo;anxi\u00e9t\u00e9 et renforcer le sentiment de continuit\u00e9 et de s\u00e9curit\u00e9.<\/p>\n","protected":false},"author":6,"featured_media":0,"comment_status":"closed","ping_status":"closed","sticky":false,"template":"","format":"standard","meta":{"iawp_total_views":2,"footnotes":""},"categories":[4,14,46,48,49,47,19,20,29],"tags":[],"class_list":["post-738","post","type-post","status-publish","format-standard","hentry","category-besoins","category-besoins-dappartenance","category-fiches-outils","category-fiches-outils-pour-les-aidants-proches","category-fiches-outils-pour-les-jeunes","category-fiches-outils-pour-les-professionnels","category-gestion-des-emotions","category-individualisation","category-projection"],"_links":{"self":[{"href":"https:\/\/api-lux.be\/index.php\/wp-json\/wp\/v2\/posts\/738","targetHints":{"allow":["GET"]}}],"collection":[{"href":"https:\/\/api-lux.be\/index.php\/wp-json\/wp\/v2\/posts"}],"about":[{"href":"https:\/\/api-lux.be\/index.php\/wp-json\/wp\/v2\/types\/post"}],"author":[{"embeddable":true,"href":"https:\/\/api-lux.be\/index.php\/wp-json\/wp\/v2\/users\/6"}],"replies":[{"embeddable":true,"href":"https:\/\/api-lux.be\/index.php\/wp-json\/wp\/v2\/comments?post=738"}],"version-history":[{"count":7,"href":"https:\/\/api-lux.be\/index.php\/wp-json\/wp\/v2\/posts\/738\/revisions"}],"predecessor-version":[{"id":7853,"href":"https:\/\/api-lux.be\/index.php\/wp-json\/wp\/v2\/posts\/738\/revisions\/7853"}],"wp:attachment":[{"href":"https:\/\/api-lux.be\/index.php\/wp-json\/wp\/v2\/media?parent=738"}],"wp:term":[{"taxonomy":"category","embeddable":true,"href":"https:\/\/api-lux.be\/index.php\/wp-json\/wp\/v2\/categories?post=738"},{"taxonomy":"post_tag","embeddable":true,"href":"https:\/\/api-lux.be\/index.php\/wp-json\/wp\/v2\/tags?post=738"}],"curies":[{"name":"wp","href":"https:\/\/api.w.org\/{rel}","templated":true}]}}