{"id":737,"date":"2025-02-14T11:36:55","date_gmt":"2025-02-14T10:36:55","guid":{"rendered":"http:\/\/localhost\/mdi_w\/?p=737"},"modified":"2025-07-01T15:22:33","modified_gmt":"2025-07-01T13:22:33","slug":"favoriser-liens-dattachement","status":"publish","type":"post","link":"https:\/\/api-lux.be\/index.php\/2025\/02\/14\/favoriser-liens-dattachement\/","title":{"rendered":"Favoriser les liens d&rsquo;attachement"},"content":{"rendered":"\n<div class=\"wp-block-columns is-layout-flex wp-container-core-columns-is-layout-9d6595d7 wp-block-columns-is-layout-flex\">\n<div class=\"wp-block-column is-layout-flow wp-block-column-is-layout-flow\"><div class=\"wp-block-image\">\n<figure class=\"aligncenter size-full is-resized\"><img loading=\"lazy\" decoding=\"async\" width=\"1707\" height=\"2560\" src=\"https:\/\/api-lux.be\/wp-content\/uploads\/2025\/02\/pexels-shvetsa-3905794-scaled.jpg\" alt=\"\" class=\"wp-image-2190\" style=\"aspect-ratio:1;width:379px;height:auto\" srcset=\"https:\/\/api-lux.be\/wp-content\/uploads\/2025\/02\/pexels-shvetsa-3905794-scaled.jpg 1707w, https:\/\/api-lux.be\/wp-content\/uploads\/2025\/02\/pexels-shvetsa-3905794-200x300.jpg 200w, https:\/\/api-lux.be\/wp-content\/uploads\/2025\/02\/pexels-shvetsa-3905794-683x1024.jpg 683w, https:\/\/api-lux.be\/wp-content\/uploads\/2025\/02\/pexels-shvetsa-3905794-768x1152.jpg 768w, https:\/\/api-lux.be\/wp-content\/uploads\/2025\/02\/pexels-shvetsa-3905794-1024x1536.jpg 1024w, https:\/\/api-lux.be\/wp-content\/uploads\/2025\/02\/pexels-shvetsa-3905794-1365x2048.jpg 1365w\" sizes=\"auto, (max-width: 1707px) 100vw, 1707px\" \/><\/figure>\n<\/div><\/div>\n\n\n\n<div class=\"wp-block-column is-layout-flow wp-block-column-is-layout-flow\">\n<p>\ud83c\udf08 <strong>Personnalisation et individualisation dans le collectif &#8211;<\/strong> Posture pour cr\u00e9er de la constance et renforcer les liens d\u2019attachement entre les enfants et les professionnels encadrants dans les espaces de vie.<\/p>\n\n\n\n<!--more-->\n\n\n\n<h2 class=\"wp-block-heading\">\u00c2ge cible<\/h2>\n\n\n\n<p> &#8211; de 2 \u00e0 20 an(s)<\/p>\n<\/div>\n<\/div>\n\n\n\n<h2 class=\"wp-block-heading\">Descriptif de l&rsquo;outil<\/h2>\n\n\n\n<p>Promouvoir des relations stables et s\u00e9curisantes entre les enfants\/adolescents et <a href=\"https:\/\/api-lux.be\/index.php\/2025\/02\/14\/appartenir-cest-sindividualiser\/\" target=\"_blank\" rel=\"noreferrer noopener\">les adultes r\u00e9f\u00e9rents <\/a>dans les espaces de vie \u00e9ducatifs (\u00e9coles, internats, accueils collectifs, services r\u00e9sidentiels, etc.). La constance dans la relation permet \u00e0 l\u2019enfant de :<\/p>\n\n\n\n<ul class=\"wp-block-list\">\n<li>\ud83e\uddf7 Se sentir s\u00e9curis\u00e9 \u00e9motionnellement<\/li>\n\n\n\n<li>\ud83c\udf31 D\u00e9velopper sa confiance en lui et en l\u2019autre<\/li>\n\n\n\n<li>\ud83e\udded Mieux comprendre son environnement social<\/li>\n\n\n\n<li>\ud83e\udef6 Tisser des liens solides, qui participent \u00e0 son bon d\u00e9veloppement<\/li>\n<\/ul>\n\n\n\n<p>La th\u00e9orie de l\u2019attachement (J. Bowlby) rappelle combien la pr\u00e9sence r\u00e9guli\u00e8re et bienveillante de figures stables est un facteur majeur de s\u00e9curit\u00e9 affective et de structuration pour l\u2019enfant.<\/p>\n\n\n\n<h3 class=\"wp-block-heading\">\ud83e\udd1d <strong>Comment cr\u00e9er ce lien d\u2019attachement s\u00e9curisant<\/strong><\/h3>\n\n\n\n<ul class=\"wp-block-list\">\n<li>\ud83c\udfb2 <strong>Partager <a href=\"https:\/\/api-lux.be\/index.php\/2025\/02\/14\/offrir-des-moments-en-individuel\/\" target=\"_blank\" rel=\"noreferrer noopener\">des moments individuels <\/a>privil\u00e9gi\u00e9s<\/strong> : jeux de soci\u00e9t\u00e9, balades, sorties cin\u00e9ma, ateliers cr\u00e9atifs ou discussions. Choisir des activit\u00e9s qui int\u00e9ressent r\u00e9ellement le jeune pour renforcer son envie et favoriser l\u2019\u00e9change.<\/li>\n\n\n\n<li>\ud83c\udf81 <strong>Cr\u00e9er et offrir des petits cadeaux symboliques<\/strong> : fabriquer ensemble un bracelet, un dessin, une carte pour une personne importante (enseignant, \u00e9ducateur, intervenant sportif\u2026).<\/li>\n\n\n\n<li>\ud83c\udf7d\ufe0f <strong>Partager des repas en petit comit\u00e9<\/strong> : instaurer des moments conviviaux \u00e0 table qui facilitent la parole et l\u2019\u00e9coute.<\/li>\n\n\n\n<li>\ud83d\udcac <strong>Parler de vos propres centres d\u2019int\u00e9r\u00eat<\/strong> : en dehors de la posture strictement \u00e9ducative, humaniser la relation et montrer que l\u2019on peut \u00eatre \u00e9ducateur et personne \u00e0 la fois.<\/li>\n\n\n\n<li>\u23f3 <strong>Prendre le temps, ralentir<\/strong> : \u00e9viter de brusquer les \u00e9changes, respecter les silences, et privil\u00e9gier la qualit\u00e9 \u00e0 la quantit\u00e9.<\/li>\n\n\n\n<li>\ud83d\udd04 <strong>\u00catre stable et coh\u00e9rent dans les interventions<\/strong> : maintenir des routines et rep\u00e8res clairs pour rassurer l\u2019enfant et favoriser la pr\u00e9visibilit\u00e9.<\/li>\n<\/ul>\n\n\n\n<h3 class=\"wp-block-heading\">\ud83d\uded1 <strong>Points d\u2019attention<\/strong><\/h3>\n\n\n\n<ul class=\"wp-block-list\">\n<li>\u2696\ufe0f La juste pr\u00e9sence est essentielle : veiller \u00e0 ne pas g\u00e9n\u00e9rer de d\u00e9pendance affective au r\u00e9f\u00e9rent unique.<\/li>\n\n\n\n<li>\ud83c\udf0d Encourager l\u2019enfant \u00e0 diversifier ses rep\u00e8res : valoriser les autres adultes de l\u2019\u00e9quipe, favoriser la socialisation et l\u2019ouverture \u00e0 son environnement.<\/li>\n\n\n\n<li>\ud83e\udea2 Le r\u00e9f\u00e9rent est un <strong>point d\u2019ancrage<\/strong>, pas un substitut exclusif.<\/li>\n<\/ul>\n\n\n\n<div class=\"wp-block-columns is-layout-flex wp-container-core-columns-is-layout-9d6595d7 wp-block-columns-is-layout-flex\">\n<div class=\"wp-block-column is-layout-flow wp-block-column-is-layout-flow\">\n<h2 class=\"wp-block-heading\">Objectif(s) d&rsquo;utilisation<\/h2>\n\n\n\n<ul class=\"wp-block-list\">\n<li>Cr\u00e9er un cadre \u00e9motionnel stable et s\u00e9curisant pour les enfants, en d\u00e9veloppant des relations d&rsquo;attachement durables avec les adultes qui les entourent.<\/li>\n\n\n\n<li>Contribuer \u00e0 l&rsquo;\u00e9panouissement personnel des enfants;<\/li>\n\n\n\n<li>Contribuer \u00e0 une meilleure gestion des \u00e9motions;<\/li>\n\n\n\n<li>R\u00e9duire l&rsquo;anxi\u00e9t\u00e9 gr\u00e2ce \u00e0 la stabilit\u00e9 et la constance de la figure de r\u00e9f\u00e9rence.<\/li>\n<\/ul>\n<\/div>\n\n\n\n<div class=\"wp-block-column is-layout-flow wp-block-column-is-layout-flow\">\n<h2 class=\"wp-block-heading\">Liens utiles<\/h2>\n\n\n\n<p>\ud83d\udcc4 <strong>Article PDF<\/strong> : Guedeney, N. (n.d.). <a href=\"https:\/\/www.yapaka.be\/sites\/yapaka.be\/files\/publication\/TA_Lattachement_un_lien_vital_WEB.pdf\" target=\"_blank\" rel=\"noreferrer noopener\"><em>L&rsquo;attachement : Un lien vital<\/em>.<\/a> Yapaka.<\/p>\n\n\n\n<p>\ud83c\udfa5 <strong>Vid\u00e9o (12:20)<\/strong> : <em><a href=\"https:\/\/www.youtube.com\/watch?v=_cV3ruRhEwc\" target=\"_blank\" rel=\"noreferrer noopener\">La th\u00e9orie de l\u2019attachement<\/a> (J. Bowlby)<\/em> \u2014 Psychologie du d\u00e9veloppement.<\/p>\n<\/div>\n<\/div>\n\n\n\n<div class=\"wp-block-columns is-layout-flex wp-container-core-columns-is-layout-9d6595d7 wp-block-columns-is-layout-flex\">\n<div class=\"wp-block-column is-layout-flow wp-block-column-is-layout-flow\">\n<h2 class=\"wp-block-heading\">Variantes &#8211; am\u00e9nagement<\/h2>\n\n\n\n<p>\ud83d\udcf9 Envoyer des vid\u00e9os ou messages audio des \u00e9ducateurs absents<\/p>\n\n\n\n<p>\ud83e\udde3 Utiliser <a href=\"https:\/\/api-lux.be\/index.php\/2025\/02\/14\/vivre-personnes-absentes\/\" target=\"_blank\" rel=\"noreferrer noopener\">des objets symboliques<\/a> : foulard, bracelet, dessin, photo<\/p>\n\n\n\n<p>\ud83d\udc8c Organiser des cercles de parole pour \u00e9voquer les absents, partager des nouvelles<\/p>\n\n\n\n<p>\ud83c\udfa8 Installer un panneau ou arbre des pr\u00e9sences avec les photos et avatars des r\u00e9f\u00e9rents<\/p>\n\n\n\n<p>\ud83d\udcd5 Proposer aux enfants de tenir un <strong>carnet de souvenirs et \u00e9motions<\/strong> pour garder trace des moments partag\u00e9s et des pens\u00e9es en l&rsquo;absence du r\u00e9f\u00e9rent<\/p>\n<\/div>\n<\/div>\n\n\n\n<p>Des outils \u00e0 nous partager ? <a href=\"https:\/\/api-lux.be\/index.php\/contact\/\">Cliquez ici<\/a><\/p>\n","protected":false},"excerpt":{"rendered":"<p>\ud83c\udf08 Personnalisation et individualisation dans le collectif &#8211; Posture pour cr\u00e9er de la constance et renforcer les liens d\u2019attachement entre les enfants et les professionnels encadrants dans les espaces de [&hellip;]<\/p>\n","protected":false},"author":6,"featured_media":0,"comment_status":"closed","ping_status":"closed","sticky":false,"template":"","format":"standard","meta":{"iawp_total_views":1,"footnotes":""},"categories":[4,14,9,15,49,47,17,20],"tags":[],"class_list":["post-737","post","type-post","status-publish","format-standard","hentry","category-besoins","category-besoins-dappartenance","category-besoins-de-securite","category-famille-et-milieu-de-vie","category-fiches-outils-pour-les-jeunes","category-fiches-outils-pour-les-professionnels","category-inclusion-sociale-et-reseau-sociaux","category-individualisation"],"_links":{"self":[{"href":"https:\/\/api-lux.be\/index.php\/wp-json\/wp\/v2\/posts\/737","targetHints":{"allow":["GET"]}}],"collection":[{"href":"https:\/\/api-lux.be\/index.php\/wp-json\/wp\/v2\/posts"}],"about":[{"href":"https:\/\/api-lux.be\/index.php\/wp-json\/wp\/v2\/types\/post"}],"author":[{"embeddable":true,"href":"https:\/\/api-lux.be\/index.php\/wp-json\/wp\/v2\/users\/6"}],"replies":[{"embeddable":true,"href":"https:\/\/api-lux.be\/index.php\/wp-json\/wp\/v2\/comments?post=737"}],"version-history":[{"count":16,"href":"https:\/\/api-lux.be\/index.php\/wp-json\/wp\/v2\/posts\/737\/revisions"}],"predecessor-version":[{"id":7852,"href":"https:\/\/api-lux.be\/index.php\/wp-json\/wp\/v2\/posts\/737\/revisions\/7852"}],"wp:attachment":[{"href":"https:\/\/api-lux.be\/index.php\/wp-json\/wp\/v2\/media?parent=737"}],"wp:term":[{"taxonomy":"category","embeddable":true,"href":"https:\/\/api-lux.be\/index.php\/wp-json\/wp\/v2\/categories?post=737"},{"taxonomy":"post_tag","embeddable":true,"href":"https:\/\/api-lux.be\/index.php\/wp-json\/wp\/v2\/tags?post=737"}],"curies":[{"name":"wp","href":"https:\/\/api.w.org\/{rel}","templated":true}]}}