{"id":736,"date":"2025-02-14T11:36:55","date_gmt":"2025-02-14T10:36:55","guid":{"rendered":"http:\/\/localhost\/mdi_w\/?p=736"},"modified":"2025-07-01T15:22:01","modified_gmt":"2025-07-01T13:22:01","slug":"appartenir-cest-sindividualiser","status":"publish","type":"post","link":"https:\/\/api-lux.be\/index.php\/2025\/02\/14\/appartenir-cest-sindividualiser\/","title":{"rendered":"Appartenir c&rsquo;est s&rsquo;individualiser: le r\u00e9f\u00e9rent"},"content":{"rendered":"\n<div class=\"wp-block-columns is-layout-flex wp-container-core-columns-is-layout-9d6595d7 wp-block-columns-is-layout-flex\">\n<div class=\"wp-block-column is-layout-flow wp-block-column-is-layout-flow\">\n<figure class=\"wp-block-image size-full\"><img decoding=\"async\" src=\"https:\/\/api-lux.be\/wp-content\/uploads\/2025\/02\/individualisation.jpg\" alt=\" \" class=\"wp-image-202\"\/><\/figure>\n<\/div>\n\n\n\n<div class=\"wp-block-column is-layout-flow wp-block-column-is-layout-flow\">\n<p>\ud83c\udf08 <strong>Personnalisation et individualisation dans le collectif<\/strong>: Favoriser un lien individuel et s\u00e9curis\u00e9 entre un jeune et un r\u00e9f\u00e9rent \u00e9ducatif dans des espaces de vie.<\/p>\n\n\n\n<!--more-->\n\n\n\n<h2 class=\"wp-block-heading\">\u00c2ge cible <\/h2>\n\n\n\n<p><b> <\/b>&#8211; de 3 \u00e0 20 ans.<\/p>\n<\/div>\n<\/div>\n\n\n\n<h2 class=\"wp-block-heading\">Descriptif de l&rsquo;outil<\/h2>\n\n\n\n<p>Dans un cadre collectif, chaque enfant ou adolescent a besoin d\u2019une <strong>personne de r\u00e9f\u00e9rence<\/strong> pour se sentir sp\u00e9cial et soutenu. Cette personne, qu\u2019elle soit \u00e9ducative, scolaire ou sociale, lui offre un lien privil\u00e9gi\u00e9 qui va au-del\u00e0 des interactions de groupe. Ce lien renforce son <strong>identit\u00e9<\/strong> et lui permet de grandir dans un environnement s\u00e9curis\u00e9.<\/p>\n\n\n\n<h4 class=\"wp-block-heading\">Le r\u00f4le de la personne de r\u00e9f\u00e9rence : un espace \u00e0 soi<\/h4>\n\n\n\n<p>\u2022 \ud83c\udfc6 <strong>Se sentir unique et valoris\u00e9<\/strong> : Savoir qu\u2019il peut compter sur un adulte pour parler de ses pr\u00e9occupations ou de ses r\u00eaves renforce son <strong>estime de soi<\/strong> et lui permet de s\u2019exprimer librement, sans pression du groupe.<\/p>\n\n\n\n<p>\u2022 \ud83e\udde0 <strong>Partager ses souvenirs et \u00e9motions<\/strong> : La personne r\u00e9f\u00e9rente est souvent celle qui conna\u00eet l\u2019histoire de l\u2019enfant et peut lui offrir un <strong>espace s\u00e9curis\u00e9<\/strong> o\u00f9 il peut partager ses pens\u00e9es et \u00e9motions sans jugement.<\/p>\n\n\n\n<p>\u2022 \ud83e\udd10 <strong>Offrir un moment intime d\u2019\u00e9change<\/strong> : Ces moments sont des occasions pour l\u2019enfant de s\u2019ouvrir sur des sujets personnels. Il peut <strong>parler en toute confiance<\/strong>, sachant que l\u2019adulte respectera sa confidentialit\u00e9.<\/p>\n\n\n\n<h4 class=\"wp-block-heading\">Le lien de confiance : Continuit\u00e9 et coh\u00e9rence de l\u2019accompagnement<\/h4>\n\n\n\n<p>\u2022 \ud83d\udd04 <strong>Assurer la continuit\u00e9 de l\u2019accompagnement<\/strong> : En connaissant bien l\u2019enfant depuis le d\u00e9but, elle garantit une relation stable et coh\u00e9rente, facilitant l\u2019adaptation et l\u2019\u00e9volution du parcours \u00e9ducatif.<\/p>\n\n\n\n<p>\u2022 \ud83c\udfe1 <strong>\u00catre un rep\u00e8re pour les parents et les autres professionnels<\/strong> : Cette personne peut \u00eatre un point de <strong>m\u00e9diation<\/strong> entre l\u2019enfant, sa famille et les autres adultes qui l\u2019accompagnent. Elle aide \u00e0 garder une communication fluide et permet d&rsquo;ajuster les strat\u00e9gies d&rsquo;accompagnement.<\/p>\n\n\n\n<p>\u2022 \ud83c\udf31 <strong>Favoriser l\u2019ancrage et l\u2019ouverture<\/strong> : Bien que la relation avec l\u2019adulte r\u00e9f\u00e9rent soit importante, il est essentiel que l\u2019enfant ne devienne pas <strong>d\u00e9pendant<\/strong> de ce lien. Il est donc n\u00e9cessaire que l\u2019adulte <strong>encourage l\u2019autonomie<\/strong> de l\u2019enfant et l\u2019ouverture vers d\u2019autres rep\u00e8res (autres adultes, \u00e9quipe \u00e9ducative, amis, etc.).<\/p>\n\n\n\n<div class=\"wp-block-columns is-layout-flex wp-container-core-columns-is-layout-9d6595d7 wp-block-columns-is-layout-flex\">\n<div class=\"wp-block-column is-layout-flow wp-block-column-is-layout-flow\">\n<h2 class=\"wp-block-heading\">Objectif(s) d&rsquo;utilisation<\/h2>\n\n\n\n<p>\u2022 \ud83d\udee1\ufe0f <strong>Renforcer la s\u00e9curit\u00e9 \u00e9motionnelle<\/strong> : Cr\u00e9er un espace o\u00f9 l\u2019enfant se sent respect\u00e9 et \u00e9cout\u00e9, tout en cultivant un lien solide et rassurant.<\/p>\n\n\n\n<p>\u2022 \ud83e\uddd8\u200d\u2642\ufe0f <strong>Offrir un espace d\u2019expression libre<\/strong> : Permettre \u00e0 l\u2019enfant de se confier, d\u2019explorer ses \u00e9motions et ses id\u00e9es en toute confiance.<\/p>\n\n\n\n<p>\u2022 \ud83d\udcac <strong>Soutenir l\u2019\u00e9panouissement personnel<\/strong> : Aider l\u2019enfant \u00e0 grandir et \u00e0 se d\u00e9velopper en lui offrant un cadre s\u00e9curis\u00e9 et bienveillant.<\/p>\n<\/div>\n\n\n\n<div class=\"wp-block-column is-layout-flow wp-block-column-is-layout-flow\">\n<h2 class=\"wp-block-heading\">Liens utiles<\/h2>\n\n\n\n<p>Voici un outil qui pourrait \u00e9galement vous int\u00e9resser sur notre plateforme: <br><a href=\"https:\/\/api-lux.be\/index.php\/2025\/02\/14\/offrir-des-moments-en-individuel\/\" target=\"_blank\" rel=\"noreferrer noopener\">Offrir des moments en individuel<\/a><\/p>\n\n\n\n<p><strong>ARTICLE<\/strong>:<em> <\/em>Dub\u00e9, M. (n.d.). <a href=\"https:\/\/www.educatout.com\/edu-conseils\/discipline-positive\/le-lien-d-attachement-educatrice-enfant--un-lien-important-et-primordial.htm\" target=\"_blank\" rel=\"noreferrer noopener\"><em>Le lien d\u2019attachement \u00e9ducatrice-enfant : un lien important et primordial<\/em>. <\/a>Educatout. <br>Consult\u00e9 en f\u00e9vrier 2025<\/p>\n<\/div>\n<\/div>\n\n\n\n<div class=\"wp-block-columns is-layout-flex wp-container-core-columns-is-layout-9d6595d7 wp-block-columns-is-layout-flex\">\n<div class=\"wp-block-column is-layout-flow wp-block-column-is-layout-flow\">\n<h2 class=\"wp-block-heading\">Variantes &#8211; am\u00e9nagement<\/h2>\n\n\n\n<p>\u2022 \ud83d\udde3\ufe0f <strong>Groupes de parole r\u00e9duits<\/strong> : Organiser des groupes de parole avec moins de participants pour garantir des \u00e9changes plus personnels et plus authentiques.<\/p>\n\n\n\n<p>\u2022 \ud83d\udcd6 <strong>Carnet de suivi individuel<\/strong> : Permettre au jeune de noter ses r\u00e9flexions et les points abord\u00e9s lors de chaque rencontre dans un carnet personnel, afin de suivre son \u00e9volution.<\/p>\n<\/div>\n<\/div>\n\n\n\n<p>Des outils \u00e0 nous partager ? <a href=\"https:\/\/api-lux.be\/index.php\/contact\/\">Cliquez ici<\/a><\/p>\n","protected":false},"excerpt":{"rendered":"<p>\ud83c\udf08 Personnalisation et individualisation dans le collectif: Favoriser un lien individuel et s\u00e9curis\u00e9 entre un jeune et un r\u00e9f\u00e9rent \u00e9ducatif dans des espaces de vie.<\/p>\n","protected":false},"author":6,"featured_media":0,"comment_status":"closed","ping_status":"closed","sticky":false,"template":"","format":"standard","meta":{"iawp_total_views":0,"footnotes":""},"categories":[4,14,18,23,46,48,49,47,20,26,21],"tags":[],"class_list":["post-736","post","type-post","status-publish","format-standard","hentry","category-besoins","category-besoins-dappartenance","category-besoins-destime","category-communication","category-fiches-outils","category-fiches-outils-pour-les-aidants-proches","category-fiches-outils-pour-les-jeunes","category-fiches-outils-pour-les-professionnels","category-individualisation","category-outils-pedagogiques-pour-les-pro","category-valorisation-confiance"],"_links":{"self":[{"href":"https:\/\/api-lux.be\/index.php\/wp-json\/wp\/v2\/posts\/736","targetHints":{"allow":["GET"]}}],"collection":[{"href":"https:\/\/api-lux.be\/index.php\/wp-json\/wp\/v2\/posts"}],"about":[{"href":"https:\/\/api-lux.be\/index.php\/wp-json\/wp\/v2\/types\/post"}],"author":[{"embeddable":true,"href":"https:\/\/api-lux.be\/index.php\/wp-json\/wp\/v2\/users\/6"}],"replies":[{"embeddable":true,"href":"https:\/\/api-lux.be\/index.php\/wp-json\/wp\/v2\/comments?post=736"}],"version-history":[{"count":14,"href":"https:\/\/api-lux.be\/index.php\/wp-json\/wp\/v2\/posts\/736\/revisions"}],"predecessor-version":[{"id":7851,"href":"https:\/\/api-lux.be\/index.php\/wp-json\/wp\/v2\/posts\/736\/revisions\/7851"}],"wp:attachment":[{"href":"https:\/\/api-lux.be\/index.php\/wp-json\/wp\/v2\/media?parent=736"}],"wp:term":[{"taxonomy":"category","embeddable":true,"href":"https:\/\/api-lux.be\/index.php\/wp-json\/wp\/v2\/categories?post=736"},{"taxonomy":"post_tag","embeddable":true,"href":"https:\/\/api-lux.be\/index.php\/wp-json\/wp\/v2\/tags?post=736"}],"curies":[{"name":"wp","href":"https:\/\/api.w.org\/{rel}","templated":true}]}}