{"id":7355,"date":"2025-06-24T16:13:46","date_gmt":"2025-06-24T14:13:46","guid":{"rendered":"https:\/\/api-lux.be\/?p=7355"},"modified":"2025-08-07T09:48:56","modified_gmt":"2025-08-07T07:48:56","slug":"stages-commune-darlon","status":"publish","type":"post","link":"https:\/\/api-lux.be\/index.php\/2025\/06\/24\/stages-commune-darlon\/","title":{"rendered":"Stages commune d&rsquo;Arlon \ud83c\udf92"},"content":{"rendered":"\n<div style=\"height:100px\" aria-hidden=\"true\" class=\"wp-block-spacer\"><\/div>\n\n\n\n<p class=\"has-medium-font-size\">\ud83d\udc49 Stages ADSL \u2013 <a href=\"https:\/\/inscriptions.adslstages.be\/stages?search%5Bregion%5D=70\" target=\"_blank\" rel=\"noreferrer noopener\">https:\/\/inscriptions.adslstages.be\/stages?search%5Bregion%5D=70<\/a> <br>Le jeune doit pouvoir \u00eatre pris en charge dans une collectivit\u00e9.<\/p>\n\n\n\n<p class=\"has-medium-font-size\">\ud83d\udc49 Stages Atelier temps libre (ATL) Arlon: <a href=\"https:\/\/www.arlon.be\/pdf\/atl-2025_compressed-1.pdf\" target=\"_blank\" rel=\"noreferrer noopener\">https:\/\/www.arlon.be\/pdf\/atl-2025_compressed-1.pdf<\/a><br><\/p>\n\n\n\n<figure class=\"wp-block-table\"><table class=\"has-fixed-layout\"><tbody><tr><td><a href=\"https:\/\/www.arlon.be\/loisirs\/activites\/atl-accueil-du-temps-libre\" target=\"_blank\" rel=\"noreferrer noopener\"><br>ATL (Accueil du Temps Libre) \u2014 Ville d&rsquo;Arlon<\/a> L&rsquo;Accueil Temps Libre (ATL) est d\u00e9di\u00e9 \u00e0 l&rsquo;organisation et \u00e0 la coordination de l&rsquo;accueil des enfants en dehors du temps scolaire : avant et apr\u00e8s l&rsquo;\u00e9cole, les mercredis apr\u00e8s-midi, pendant les cong\u00e9s scolaires et les jours de d\u00e9tente p\u00e9dagogique.<\/td><\/tr><\/tbody><\/table><\/figure>\n\n\n\n<p class=\"has-medium-font-size\">\ud83d\udc49 Service Insertion Sociale du CPAS Arlon: vous trouverez le flyer explicatif des ateliers que nous proposons : <a href=\"https:\/\/www.arlon.be\/ma-commune\/social\/cpas\/laction-sociale\/documents-telechargeables\/brochure-atelier-service-insertion-sociale24.pdf\" target=\"_blank\" rel=\"noreferrer noopener\">https:\/\/www.arlon.be\/ma-commune\/social\/cpas\/laction-sociale\/documents-telechargeables\/brochure-atelier-service-insertion-sociale24.pdf<\/a><br>Inscription possible \u00e0 partir de 18 ans. <\/p>\n\n\n\n<p><\/p>\n\n\n\n<div style=\"height:100px\" aria-hidden=\"true\" class=\"wp-block-spacer\"><\/div>\n","protected":false},"excerpt":{"rendered":"<p>\ud83d\udc49 Stages ADSL \u2013 https:\/\/inscriptions.adslstages.be\/stages?search%5Bregion%5D=70 Le jeune doit pouvoir \u00eatre pris en charge dans une collectivit\u00e9. \ud83d\udc49 Stages Atelier temps libre (ATL) Arlon: https:\/\/www.arlon.be\/pdf\/atl-2025_compressed-1.pdf ATL (Accueil du Temps Libre) \u2014 [&hellip;]<\/p>\n","protected":false},"author":7,"featured_media":0,"comment_status":"closed","ping_status":"closed","sticky":false,"template":"","format":"standard","meta":{"iawp_total_views":53,"footnotes":""},"categories":[52,53,31],"tags":[],"class_list":["post-7355","post","type-post","status-publish","format-standard","hentry","category-agenda","category-agenda-stages-loisirs-inclusifs","category-informations-et-communication"],"_links":{"self":[{"href":"https:\/\/api-lux.be\/index.php\/wp-json\/wp\/v2\/posts\/7355","targetHints":{"allow":["GET"]}}],"collection":[{"href":"https:\/\/api-lux.be\/index.php\/wp-json\/wp\/v2\/posts"}],"about":[{"href":"https:\/\/api-lux.be\/index.php\/wp-json\/wp\/v2\/types\/post"}],"author":[{"embeddable":true,"href":"https:\/\/api-lux.be\/index.php\/wp-json\/wp\/v2\/users\/7"}],"replies":[{"embeddable":true,"href":"https:\/\/api-lux.be\/index.php\/wp-json\/wp\/v2\/comments?post=7355"}],"version-history":[{"count":13,"href":"https:\/\/api-lux.be\/index.php\/wp-json\/wp\/v2\/posts\/7355\/revisions"}],"predecessor-version":[{"id":7905,"href":"https:\/\/api-lux.be\/index.php\/wp-json\/wp\/v2\/posts\/7355\/revisions\/7905"}],"wp:attachment":[{"href":"https:\/\/api-lux.be\/index.php\/wp-json\/wp\/v2\/media?parent=7355"}],"wp:term":[{"taxonomy":"category","embeddable":true,"href":"https:\/\/api-lux.be\/index.php\/wp-json\/wp\/v2\/categories?post=7355"},{"taxonomy":"post_tag","embeddable":true,"href":"https:\/\/api-lux.be\/index.php\/wp-json\/wp\/v2\/tags?post=7355"}],"curies":[{"name":"wp","href":"https:\/\/api.w.org\/{rel}","templated":true}]}}