{"id":733,"date":"2025-02-14T11:36:55","date_gmt":"2025-02-14T10:36:55","guid":{"rendered":"http:\/\/localhost\/mdi_w\/?p=733"},"modified":"2025-07-01T15:21:13","modified_gmt":"2025-07-01T13:21:13","slug":"traces-du-parcours","status":"publish","type":"post","link":"https:\/\/api-lux.be\/index.php\/2025\/02\/14\/traces-du-parcours\/","title":{"rendered":"Laisser des traces du parcours du jeune"},"content":{"rendered":"\n<div class=\"wp-block-columns is-layout-flex wp-container-core-columns-is-layout-9d6595d7 wp-block-columns-is-layout-flex\">\n<div class=\"wp-block-column is-layout-flow wp-block-column-is-layout-flow\">\n<figure class=\"wp-block-image size-full\"><img decoding=\"async\" src=\"https:\/\/api-lux.be\/wp-content\/uploads\/2025\/02\/photos.jpg\" alt=\" \" class=\"wp-image-202\"\/><\/figure>\n<\/div>\n\n\n\n<div class=\"wp-block-column is-layout-flow wp-block-column-is-layout-flow\">\n<p>\ud83e\udd1d\ufe0f <strong>Soutenir et mobiliser: trucs et astuces<\/strong> &#8211; Un outil permettant aux jeunes de se souvenir et d&rsquo;identifier les moments importants de son parcours, de sa vie&#8230;<\/p>\n\n\n\n<!--more-->\n\n\n\n<h2 class=\"wp-block-heading\">\u00c2ge cible<\/h2>\n\n\n\n<p><b> &#8211; de 0 \u00e0 23 an(s)<\/b><\/p>\n<\/div>\n<\/div>\n\n\n\n<h2 class=\"wp-block-heading\">Descriptif de l&rsquo;outil<\/h2>\n\n\n\n<p>Les <strong>souvenirs<\/strong> constituent les chapitres de notre histoire personnelle. Qu\u2019ils soient heureux, tristes ou m\u00e9lancoliques, ils participent \u00e0 la <strong>construction de l\u2019identit\u00e9<\/strong> et au parcours de vie de chacun.<br><strong>\u00ab\u00a0Laisser des traces\u00a0\u00bb<\/strong> est un outil visant \u00e0 offrir aux jeunes la possibilit\u00e9 de <strong>conserver<\/strong> et valoriser des moments significatifs \u00e0 travers des supports adapt\u00e9s \u00e0 leur <strong>\u00e2ge<\/strong>, \u00e0 leurs <strong>besoins<\/strong> et \u00e0 leur sensibilit\u00e9.<\/p>\n\n\n\n<h3 class=\"wp-block-heading\">\u270f\ufe0f Exemples d\u2019utilisation<\/h3>\n\n\n\n<ul class=\"wp-block-list\">\n<li>\ud83d\udcf8 <strong><a href=\"https:\/\/api-lux.be\/index.php\/2025\/02\/14\/soutenir-la-perception-concrete-du-changement\/\" target=\"_blank\" rel=\"noreferrer noopener\">Album photo personnalis\u00e9<\/a><\/strong> : Cr\u00e9ation d\u2019un <strong>album<\/strong> d\u00e8s l\u2019entr\u00e9e dans l\u2019institution, incluant <strong>activit\u00e9s<\/strong>, <strong>\u00e9v\u00e9nements marquants<\/strong> et <strong>relations<\/strong>, servant de fil conducteur pour valoriser le parcours et maintenir le lien \u00e9ducatif.<\/li>\n\n\n\n<li>\ud83d\uddbc\ufe0f <strong>Cadres photos dans l\u2019institution<\/strong> : Exposition r\u00e9guli\u00e8re de <strong>photos<\/strong> dans les espaces communs, valorisant les <strong>temps forts<\/strong> v\u00e9cus collectivement.<\/li>\n\n\n\n<li>\ud83d\udd8c\ufe0f <strong>Tableau des anciens<\/strong> : Recueil des <strong>photos<\/strong>, <strong>signatures<\/strong> ou <strong>empreintes<\/strong> des jeunes ayant quitt\u00e9 l\u2019institution, cr\u00e9ant un sentiment de <strong>continuit\u00e9<\/strong> et d\u2019<strong>appartenance<\/strong>.<\/li>\n\n\n\n<li>\u2709\ufe0f <strong>Lettres et dessins<\/strong> : Espace d\u2019expression \u00e9crit et graphique, sous forme de <strong>lettres<\/strong>, <strong>messages<\/strong> ou <strong>dessins<\/strong> r\u00e9alis\u00e9s ou re\u00e7us.<\/li>\n\n\n\n<li>\ud83c\udf81 <strong><a href=\"https:\/\/api-lux.be\/index.php\/2025\/02\/14\/ma-boite-a-histoire\/\" target=\"_blank\" rel=\"noreferrer noopener\">Bo\u00eete \u00e0 souvenirs<\/a><\/strong> : Recueil d\u2019<strong>objets symboliques<\/strong> (tickets, souvenirs de sorties\u2026) choisis par le jeune pour garder trace de moments importants.<\/li>\n<\/ul>\n\n\n\n<h3 class=\"wp-block-heading\">\u26a0\ufe0f Points d\u2019attention<\/h3>\n\n\n\n<ul class=\"wp-block-list\">\n<li>\ud83d\udc40 <strong>Respect de la sensibilit\u00e9<\/strong> : Ne jamais forcer un jeune \u00e0 conserver des souvenirs qu\u2019il souhaite oublier ou qui ravivent des \u00e9motions <strong>douloureuses<\/strong>.<\/li>\n\n\n\n<li>\ud83e\udde0 <strong>Personnalisation<\/strong> : Adapter la d\u00e9marche et les supports selon l\u2019<strong>\u00e2ge<\/strong>, les <strong>pr\u00e9f\u00e9rences<\/strong> et le v\u00e9cu du jeune.<\/li>\n\n\n\n<li>\u23f3 <strong>Suivi dans le temps<\/strong> : Faire \u00e9voluer les supports avec les <strong>\u00e9tapes<\/strong> du parcours et les liens construits au fil du temps.<\/li>\n<\/ul>\n\n\n\n<div class=\"wp-block-columns is-layout-flex wp-container-core-columns-is-layout-9d6595d7 wp-block-columns-is-layout-flex\">\n<div class=\"wp-block-column is-layout-flow wp-block-column-is-layout-flow\">\n<h2 class=\"wp-block-heading\">Objectif(s) d&rsquo;utilisation<\/h2>\n\n\n\n<p>\ud83e\udde0 <strong>Renforcer la m\u00e9moire<\/strong> : Offrir aux jeunes un support pour se souvenir des <strong>moments importants<\/strong> de leur parcours de vie.<\/p>\n\n\n\n<p>\ud83d\udcac <strong>Encourager l\u2019expression \u00e9motionnelle<\/strong> : Proposer des supports vari\u00e9s (photos, lettres, objets) favorisant l\u2019<strong>expression des \u00e9motions<\/strong> et des ressentis.<\/p>\n\n\n\n<p>\ud83e\udd1d <strong>Faciliter les interactions sociales<\/strong> : Cr\u00e9er des occasions d\u2019<strong>\u00e9changes<\/strong> autour des souvenirs, renfor\u00e7ant ainsi les <strong>liens sociaux<\/strong> et le sentiment d\u2019<strong>appartenance<\/strong>.<\/p>\n\n\n\n<p>\ud83d\udd0d <strong>Cr\u00e9er un support visuel<\/strong> : Aider les jeunes \u00e0 se <strong>raconter<\/strong> et \u00e0 visualiser leur histoire de fa\u00e7on concr\u00e8te.<\/p>\n\n\n\n<p>\ud83c\udf0d <strong>Valoriser l\u2019appartenance<\/strong> : Permettre aux jeunes de se sentir <strong>reconnus<\/strong> et valoris\u00e9s au sein du collectif et dans leur parcours personnel.<\/p>\n<\/div>\n\n\n\n<div class=\"wp-block-column is-layout-flow wp-block-column-is-layout-flow\">\n<h2 class=\"wp-block-heading\">Liens utiles<\/h2>\n\n\n\n<p>\ud83d\udcc4 <strong>Article<\/strong> id\u00e9e cr\u00e9ative &#8211; Educatout. (n.d.). <em><a href=\"https:\/\/www.educatout.com\/activites\/poupons-trottineurs\/coin-photos\/fabriquer-un-album-souvenir.htm\" target=\"_blank\" rel=\"noreferrer noopener\">Fabriquer un album souvenir<\/a>.<\/em><\/p>\n\n\n\n<p>\ud83d\udcc4 <strong>Article<\/strong> id\u00e9e cr\u00e9ative &#8211; ADEPAPE 69. (n.d.). <br><em><a href=\"https:\/\/adepape69.fr\/album-de-vie-adepape-69\/\" target=\"_blank\" rel=\"noreferrer noopener\">Album de vie <\/a><\/em><\/p>\n\n\n\n<p><br><br><\/p>\n<\/div>\n<\/div>\n\n\n\n<h3 class=\"wp-block-heading\">Variantes &#8211; Am\u00e9nagements :<\/h3>\n\n\n\n<p>\ud83d\uddbc\ufe0f <strong>Album photo num\u00e9rique<\/strong> : Pour les jeunes disposant d\u2019outils num\u00e9riques, possibilit\u00e9 de cr\u00e9er un <strong>album en ligne<\/strong> personnalis\u00e9 avec commentaires et souvenirs.<\/p>\n\n\n\n<p>\ud83d\udcd3 <strong>Journal de bord cr\u00e9atif<\/strong> : Mise \u00e0 disposition d\u2019un <strong>carnet<\/strong> o\u00f9 le jeune peut \u00e9crire, coller des images ou dessiner ses ressentis et souvenirs.<\/p>\n\n\n\n<p>\ud83c\udfa8 <strong>Atelier \u00ab\u00a0souvenirs\u00a0\u00bb<\/strong> : Organisation d\u2019ateliers cr\u00e9atifs autour de la fabrication d\u2019<strong>objets symboliques<\/strong>, scrapbooking ou collages.<\/p>\n\n\n\n<p>\ud83d\uddbc\ufe0f <strong>Exposition de souvenirs<\/strong> : Mise en place d\u2019un espace ou \u00e9v\u00e9nement o\u00f9 les jeunes peuvent exposer leurs cr\u00e9ations, albums et souvenirs \u00e0 leurs pairs et aux professionnels.<\/p>\n\n\n\n<p>Des outils \u00e0 nous partager ?&nbsp;<a href=\"https:\/\/api-lux.be\/index.php\/contact\/\">Cliquez ici<\/a><\/p>\n","protected":false},"excerpt":{"rendered":"<p>\ud83e\udd1d\ufe0f Soutenir et mobiliser: trucs et astuces &#8211; Un outil permettant aux jeunes de se souvenir et d&rsquo;identifier les moments importants de son parcours, de sa vie&#8230;<\/p>\n","protected":false},"author":6,"featured_media":0,"comment_status":"closed","ping_status":"closed","sticky":false,"template":"","format":"standard","meta":{"iawp_total_views":1,"footnotes":""},"categories":[10,4,14,18,15,46,48,49,47,20,1,21],"tags":[],"class_list":["post-733","post","type-post","status-publish","format-standard","hentry","category-amenagement-environnement","category-besoins","category-besoins-dappartenance","category-besoins-destime","category-famille-et-milieu-de-vie","category-fiches-outils","category-fiches-outils-pour-les-aidants-proches","category-fiches-outils-pour-les-jeunes","category-fiches-outils-pour-les-professionnels","category-individualisation","category-non-classe","category-valorisation-confiance"],"_links":{"self":[{"href":"https:\/\/api-lux.be\/index.php\/wp-json\/wp\/v2\/posts\/733","targetHints":{"allow":["GET"]}}],"collection":[{"href":"https:\/\/api-lux.be\/index.php\/wp-json\/wp\/v2\/posts"}],"about":[{"href":"https:\/\/api-lux.be\/index.php\/wp-json\/wp\/v2\/types\/post"}],"author":[{"embeddable":true,"href":"https:\/\/api-lux.be\/index.php\/wp-json\/wp\/v2\/users\/6"}],"replies":[{"embeddable":true,"href":"https:\/\/api-lux.be\/index.php\/wp-json\/wp\/v2\/comments?post=733"}],"version-history":[{"count":15,"href":"https:\/\/api-lux.be\/index.php\/wp-json\/wp\/v2\/posts\/733\/revisions"}],"predecessor-version":[{"id":7848,"href":"https:\/\/api-lux.be\/index.php\/wp-json\/wp\/v2\/posts\/733\/revisions\/7848"}],"wp:attachment":[{"href":"https:\/\/api-lux.be\/index.php\/wp-json\/wp\/v2\/media?parent=733"}],"wp:term":[{"taxonomy":"category","embeddable":true,"href":"https:\/\/api-lux.be\/index.php\/wp-json\/wp\/v2\/categories?post=733"},{"taxonomy":"post_tag","embeddable":true,"href":"https:\/\/api-lux.be\/index.php\/wp-json\/wp\/v2\/tags?post=733"}],"curies":[{"name":"wp","href":"https:\/\/api.w.org\/{rel}","templated":true}]}}