{"id":731,"date":"2025-03-13T11:36:55","date_gmt":"2025-03-13T10:36:55","guid":{"rendered":"http:\/\/localhost\/mdi_w\/?p=731"},"modified":"2025-04-25T09:51:45","modified_gmt":"2025-04-25T07:51:45","slug":"cultiver-la-convivialite","status":"publish","type":"post","link":"https:\/\/api-lux.be\/index.php\/2025\/03\/13\/cultiver-la-convivialite\/","title":{"rendered":"Cultiver la convivialit\u00e9"},"content":{"rendered":"\n<div class=\"wp-block-columns is-layout-flex wp-container-core-columns-is-layout-9d6595d7 wp-block-columns-is-layout-flex\">\n<div class=\"wp-block-column is-layout-flow wp-block-column-is-layout-flow\">\n<figure class=\"wp-block-image size-full\"><img decoding=\"async\" src=\"https:\/\/api-lux.be\/wp-content\/uploads\/2025\/02\/convivialite.jpg\" alt=\" \" class=\"wp-image-202\"\/><\/figure>\n<\/div>\n\n\n\n<div class=\"wp-block-column is-layout-flow wp-block-column-is-layout-flow\">\n<p>\ud83c\udf08 <strong>Personnalisation et individualisation dans le collectif<\/strong> &#8211; Cr\u00e9er des moments collectifs pour renforcer le sentiment d&rsquo;appartenance et valoriser les relations autour du jeune.<\/p>\n\n\n\n<!--more-->\n\n\n\n<h2 class=\"wp-block-heading\">\u00c2ge cible<\/h2>\n\n\n\n<p> De 3 \u00e0 23 ans.<\/p>\n<\/div>\n<\/div>\n\n\n\n<h2 class=\"wp-block-heading\">Descriptif de l&rsquo;outil<\/h2>\n\n\n\n<p>Chaque moments collectifs est une occasion de cultiver la convivialit\u00e9 et de mettre l&rsquo;accent sur le partage du vivre ensemble et la convivialit\u00e9 : \u2728 Favoriser les relations entre jeunes et adultes. \ud83e\udd1d D\u00e9velopper un <strong>sentiment d\u2019appartenance<\/strong>. \ud83d\udee1\ufe0f Installer des rep\u00e8res s\u00e9curisants et rassurants.<\/p>\n\n\n\n<p>Ces moments peuvent prendre diff\u00e9rentes formes selon les contextes et les besoins des jeunes.<br>\ud83d\udca1 <strong>Exemples concrets d\u2019application<\/strong><\/p>\n\n\n\n<p>\ud83c\udfa8 <strong>Journ\u00e9es \u00e0 th\u00e8me<\/strong> : Nature, sport, culture du monde, art\u2026<br>\ud83c\udf92 <strong>Sorties et excursions<\/strong> : Mus\u00e9es, spectacles, parcs naturels, activit\u00e9s en ext\u00e9rieur.<br>\ud83c\udf89 <strong>F\u00eates et c\u00e9l\u00e9brations<\/strong> : Anniversaires, f\u00eates de fin d\u2019ann\u00e9e, moments marquants.<br>\ud83d\udc75\ud83d\udc66 <strong>Activit\u00e9s interg\u00e9n\u00e9rationnelles<\/strong> : Rencontres et \u00e9changes entre g\u00e9n\u00e9rations.<br>\u2702\ufe0f <strong>Ateliers de cr\u00e9ation<\/strong> : Fabrication de cadeaux ou objets symboliques.<br>\ud83c\udf7d\ufe0f <strong>Repas et moments conviviaux<\/strong> : Pique-niques, go\u00fbters, petits-d\u00e9jeuners collectifs.<br>\ud83c\udfb2 <strong>Olympiades et jeux coop\u00e9ratifs<\/strong> : D\u00e9fis et activit\u00e9s en \u00e9quipe<\/p>\n\n\n\n<h3 class=\"wp-block-heading\">\u26a0\ufe0f <strong>Points d\u2019attention<\/strong><\/h3>\n\n\n\n<p>\u2705 Adapter le contenu aux <strong>\u00e2ges et besoins<\/strong> des jeunes.<br>\u2705 Favoriser une <strong>participation active et volontaire<\/strong>.<br>\u2705 Encourager l\u2019<strong>expression des \u00e9motions<\/strong> avant, pendant et apr\u00e8s.<br>\u2705 Veiller \u00e0 la <strong>coh\u00e9rence \u00e9ducative<\/strong> des activit\u00e9s.<br>\u2705 Respecter la <strong>diversit\u00e9 et les rythmes<\/strong> de chacun<\/p>\n\n\n\n<div class=\"wp-block-columns is-layout-flex wp-container-core-columns-is-layout-9d6595d7 wp-block-columns-is-layout-flex\">\n<div class=\"wp-block-column is-layout-flow wp-block-column-is-layout-flow\">\n<h2 class=\"wp-block-heading\">Objectif(s) d&rsquo;utilisation<\/h2>\n\n\n\n<p>\ud83e\udd1d Renforcer la <strong>coh\u00e9sion sociale<\/strong> et l\u2019entraide.<br>\ud83d\udee1\ufe0f D\u00e9velopper un <strong>sentiment de s\u00e9curit\u00e9 et d\u2019appartenance<\/strong>.<br>\ud83d\udcac Stimuler les <strong>interactions et la communication<\/strong>.<br>\u2764\ufe0f Favoriser l\u2019<strong>expression \u00e9motionnelle<\/strong> et le partage.<br>\ud83d\udccc Installer des <strong>rep\u00e8res s\u00e9curisants et des souvenirs positifs<\/strong>.<br>\ud83c\udfc6 Valoriser les <strong>comp\u00e9tences sociales<\/strong> et les contributions individuelles.<\/p>\n<\/div>\n<\/div>\n\n\n\n<h2 class=\"wp-block-heading\">Variantes &#8211; am\u00e9nagement<\/h2>\n\n\n\n<p>\ud83d\udc75\ud83d\udc67 <strong>Ateliers interg\u00e9n\u00e9rationnels<\/strong> : Organiser des activit\u00e9s avec des personnes \u00e2g\u00e9es ou d&rsquo;autres communaut\u00e9s pour favoriser le partage d\u2019exp\u00e9riences et la transmission des savoirs.<\/p>\n\n\n\n<p>\ud83d\udde3\ufe0f <strong>Temps d\u2019expression libre<\/strong> : Pr\u00e9voir des espaces o\u00f9 les jeunes peuvent s\u2019exprimer sur leur ressenti et partager leurs id\u00e9es.<\/p>\n\n\n\n<p>\ud83c\udf96\ufe0f <strong>C\u00e9r\u00e9monies de valorisation<\/strong> : Organiser des remises de dipl\u00f4mes symboliques, de certificats de participation ou d\u2019autres r\u00e9compenses pour renforcer l\u2019estime de soi.<\/p>\n\n\n\n<p>\ud83d\udccb <strong>Ateliers participatifs<\/strong> : Permettre aux jeunes d\u2019\u00eatre acteurs de l&rsquo;organisation des \u00e9v\u00e9nements en les impliquant dans la planification et la mise en place.<\/p>\n\n\n\n<p>\ud83c\udfb6 <strong>Moments de rituels collectifs<\/strong> : Instaurer des habitudes communes, comme une chanson d\u2019ouverture ou une activit\u00e9 r\u00e9guli\u00e8re, pour renforcer les liens.<\/p>\n\n\n\n<p>\ud83c\udfa4 <strong>T\u00e9moignages inspirants<\/strong> : Inviter des personnes ayant v\u00e9cu des parcours similaires ou ayant une exp\u00e9rience enrichissante \u00e0 partager.<\/p>\n\n\n\n<p>\ud83c\udf89 <strong>Journ\u00e9es d\u2019int\u00e9gration<\/strong> : Lors d\u2019un changement de structure ou d\u2019environnement, organiser une journ\u00e9e sp\u00e9cifique pour faciliter l\u2019adaptation.<\/p>\n\n\n\n<p>\ud83d\udd8c\ufe0f <strong>D\u00e9fis et projets collaboratifs<\/strong> : Impliquer les jeunes dans des projets \u00e0 long terme o\u00f9 chacun apporte sa contribution (ex : cr\u00e9ation d&rsquo;une fresque, d&rsquo;un potager collectif).<\/p>\n\n\n\n<p>\ud83c\udfd5\ufe0f <strong>Sorties immersives<\/strong> : Organiser des mini-camps, week-ends ou sorties immersives pour renforcer l\u2019autonomie et la coh\u00e9sion.<\/p>\n\n\n\n<p>\ud83c\udfad <strong>Spectacles ou mises en sc\u00e8ne<\/strong> : Proposer des spectacles participatifs sur des th\u00e8mes qui parlent aux jeunes (ex : sensibilisation au respect, \u00e0 la tol\u00e9rance).<\/p>\n\n\n\n<p>Des outils \u00e0 nous partager ?&nbsp;<a href=\"https:\/\/api-lux.be\/index.php\/contact\/\">Cliquez ici<\/a><\/p>\n","protected":false},"excerpt":{"rendered":"<p>\ud83c\udf08 Personnalisation et individualisation dans le collectif &#8211; Cr\u00e9er des moments collectifs pour renforcer le sentiment d&rsquo;appartenance et valoriser les relations autour du jeune.<\/p>\n","protected":false},"author":2,"featured_media":0,"comment_status":"closed","ping_status":"closed","sticky":false,"template":"","format":"standard","meta":{"iawp_total_views":3,"footnotes":""},"categories":[4,14,5,8,15,46,48,47],"tags":[],"class_list":["post-731","post","type-post","status-publish","format-standard","hentry","category-besoins","category-besoins-dappartenance","category-besoins-physiologiques","category-bien-etre","category-famille-et-milieu-de-vie","category-fiches-outils","category-fiches-outils-pour-les-aidants-proches","category-fiches-outils-pour-les-professionnels"],"_links":{"self":[{"href":"https:\/\/api-lux.be\/index.php\/wp-json\/wp\/v2\/posts\/731","targetHints":{"allow":["GET"]}}],"collection":[{"href":"https:\/\/api-lux.be\/index.php\/wp-json\/wp\/v2\/posts"}],"about":[{"href":"https:\/\/api-lux.be\/index.php\/wp-json\/wp\/v2\/types\/post"}],"author":[{"embeddable":true,"href":"https:\/\/api-lux.be\/index.php\/wp-json\/wp\/v2\/users\/2"}],"replies":[{"embeddable":true,"href":"https:\/\/api-lux.be\/index.php\/wp-json\/wp\/v2\/comments?post=731"}],"version-history":[{"count":6,"href":"https:\/\/api-lux.be\/index.php\/wp-json\/wp\/v2\/posts\/731\/revisions"}],"predecessor-version":[{"id":5955,"href":"https:\/\/api-lux.be\/index.php\/wp-json\/wp\/v2\/posts\/731\/revisions\/5955"}],"wp:attachment":[{"href":"https:\/\/api-lux.be\/index.php\/wp-json\/wp\/v2\/media?parent=731"}],"wp:term":[{"taxonomy":"category","embeddable":true,"href":"https:\/\/api-lux.be\/index.php\/wp-json\/wp\/v2\/categories?post=731"},{"taxonomy":"post_tag","embeddable":true,"href":"https:\/\/api-lux.be\/index.php\/wp-json\/wp\/v2\/tags?post=731"}],"curies":[{"name":"wp","href":"https:\/\/api.w.org\/{rel}","templated":true}]}}