{"id":725,"date":"2025-03-13T11:36:55","date_gmt":"2025-03-13T10:36:55","guid":{"rendered":"http:\/\/localhost\/mdi_w\/?p=725"},"modified":"2025-04-24T12:47:31","modified_gmt":"2025-04-24T10:47:31","slug":"co-reference","status":"publish","type":"post","link":"https:\/\/api-lux.be\/index.php\/2025\/03\/13\/co-reference\/","title":{"rendered":"Co-r\u00e9f\u00e9rence"},"content":{"rendered":"\n<div class=\"wp-block-columns is-layout-flex wp-container-core-columns-is-layout-9d6595d7 wp-block-columns-is-layout-flex\">\n<div class=\"wp-block-column is-layout-flow wp-block-column-is-layout-flow\">\n<figure class=\"wp-block-image size-full\"><img loading=\"lazy\" decoding=\"async\" width=\"1000\" height=\"667\" src=\"https:\/\/api-lux.be\/wp-content\/uploads\/2025\/02\/constituer-une-equipe-projet-1.png\" alt=\"\" class=\"wp-image-2318\" srcset=\"https:\/\/api-lux.be\/wp-content\/uploads\/2025\/02\/constituer-une-equipe-projet-1.png 1000w, https:\/\/api-lux.be\/wp-content\/uploads\/2025\/02\/constituer-une-equipe-projet-1-300x200.png 300w, https:\/\/api-lux.be\/wp-content\/uploads\/2025\/02\/constituer-une-equipe-projet-1-768x512.png 768w\" sizes=\"auto, (max-width: 1000px) 100vw, 1000px\" \/><\/figure>\n<\/div>\n\n\n\n<div class=\"wp-block-column is-layout-flow wp-block-column-is-layout-flow\">\n<p>\ud83c\udfdb\ufe0f <strong>Accueil et structuration institutionnelle<\/strong> &#8211; Approche collaborative qui associe plusieurs professionnels autour d\u2019un jeune pour multiplier les perspectives et favoriser accompagnement global, coh\u00e9rent et personnalis\u00e9.<\/p>\n\n\n\n<!--more-->\n\n\n\n<h2 class=\"wp-block-heading\">\u00c2ge cible<\/h2>\n\n\n\n<p> De 3 \u00e0 20 ans.<\/p>\n<\/div>\n<\/div>\n\n\n\n<h2 class=\"wp-block-heading\">Descriptif de l&rsquo;outil<\/h2>\n\n\n\n<p>L\u2019approche de <strong>co-r\u00e9f\u00e9rence<\/strong> consiste \u00e0 d\u00e9signer plusieurs acteurs \u00e9ducatifs (\ud83d\udc69\u200d\u2695\ufe0f assistants sociaux, \ud83d\udc69\u200d\u2695\ufe0f psychologues, \ud83d\udc68\u200d\ud83c\udfeb \u00e9ducateurs, etc.) pour encadrer un jeune, chacun apportant une expertise sp\u00e9cifique et compl\u00e9mentaire.<\/p>\n\n\n\n<p>La co-r\u00e9f\u00e9rence repose sur l\u2019id\u00e9e qu\u2019un <strong>suivi multidimensionnel<\/strong> permet d\u2019offrir une approche plus nuanc\u00e9e et \u00e9quilibr\u00e9e des besoins du jeune.<\/p>\n\n\n\n<p>\ud83d\udc49 Elle d\u00e9signe <strong>trois r\u00e9f\u00e9rents issus de domaines diff\u00e9rents<\/strong> (par exemple : un \u00e9ducateur, un assistant social et un psychologue) qui travaillent ensemble pour proposer un soutien plus coh\u00e9rent et complet.<\/p>\n\n\n\n<p>\ud83c\udfaf Chaque professionnel \u00e9value et intervient sur des aspects particuliers de la situation du jeune, permettant ainsi une meilleure prise en compte de son d\u00e9veloppement dans toutes ses dimensions : <strong>sociale<\/strong>, <strong>\u00e9motionnelle<\/strong> et <strong>\u00e9ducative<\/strong>.<\/p>\n\n\n\n<h3 class=\"wp-block-heading\">\ud83d\udccc Exemple pratique<\/h3>\n\n\n\n<p>Lors d\u2019une <strong>r\u00e9union de suivi<\/strong> pour \u00e9laborer un projet d\u2019accompagnement :<\/p>\n\n\n\n<p>\ud83e\uddd1\u200d\ud83c\udf93 Le jeune est invit\u00e9 \u00e0 participer activement.<br>\ud83d\udc65 Les trois r\u00e9f\u00e9rents (\u00e9ducateur, psychologue, assistant social) pr\u00e9sentent chacun leurs observations concernant la situation du jeune.<br>\ud83d\udcac Ensemble, ils discutent des meilleures strat\u00e9gies d\u2019intervention \u00e0 mettre en place, en prenant en compte les diff\u00e9rents aspects du bien-\u00eatre du jeune.<br>\ud83e\udd1d Pendant cette r\u00e9union, le jeune est impliqu\u00e9 dans la r\u00e9flexion et la construction de son propre projet d\u2019accompagnement, en exprimant ses besoins, ses attentes et ses id\u00e9es sur la mani\u00e8re dont il souhaite \u00eatre soutenu.<\/p>\n\n\n\n<p>\u2728 Cela favorise son engagement dans le processus et lui permet de prendre part activement \u00e0 son parcours de d\u00e9veloppement.<\/p>\n\n\n\n<h3 class=\"wp-block-heading\">\u26a0\ufe0f Points d\u2019attention pour bien utiliser l&rsquo;outil<\/h3>\n\n\n\n<p>\u2714\ufe0f Chaque acteur doit respecter les <strong>limites de son r\u00f4le<\/strong> tout en travaillant de mani\u00e8re compl\u00e9mentaire, sans empi\u00e9ter sur le domaine d\u2019intervention des autres.<\/p>\n\n\n\n<p>\u2714\ufe0f La <strong>coordination entre les acteurs est primordiale<\/strong>. Des r\u00e9unions r\u00e9guli\u00e8res doivent \u00eatre organis\u00e9es pour \u00e9viter les interventions redondantes ou contradictoires.<\/p>\n\n\n\n<p>\u2714\ufe0f Les <strong>informations doivent \u00eatre partag\u00e9es de mani\u00e8re s\u00e9curis\u00e9e<\/strong> et respectueuse de la confidentialit\u00e9 des jeunes, tout en garantissant que chaque r\u00e9f\u00e9rent puisse apporter ses observations et recommandations.<\/p>\n\n\n\n<div class=\"wp-block-columns is-layout-flex wp-container-core-columns-is-layout-9d6595d7 wp-block-columns-is-layout-flex\">\n<div class=\"wp-block-column is-layout-flow wp-block-column-is-layout-flow\">\n<h2 class=\"wp-block-heading\">Objectif(s) d&rsquo;utilisation<\/h2>\n\n\n\n<p>\ud83c\udf0d <strong>Approche globale<\/strong> : Fournir une \u00e9valuation compl\u00e8te des besoins du jeune (psychologique, \u00e9ducatif, social) pour un suivi personnalis\u00e9 et coh\u00e9rent.<\/p>\n\n\n\n<p>\ud83e\udd1d <strong>Coh\u00e9rence et compl\u00e9mentarit\u00e9 des interventions<\/strong> : Permettre aux diff\u00e9rents acteurs d\u2019apporter leur expertise sp\u00e9cifique pour \u00e9viter des approches contradictoires.<\/p>\n\n\n\n<p>\ud83d\udccb <strong>Suivi global et coordonn\u00e9<\/strong> : Assurer une prise en charge continue et coh\u00e9rente des \u00e9volutions du jeune dans diff\u00e9rents environnements.<\/p>\n\n\n\n<p>\ud83d\udee1\ufe0f <strong>Renforcement du soutien<\/strong> : Offrir un cadre de soutien renforc\u00e9 gr\u00e2ce \u00e0 une collaboration active entre les professionnels.<\/p>\n<\/div>\n\n\n\n<div class=\"wp-block-column is-layout-flow wp-block-column-is-layout-flow\">\n<h2 class=\"wp-block-heading\">Variantes &#8211; am\u00e9nagement.<\/h2>\n\n\n\n<p>\ud83d\udcc5 <strong>R\u00e9unions interprofessionnelles r\u00e9guli\u00e8res<\/strong> : Permettre aux trois acteurs de se r\u00e9unir r\u00e9guli\u00e8rement pour \u00e9changer sur les progr\u00e8s du jeune.<\/p>\n\n\n\n<p>\ud83d\udcd1 <strong>Suivi partag\u00e9 via un dossier commun<\/strong> : Centraliser les informations et observations dans un m\u00eame document accessible aux trois r\u00e9f\u00e9rents.<\/p>\n\n\n\n<p>\ud83d\udde3\ufe0f <strong>Mise en place de m\u00e9diations collectives<\/strong> : Associer le jeune \u00e0 des r\u00e9unions avec ses trois r\u00e9f\u00e9rents pour l\u2019impliquer dans son propre processus de soutien.<\/p>\n\n\n\n<p>\ud83d\udc65 <strong>Ateliers de co-intervention<\/strong> : Organiser des interventions communes sur des projets ou activit\u00e9s sp\u00e9cifiques, o\u00f9 les trois r\u00e9f\u00e9rents apportent ensemble leur soutien.<\/p>\n\n\n\n<ol class=\"wp-block-list\"><\/ol>\n<\/div>\n<\/div>\n\n\n\n<p>Des outils \u00e0 nous partager ?&nbsp;<a href=\"https:\/\/api-lux.be\/index.php\/contact\/\">Cliquez ici<\/a><\/p>\n","protected":false},"excerpt":{"rendered":"<p>\ud83c\udfdb\ufe0f Accueil et structuration institutionnelle &#8211; Approche collaborative qui associe plusieurs professionnels autour d\u2019un jeune pour multiplier les perspectives et favoriser accompagnement global, coh\u00e9rent et personnalis\u00e9.<\/p>\n","protected":false},"author":2,"featured_media":0,"comment_status":"closed","ping_status":"closed","sticky":false,"template":"","format":"standard","meta":{"iawp_total_views":17,"footnotes":""},"categories":[4,18,9,12,13,46,47,20],"tags":[],"class_list":["post-725","post","type-post","status-publish","format-standard","hentry","category-besoins","category-besoins-destime","category-besoins-de-securite","category-cadre-et-limites","category-coherence","category-fiches-outils","category-fiches-outils-pour-les-professionnels","category-individualisation"],"_links":{"self":[{"href":"https:\/\/api-lux.be\/index.php\/wp-json\/wp\/v2\/posts\/725","targetHints":{"allow":["GET"]}}],"collection":[{"href":"https:\/\/api-lux.be\/index.php\/wp-json\/wp\/v2\/posts"}],"about":[{"href":"https:\/\/api-lux.be\/index.php\/wp-json\/wp\/v2\/types\/post"}],"author":[{"embeddable":true,"href":"https:\/\/api-lux.be\/index.php\/wp-json\/wp\/v2\/users\/2"}],"replies":[{"embeddable":true,"href":"https:\/\/api-lux.be\/index.php\/wp-json\/wp\/v2\/comments?post=725"}],"version-history":[{"count":9,"href":"https:\/\/api-lux.be\/index.php\/wp-json\/wp\/v2\/posts\/725\/revisions"}],"predecessor-version":[{"id":5905,"href":"https:\/\/api-lux.be\/index.php\/wp-json\/wp\/v2\/posts\/725\/revisions\/5905"}],"wp:attachment":[{"href":"https:\/\/api-lux.be\/index.php\/wp-json\/wp\/v2\/media?parent=725"}],"wp:term":[{"taxonomy":"category","embeddable":true,"href":"https:\/\/api-lux.be\/index.php\/wp-json\/wp\/v2\/categories?post=725"},{"taxonomy":"post_tag","embeddable":true,"href":"https:\/\/api-lux.be\/index.php\/wp-json\/wp\/v2\/tags?post=725"}],"curies":[{"name":"wp","href":"https:\/\/api.w.org\/{rel}","templated":true}]}}