{"id":724,"date":"2025-03-13T11:36:55","date_gmt":"2025-03-13T10:36:55","guid":{"rendered":"http:\/\/localhost\/mdi_w\/?p=724"},"modified":"2025-04-24T12:42:51","modified_gmt":"2025-04-24T10:42:51","slug":"lien-de-confiance","status":"publish","type":"post","link":"https:\/\/api-lux.be\/index.php\/2025\/03\/13\/lien-de-confiance\/","title":{"rendered":"Lien de confiance"},"content":{"rendered":"\n<div class=\"wp-block-columns is-layout-flex wp-container-core-columns-is-layout-9d6595d7 wp-block-columns-is-layout-flex\">\n<div class=\"wp-block-column is-layout-flow wp-block-column-is-layout-flow\"><div class=\"wp-block-image\">\n<figure class=\"aligncenter size-full is-resized\"><img decoding=\"async\" src=\"https:\/\/api-lux.be\/wp-content\/uploads\/2025\/02\/lien_de_confiance.jpg\" alt=\" \" class=\"wp-image-202\" style=\"width:193px;height:auto\"\/><\/figure>\n<\/div><\/div>\n\n\n\n<div class=\"wp-block-column is-layout-flow wp-block-column-is-layout-flow\">\n<p>\ud83e\udd1d\ufe0f <strong>Soutenir et mobiliser: trucs et astuces:<\/strong> Le lien de confiance : Un fondement pour l&rsquo;accompagnement \u00e9ducatif.<br><\/p>\n\n\n\n<!--more-->\n\n\n\n<h2 class=\"wp-block-heading\">\u00c2ge cible<\/h2>\n\n\n\n<p> De 3 \u00e0 20 ans.<\/p>\n<\/div>\n<\/div>\n\n\n\n<h2 class=\"wp-block-heading\">Descriptif de l&rsquo;outil<\/h2>\n\n\n\n<p>Ce lien se b\u00e2tit progressivement au fil des \u00e9changes entre les intervenants (enseignants, \u00e9ducateurs, animateurs) et les jeunes, ainsi qu\u2019avec leurs familles.<\/p>\n\n\n\n<p>L\u2019outil se base sur :<br>\u2728 la transparence<br>\ud83e\udd1d la bienveillance<br>\ud83d\udee1\ufe0f la s\u00e9curit\u00e9<\/p>\n\n\n\n<p>Il permet d&rsquo;instaurer un climat de confiance mutuelle, indispensable pour :<br>\ud83d\udde3\ufe0f favoriser une communication ouverte<br>\ud83d\ude4c une implication active<br>\ud83e\udde9 une meilleure gestion des comportements.<\/p>\n\n\n\n<p><strong>Concr\u00e8tement, le lien peut se cr\u00e9er par plusieurs biais :<\/strong><\/p>\n\n\n\n<p>\ud83c\udf81 <strong>Cr\u00e9ation de cadeaux<\/strong> \u00e0 offrir lors des f\u00eates : pour les instituteurs, \u00e9ducateurs scolaires, \u00e9ducateurs dans le lieu d&rsquo;h\u00e9bergement, animateur d&rsquo;un stage, coach sportif, etc. Ces cadeaux servent \u00e0 montrer l\u2019importance de toutes les personnes autour de l\u2019enfant et le fait que tout ne lui est pas d\u00fb.<\/p>\n\n\n\n<p>\ud83c\udf89 <strong>Organisation de moments festifs<\/strong> ensemble : inviter les adultes qui c\u00f4toient r\u00e9guli\u00e8rement les jeunes, \u00e0 participer \u00e0 un apr\u00e8s-midi pour les f\u00eates de fin d&rsquo;ann\u00e9e, \u00e0 un barbecue \u00e0 la fin de l&rsquo;ann\u00e9e scolaire, etc. Cela cr\u00e9e des moments conviviaux et informels.<\/p>\n\n\n\n<p>\ud83c\udfd5\ufe0f <strong>Organisation de sorties de fin d&rsquo;ann\u00e9e<\/strong> entre les \u00e9ducateurs et les jeunes : une activit\u00e9 extraordinaire choisie par la majorit\u00e9 et partag\u00e9e avec tous les jeunes et tous les \u00e9ducateurs d&rsquo;un m\u00eame groupe.<\/p>\n\n\n\n<p>\ud83d\udc65 <strong>Partager des moments privil\u00e9gi\u00e9s<\/strong> : moments durant lesquels un jeune a toute l&rsquo;attention d&rsquo;un adulte sur lui, pour que l&rsquo;exclusivit\u00e9 de la relation lui soit d\u00e9di\u00e9e.<\/p>\n\n\n\n<p>\u26fa <strong>Organisation de s\u00e9jour de vacance <\/strong>: certaines institutions organisent des camps en interne, par exemple des camps \u00e0 la mer, des camps \u00e0 l&rsquo;\u00e9tranger, etc. Ces camps sont partag\u00e9s entre jeunes et certains \u00e9ducateurs du groupe.<\/p>\n\n\n\n<p>\ud83d\udc4b<strong> Autoriser une certaine familiarit\u00e9<\/strong> : les jeunes peuvent appeler les \u00e9ducateurs par leur pr\u00e9nom ou leur surnom, tout le monde peut se tutoyer, pouvoir parler et partager quelques moments de vie priv\u00e9e, partager des moments en famille avec les jeunes (prendre un jeune chez soi \u00e0 No\u00ebl, par exemple).<\/p>\n\n\n\n<p>\ud83c\udf88 <strong>Organiser une f\u00eate de d\u00e9part<\/strong> lorsqu&rsquo;un jeune quitte l&rsquo;institution.<\/p>\n\n\n\n<p>\u26bd\ud83c\udfb6 <strong>Partager des activit\u00e9s du quotidien <\/strong>avec les jeunes : activit\u00e9s sportives, danse, musique, etc.<\/p>\n\n\n\n<p>\ud83c\udf7d\ufe0f <strong>Confectionner et partager des repas ensemble<\/strong>.<\/p>\n\n\n\n<h3 class=\"wp-block-heading\">\ud83d\udccc Points d\u2019attention pour bien utiliser l&rsquo;outil :<\/h3>\n\n\n\n<p>\u2714\ufe0f La constance est essentielle. Les jeunes doivent sentir que le cadre reste stable et pr\u00e9visible.<\/p>\n\n\n\n<p>\u2714\ufe0f Prendre garde \u00e0 ne pas rompre la confiance en cas de promesses non tenues. Les engagements doivent toujours \u00eatre respect\u00e9s.<\/p>\n\n\n\n<p>\u2714\ufe0f Le lien de confiance ne doit pas signifier une absence de limites. L\u2019autorit\u00e9 est \u00e9galement importante pour cr\u00e9er un cadre rassurant et structur\u00e9.<\/p>\n\n\n\n<p>\u2714\ufe0f Il est crucial de maintenir une \u00e9coute active et d\u2019\u00eatre r\u00e9ceptif aux signaux \u00e9motionnels des jeunes pour pr\u00e9venir des ruptures dans la relation.<\/p>\n\n\n\n<div class=\"wp-block-columns is-layout-flex wp-container-core-columns-is-layout-9d6595d7 wp-block-columns-is-layout-flex\">\n<div class=\"wp-block-column is-layout-flow wp-block-column-is-layout-flow\">\n<h2 class=\"wp-block-heading\">Objectif(s) d&rsquo;utilisation<\/h2>\n\n\n\n<p>Le lien de confiance est un vecteur favorisant: <\/p>\n\n\n\n<p>\ud83d\udee1\ufe0f <strong>S\u00e9curit\u00e9 \u00e9motionnelle :<\/strong> cr\u00e9er un environnement o\u00f9 le jeune se sent suffisamment en s\u00e9curit\u00e9 pour s\u2019exprimer sans crainte de jugement.<\/p>\n\n\n\n<p>\ud83e\udd1d <strong>Collaboration et coop\u00e9ration<\/strong> : renforcer la relation entre le jeune et les adultes pour favoriser un accompagnement plus fluide et une meilleure gestion des situations conflictuelles.<\/p>\n\n\n\n<p>\u2728 <strong>Engagement :<\/strong> encourager le jeune \u00e0 s\u2019impliquer activement dans les activit\u00e9s \u00e9ducatives et sociales gr\u00e2ce \u00e0 un climat de confiance mutuelle.<\/p>\n\n\n\n<p>\ud83d\udeab <strong>R\u00e9duction des comportements d\u2019opposition<\/strong> : gr\u00e2ce au lien de confiance, diminuer la m\u00e9fiance et la r\u00e9sistance de certains jeunes vis-\u00e0-vis des adultes.<\/p>\n\n\n\n<p>\ud83e\uddb8\u200d\u2642\ufe0f <strong>Autonomie<\/strong> : encourager le jeune \u00e0 prendre en main ses propres \u00e9motions et comportements dans un cadre s\u00e9curis\u00e9.<\/p>\n\n\n\n<p>\ud83d\udcdd <strong>Responsabilisation<\/strong> : permettre au jeune d\u2019assumer ses actions et de participer activement \u00e0 son propre d\u00e9veloppement.<\/p>\n\n\n\n<p>\ud83d\udc6b <strong>Sociabilisation<\/strong> : d\u00e9velopper des comp\u00e9tences sociales \u00e0 travers des interactions respectueuses et valorisantes.<\/p>\n\n\n\n<p>\ud83d\udc96 <strong>D\u00e9veloppement \u00e9motionnel<\/strong> : aider le jeune \u00e0 mieux comprendre et exprimer ses \u00e9motions, renfor\u00e7ant ainsi son intelligence \u00e9motionnelle.<\/p>\n\n\n\n<p>\ud83c\udf1f <strong>Valorisation et estime de soi<\/strong> : renforcer l\u2019estime de soi du jeune \u00e0 travers des interactions positives et une reconnaissance de ses efforts.<\/p>\n\n\n\n<p>\ud83d\udd04 <strong>Auto-r\u00e9gulation<\/strong> : aider le jeune \u00e0 d\u00e9velopper sa capacit\u00e9 \u00e0 g\u00e9rer ses \u00e9motions et ses comportements dans diverses situations sociales.<\/p>\n<\/div>\n\n\n\n<div class=\"wp-block-column is-layout-flow wp-block-column-is-layout-flow\">\n<h2 class=\"wp-block-heading\">Variantes &#8211; am\u00e9nagement<\/h2>\n\n\n\n<p>\ud83d\udd04 <strong>Routines quotidiennes<\/strong> : instaurer des moments r\u00e9guliers d\u2019\u00e9change (ex. : un point matinal), o\u00f9 chaque jeune peut exprimer ses ressentis de la journ\u00e9e. Ces moments permettent de d\u00e9marrer la journ\u00e9e sur une note positive et d\u2019installer la confiance.<\/p>\n\n\n\n<p>\ud83d\udcac <strong>Validation \u00e9motionnelle <\/strong>: encourager les jeunes \u00e0 exprimer leurs \u00e9motions et les accueillir sans jugement, pour renforcer le lien. Exemple : apr\u00e8s une situation de stress, demander au jeune comment il s\u2019est senti et l\u2019accompagner dans l\u2019expression de ses \u00e9motions.<\/p>\n\n\n\n<p>\ud83d\udcc5 <strong>Promesse et fiabilit\u00e9<\/strong> : les engagements pris avec les jeunes doivent toujours \u00eatre tenus pour renforcer leur confiance dans les adultes. Par exemple, dire \u00ab\u00a0Je te promets qu\u2019on reviendra sur ce point demain\u00a0\u00bb et veiller \u00e0 respecter cette promesse.<\/p>\n\n\n\n<p>\ud83c\udfa8 <strong>Activit\u00e9s cr\u00e9atives<\/strong> : organiser des ateliers o\u00f9 les jeunes peuvent s\u2019exprimer \u00e0 travers l\u2019art, l\u2019\u00e9criture, ou le th\u00e9\u00e2tre. Ces activit\u00e9s favorisent l\u2019expression de soi dans un cadre bienveillant et renforcent la relation de confiance.<\/p>\n\n\n\n<p>\ud83d\udc42 <strong>Rencontres individuelles r\u00e9guli\u00e8res<\/strong> : pr\u00e9voir des entretiens individuels pour mieux cerner les besoins de chaque jeune et lui offrir un espace d\u2019\u00e9coute personnalis\u00e9. Cela permet de renforcer le sentiment d\u2019\u00eatre pris en compte et respect\u00e9.<\/p>\n<\/div>\n<\/div>\n\n\n\n<p>Des outils \u00e0 nous partager ?&nbsp;<a href=\"https:\/\/api-lux.be\/index.php\/contact\/\">Cliquez ici<\/a><\/p>\n","protected":false},"excerpt":{"rendered":"<p>\ud83e\udd1d\ufe0f Soutenir et mobiliser: trucs et astuces: Le lien de confiance : Un fondement pour l&rsquo;accompagnement \u00e9ducatif.<\/p>\n","protected":false},"author":2,"featured_media":0,"comment_status":"closed","ping_status":"closed","sticky":false,"template":"","format":"standard","meta":{"iawp_total_views":5,"footnotes":""},"categories":[4,14,18,9,15,46,48,47,19,20,11,21],"tags":[],"class_list":["post-724","post","type-post","status-publish","format-standard","hentry","category-besoins","category-besoins-dappartenance","category-besoins-destime","category-besoins-de-securite","category-famille-et-milieu-de-vie","category-fiches-outils","category-fiches-outils-pour-les-aidants-proches","category-fiches-outils-pour-les-professionnels","category-gestion-des-emotions","category-individualisation","category-rituels","category-valorisation-confiance"],"_links":{"self":[{"href":"https:\/\/api-lux.be\/index.php\/wp-json\/wp\/v2\/posts\/724","targetHints":{"allow":["GET"]}}],"collection":[{"href":"https:\/\/api-lux.be\/index.php\/wp-json\/wp\/v2\/posts"}],"about":[{"href":"https:\/\/api-lux.be\/index.php\/wp-json\/wp\/v2\/types\/post"}],"author":[{"embeddable":true,"href":"https:\/\/api-lux.be\/index.php\/wp-json\/wp\/v2\/users\/2"}],"replies":[{"embeddable":true,"href":"https:\/\/api-lux.be\/index.php\/wp-json\/wp\/v2\/comments?post=724"}],"version-history":[{"count":7,"href":"https:\/\/api-lux.be\/index.php\/wp-json\/wp\/v2\/posts\/724\/revisions"}],"predecessor-version":[{"id":5903,"href":"https:\/\/api-lux.be\/index.php\/wp-json\/wp\/v2\/posts\/724\/revisions\/5903"}],"wp:attachment":[{"href":"https:\/\/api-lux.be\/index.php\/wp-json\/wp\/v2\/media?parent=724"}],"wp:term":[{"taxonomy":"category","embeddable":true,"href":"https:\/\/api-lux.be\/index.php\/wp-json\/wp\/v2\/categories?post=724"},{"taxonomy":"post_tag","embeddable":true,"href":"https:\/\/api-lux.be\/index.php\/wp-json\/wp\/v2\/tags?post=724"}],"curies":[{"name":"wp","href":"https:\/\/api.w.org\/{rel}","templated":true}]}}