{"id":723,"date":"2025-03-13T11:36:55","date_gmt":"2025-03-13T10:36:55","guid":{"rendered":"http:\/\/localhost\/mdi_w\/?p=723"},"modified":"2025-04-24T09:57:27","modified_gmt":"2025-04-24T07:57:27","slug":"placer-le-jeune-comme-acteur","status":"publish","type":"post","link":"https:\/\/api-lux.be\/index.php\/2025\/03\/13\/placer-le-jeune-comme-acteur\/","title":{"rendered":"Soutenir et impliquer les jeunes dans leur environnement"},"content":{"rendered":"\n<div class=\"wp-block-columns is-layout-flex wp-container-core-columns-is-layout-9d6595d7 wp-block-columns-is-layout-flex\">\n<div class=\"wp-block-column is-layout-flow wp-block-column-is-layout-flow\">\n<figure class=\"wp-block-image size-full\"><img decoding=\"async\" src=\"https:\/\/api-lux.be\/wp-content\/uploads\/2025\/02\/jeune_acteur.jpg\" alt=\" \" class=\"wp-image-202\"\/><\/figure>\n<\/div>\n\n\n\n<div class=\"wp-block-column is-layout-flow wp-block-column-is-layout-flow\">\n<p>\ud83e\ude84 <strong>Accompagner vers plus d\u2019autonomie et cultiver la singularit\u00e9<\/strong> &#8211; Impliquer les jeunes dans des d\u00e9cisions et des projets: encourager l&rsquo;engagement des jeunes en leur donnant un r\u00f4le actif dans son environnement<\/p>\n\n\n\n<!--more-->\n\n\n\n<h2 class=\"wp-block-heading\">\u00c2ge cible<\/h2>\n\n\n\n<p> De 0 \u00e0 23 ans.<\/p>\n<\/div>\n<\/div>\n\n\n\n<h2 class=\"wp-block-heading\">Descriptif de l&rsquo;outil<\/h2>\n\n\n\n<p><strong>Impliquer les jeunes dans des projets et des d\u00e9cisions qui les concernent est essentiel pour leur permettre de se sentir consid\u00e9r\u00e9s, responsables et acteurs de leur environnement.<\/strong> \ud83c\udf31 Qu\u2019il s\u2019agisse de leur quotidien imm\u00e9diat ou de la vie de leur quartier, village ou commune \ud83c\udfe1\ud83c\udf0d, ces exp\u00e9riences favorisent l\u2019\u00e9panouissement personnel, le d\u00e9veloppement de comp\u00e9tences sociales et citoyennes, et renforcent le sentiment d\u2019appartenance \u00e0 une communaut\u00e9.<\/p>\n\n\n\n<p>Cette fiche propose des pistes concr\u00e8tes pour encourager la participation active des jeunes \u00e0 travers des activit\u00e9s vari\u00e9es et adapt\u00e9es \u00e0 leur \u00e2ge et \u00e0 leurs centres d\u2019int\u00e9r\u00eat<strong>.<\/strong> \u2728 L\u2019objectif : leur offrir des occasions de s\u2019exprimer, de cr\u00e9er et d\u2019agir ensemble pour un environnement plus solidaire, participatif et valorisant. \ud83e\udd1d<\/p>\n\n\n\n<p>\ud83d\udee0\ufe0f Cette implication peut se concr\u00e9tiser \u00e0 travers des activit\u00e9s o\u00f9 il participe \u00e0 :<\/p>\n\n\n\n<ul class=\"wp-block-list\">\n<li>\ud83d\udcc5 La planification de la journ\u00e9e<\/li>\n\n\n\n<li>\ud83d\udcdd La d\u00e9finition des t\u00e2ches<\/li>\n\n\n\n<li>\ud83c\udfa8 La r\u00e9alisation de projets collectifs<\/li>\n<\/ul>\n\n\n\n<p>\ud83d\udcaa Cela contribue \u00e0 :<\/p>\n\n\n\n<ul class=\"wp-block-list\">\n<li>\ud83d\udd11 Renforcer le <strong>sentiment de responsabilit\u00e9<\/strong><\/li>\n\n\n\n<li>\ud83c\udf31 Favoriser le <strong>d\u00e9veloppement de comp\u00e9tences<\/strong><\/li>\n\n\n\n<li>\ud83c\udf1f Renforcer la <strong>confiance en soi<\/strong><\/li>\n\n\n\n<li>\ud83d\udc6b Valoriser le <strong>sentiment d\u2019appartenance et de consid\u00e9ration<\/strong><\/li>\n<\/ul>\n\n\n\n<p>\ud83e\udd1d Ces activit\u00e9s encouragent aussi la <strong>coop\u00e9ration<\/strong>, l\u2019<strong>autonomie<\/strong> et la <strong>cr\u00e9ativit\u00e9<\/strong>.<\/p>\n\n\n\n<h3 class=\"wp-block-heading\">\ud83d\udca1 Id\u00e9es d\u2019activit\u00e9s dans le quotidien<\/h3>\n\n\n\n<p>\ud83c\udfe1 <strong>\u00c0 la maison \/ en institution :<\/strong><\/p>\n\n\n\n<ul class=\"wp-block-list\">\n<li>\ud83c\udf3f <strong>Cr\u00e9ation d\u2019un jardin<\/strong> : planifier, planter, entretenir et d\u00e9couvrir la nature ensemble.<\/li>\n\n\n\n<li>\ud83c\udf73 <strong>Atelier de cuisine<\/strong> : choisir une recette, pr\u00e9parer et cuisiner collectivement.<\/li>\n\n\n\n<li>\ud83c\udfa8 <strong>Projet artistique collectif<\/strong> : fresque, collage, installation cr\u00e9ative o\u00f9 chacun apporte sa touche.<\/li>\n\n\n\n<li>\ud83c\udfb2 <strong>Organisation d\u2019un jeu de soci\u00e9t\u00e9<\/strong> : s\u00e9lectionner des jeux, animer et expliquer les r\u00e8gles.<\/li>\n\n\n\n<li>\ud83d\udcd6 <strong>\u00c9criture d\u2019une histoire en groupe<\/strong> : chaque jeune ajoute une phrase ou une id\u00e9e, puis on la lit ensemble<\/li>\n<\/ul>\n\n\n\n<h3 class=\"wp-block-heading\">\ud83c\udf0d Id\u00e9es d\u2019activit\u00e9s dans le quartier, le village ou la commune<\/h3>\n\n\n\n<p>\ud83e\udd1d <strong>Volontariat de voisinage<\/strong> :<\/p>\n\n\n\n<ul class=\"wp-block-list\">\n<li>\ud83c\udfe1 Tondre la pelouse chez un voisin \u00e2g\u00e9<\/li>\n\n\n\n<li>\ud83d\uded2 Apporter les courses ou promener le chien d\u2019une personne isol\u00e9e<\/li>\n<\/ul>\n\n\n\n<p>\ud83c\udf33 <strong>Participation \u00e0 des journ\u00e9es solidaires locales<\/strong> :<\/p>\n\n\n\n<ul class=\"wp-block-list\">\n<li>\ud83e\uddf9 Nettoyage de rivi\u00e8re ou d\u2019espaces publics<\/li>\n\n\n\n<li>\ud83c\udf31 Plantation d\u2019arbres ou r\u00e9habilitation d\u2019un sentier communal<\/li>\n\n\n\n<li>\ud83c\udf72 Organisation d\u2019une soupe ou d\u2019un repas solidaire<\/li>\n<\/ul>\n\n\n\n<p>\ud83c\udfe0 <strong>Adh\u00e9sion \u00e0 une association locale<\/strong> :<\/p>\n\n\n\n<ul class=\"wp-block-list\">\n<li>\ud83c\udfa8 Maison de jeunes, \ud83c\udfad mouvement de jeunesse, \u26bd club sportif ou \ud83c\udfbc association culturelle<\/li>\n<\/ul>\n\n\n\n<p>\ud83c\udf89 <strong>Participation \u00e0 des \u00e9v\u00e9nements publics<\/strong> :<\/p>\n\n\n\n<ul class=\"wp-block-list\">\n<li>\ud83c\udfaa F\u00eate de village, kermesse, brocante, d\u00e9fil\u00e9 carnavalesque<\/li>\n\n\n\n<li>\ud83c\udfae Tenue de stand, animation de jeu, service aux buvettes<\/li>\n<\/ul>\n\n\n\n<p>\ud83c\udf81 <strong>Organisation d\u2019une collecte solidaire<\/strong> :<\/p>\n\n\n\n<ul class=\"wp-block-list\">\n<li>\ud83e\uddf8 Jouets, \ud83d\udc55 v\u00eatements ou \ud83e\udd6b denr\u00e9es alimentaires pour une association locale<\/li>\n<\/ul>\n\n\n\n<p>\ud83d\udcf0 <strong>Cr\u00e9ation d\u2019affiches ou d\u2019un journal mural du quartier<\/strong> :<\/p>\n\n\n\n<ul class=\"wp-block-list\">\n<li>\ud83d\udccc Annoncer les \u00e9v\u00e9nements<\/li>\n\n\n\n<li>\u2728 Mettre en valeur les actions positives et les engagements des jeunes<\/li>\n<\/ul>\n\n\n\n<h3 class=\"wp-block-heading\">\ud83d\udccc Points d\u2019attention<\/h3>\n\n\n\n<p>\u2705 Encourager les jeunes \u00e0 <strong>prendre des initiatives<\/strong> et \u00e0 faire des choix<br>\u2705 Valoriser leurs contributions par des <strong>retours positifs et constructifs<\/strong><br>\u2705 Adapter les activit\u00e9s en fonction de <strong>l&rsquo;\u00e2ge et des centres d\u2019int\u00e9r\u00eat<\/strong><\/p>\n\n\n\n<div class=\"wp-block-columns is-layout-flex wp-container-core-columns-is-layout-9d6595d7 wp-block-columns-is-layout-flex\">\n<div class=\"wp-block-column is-layout-flow wp-block-column-is-layout-flow\">\n<h2 class=\"wp-block-heading\">Objectif(s) d&rsquo;utilisation<\/h2>\n\n\n\n<p>\ud83c\udf88 <strong>Renforcer la confiance<\/strong> : encourager les jeunes \u00e0 croire en eux et en leurs capacit\u00e9s.<br>\ud83d\udee0\ufe0f <strong>Favoriser l\u2019autonomie<\/strong> : permettre la prise de responsabilit\u00e9s dans un cadre s\u00e9curisant.<br>\ud83e\udd1d <strong>D\u00e9velopper les comp\u00e9tences sociales<\/strong> : apprendre \u00e0 coop\u00e9rer, \u00e9couter et travailler ensemble.<br>\ud83c\udf0d <strong>Promouvoir l\u2019engagement communautaire<\/strong> : sensibiliser \u00e0 l\u2019importance de participer \u00e0 la vie collective.<br>\ud83c\udfa8 <strong>Stimuler la cr\u00e9ativit\u00e9<\/strong> : offrir des occasions d\u2019exprimer leurs id\u00e9es et talents.<\/p>\n<\/div>\n\n\n\n<div class=\"wp-block-column is-layout-flow wp-block-column-is-layout-flow\">\n<h2 class=\"wp-block-heading\">Variantes &#8211; am\u00e9nagement<\/h2>\n\n\n\n<p>\ud83c\udf10 <strong>R\u00e9seautage et mentorat<\/strong> : associer les jeunes \u00e0 des r\u00e9f\u00e9rents adultes ou des professionnels pour les guider dans leurs projets. <\/p>\n\n\n\n<p>\ud83c\udfa8 <strong>Valorisation des r\u00e9alisations<\/strong> : exposition, pr\u00e9sentation publique ou dans les m\u00e9dias locaux des projets r\u00e9alis\u00e9s. <\/p>\n\n\n\n<p>\ud83d\udde3\ufe0f <strong>Conseil de jeunes \/ forum d\u2019expression<\/strong> : espace r\u00e9gulier pour formuler des propositions d\u2019am\u00e9lioration du cadre de vie. <\/p>\n\n\n\n<p>\ud83d\udcf1 <strong>Mobilisation num\u00e9rique<\/strong> : cr\u00e9ation de contenus sur les r\u00e9seaux sociaux pour valoriser leurs actions et mobiliser d\u2019autres jeunes. <\/p>\n<\/div>\n<\/div>\n\n\n\n<p>Des outils \u00e0 nous partager ?&nbsp;<a href=\"https:\/\/api-lux.be\/index.php\/contact\/\">Cliquez ici<\/a><\/p>\n","protected":false},"excerpt":{"rendered":"<p>\ud83e\ude84 Accompagner vers plus d\u2019autonomie et cultiver la singularit\u00e9 &#8211; Impliquer les jeunes dans des d\u00e9cisions et des projets: encourager l&rsquo;engagement des jeunes en leur donnant un r\u00f4le actif dans [&hellip;]<\/p>\n","protected":false},"author":2,"featured_media":0,"comment_status":"closed","ping_status":"closed","sticky":false,"template":"","format":"standard","meta":{"iawp_total_views":1,"footnotes":""},"categories":[24,4,22,27,18,46,48,47,20,21],"tags":[],"class_list":["post-723","post","type-post","status-publish","format-standard","hentry","category-adaptation-des-apprentissages","category-besoins","category-besoins-cognitifs","category-besoins-daccomplissement","category-besoins-destime","category-fiches-outils","category-fiches-outils-pour-les-aidants-proches","category-fiches-outils-pour-les-professionnels","category-individualisation","category-valorisation-confiance"],"_links":{"self":[{"href":"https:\/\/api-lux.be\/index.php\/wp-json\/wp\/v2\/posts\/723","targetHints":{"allow":["GET"]}}],"collection":[{"href":"https:\/\/api-lux.be\/index.php\/wp-json\/wp\/v2\/posts"}],"about":[{"href":"https:\/\/api-lux.be\/index.php\/wp-json\/wp\/v2\/types\/post"}],"author":[{"embeddable":true,"href":"https:\/\/api-lux.be\/index.php\/wp-json\/wp\/v2\/users\/2"}],"replies":[{"embeddable":true,"href":"https:\/\/api-lux.be\/index.php\/wp-json\/wp\/v2\/comments?post=723"}],"version-history":[{"count":5,"href":"https:\/\/api-lux.be\/index.php\/wp-json\/wp\/v2\/posts\/723\/revisions"}],"predecessor-version":[{"id":5895,"href":"https:\/\/api-lux.be\/index.php\/wp-json\/wp\/v2\/posts\/723\/revisions\/5895"}],"wp:attachment":[{"href":"https:\/\/api-lux.be\/index.php\/wp-json\/wp\/v2\/media?parent=723"}],"wp:term":[{"taxonomy":"category","embeddable":true,"href":"https:\/\/api-lux.be\/index.php\/wp-json\/wp\/v2\/categories?post=723"},{"taxonomy":"post_tag","embeddable":true,"href":"https:\/\/api-lux.be\/index.php\/wp-json\/wp\/v2\/tags?post=723"}],"curies":[{"name":"wp","href":"https:\/\/api.w.org\/{rel}","templated":true}]}}