{"id":722,"date":"2025-03-13T11:36:55","date_gmt":"2025-03-13T10:36:55","guid":{"rendered":"http:\/\/localhost\/mdi_w\/?p=722"},"modified":"2025-07-01T13:31:50","modified_gmt":"2025-07-01T11:31:50","slug":"echanges-de-pratiques-et-immersion-professionnelle-immersion-0-23","status":"publish","type":"post","link":"https:\/\/api-lux.be\/index.php\/2025\/03\/13\/echanges-de-pratiques-et-immersion-professionnelle-immersion-0-23\/","title":{"rendered":"Echanges de pratiques et immersion professionnelle : \u00ab\u00a0Immersion 0-23\u00a0\u00bb"},"content":{"rendered":"\n<div class=\"wp-block-columns is-layout-flex wp-container-core-columns-is-layout-9d6595d7 wp-block-columns-is-layout-flex\">\n<div class=\"wp-block-column is-layout-flow wp-block-column-is-layout-flow\">\n<figure class=\"wp-block-image size-full is-resized\"><img loading=\"lazy\" decoding=\"async\" width=\"300\" height=\"168\" src=\"https:\/\/api-lux.be\/wp-content\/uploads\/2025\/02\/download.png\" alt=\"\" class=\"wp-image-2292\" style=\"width:404px;height:auto\"\/><\/figure>\n<\/div>\n\n\n\n<div class=\"wp-block-column is-layout-flow wp-block-column-is-layout-flow\">\n<p>\ud83d\udd17 <strong>Accordage et coh\u00e9rence entre professionnels <\/strong>&#8211; Favoriser l&rsquo;\u00e9change et la valorisation de l\u2019expertise entre les professionnels des secteurs de la sant\u00e9 mentale, des soins de sant\u00e9, de l\u2019action sociale, et plus encore. \u00c9change de pratiques et mod\u00e8le inspirant.<\/p>\n\n\n\n<!--more-->\n\n\n\n<h2 class=\"wp-block-heading\">Public cible<\/h2>\n\n\n\n<p>Tout professionnel concern\u00e9 directement ou indirectement par les enfants et adolescents souhaitant&nbsp;<strong>enrichir sa pratique<\/strong>&nbsp;en d\u00e9couvrant une institution en Wallonie.<\/p>\n<\/div>\n<\/div>\n\n\n\n<h2 class=\"wp-block-heading\">Descriptif de l&rsquo;outil<\/h2>\n\n\n\n<p>Le projet <strong>Immersion 0-23<\/strong> est une initiative du programme <em>Consultation et liaison intersectorielle<\/em> (CLI) des <strong>R\u00e9seaux de Sant\u00e9 Mentale des Enfants et Adolescents en Wallonie<\/strong>. Il vise \u00e0 favoriser l&rsquo;\u00e9change et la valorisation de l\u2019expertise entre les professionnels des secteurs suivants :<\/p>\n\n\n\n<ul class=\"wp-block-list\">\n<li>\ud83e\udde0 <strong>Sant\u00e9 mentale<\/strong><\/li>\n\n\n\n<li>\ud83c\udfe5 <strong>Soins de sant\u00e9<\/strong><\/li>\n\n\n\n<li>\ud83e\uddd1\u200d\ud83e\udd1d\u200d\ud83e\uddd1 <strong>Action sociale<\/strong><\/li>\n\n\n\n<li>\ud83d\udc68\u200d\ud83d\udc69\u200d\ud83d\udc67\u200d\ud83d\udc66 <strong>Aide aux personnes<\/strong><\/li>\n\n\n\n<li>\ud83c\udfeb <strong>Travail soci\u00e9tal et \u00e9ducatif<\/strong><\/li>\n<\/ul>\n\n\n\n<p>Le programme propose deux formules :<\/p>\n\n\n\n<ol class=\"wp-block-list\">\n<li><strong>Stage immersion d\u00e9couverte<\/strong> : Une demi-journ\u00e9e ou une journ\u00e9e en avril, mai ou juin pour observer un service en fonction de ses int\u00e9r\u00eats.<\/li>\n\n\n\n<li><strong>Stage immersion longue<\/strong> : Exp\u00e9rience prolong\u00e9e dans une institution travaillant avec les jeunes, permettant un apprentissage plus approfondi.<\/li>\n<\/ol>\n\n\n\n<p>\ud83d\udccc <strong>Objectifs de l\u2019immersion<\/strong> :<\/p>\n\n\n\n<ul class=\"wp-block-list\">\n<li>\ud83d\udd0d <strong>Mieux comprendre<\/strong> les pratiques et enjeux d\u2019autres services.<\/li>\n\n\n\n<li>\ud83e\uddd1\u200d\ud83c\udfeb <strong>Mettre en perspective<\/strong> ses propres pratiques professionnelles.<\/li>\n\n\n\n<li>\ud83d\udd04 <strong>Am\u00e9liorer la coh\u00e9rence<\/strong> et la continuit\u00e9 des accompagnements.<\/li>\n\n\n\n<li>\ud83e\udd1d <strong>Favoriser l&rsquo;\u00e9change et la r\u00e9flexion<\/strong> sur les interventions intersectorielles.<\/li>\n<\/ul>\n\n\n\n<h3 class=\"wp-block-heading\">\u2757 Points d\u2019attention<\/h3>\n\n\n\n<ul class=\"wp-block-list\">\n<li>\ud83d\udcc5 <strong>Pr\u00e9paration en amont<\/strong> : Assurer que l&rsquo;immersion soit bien pr\u00e9par\u00e9e pour maximiser l\u2019apprentissage.<\/li>\n\n\n\n<li>\ud83d\udd12 <strong>Respect de la confidentialit\u00e9<\/strong> : Veiller \u00e0 respecter les r\u00e8gles de confidentialit\u00e9 des structures d\u2019accueil.<\/li>\n\n\n\n<li>\ud83d\udcac <strong>Encourager le partage<\/strong> : Favoriser les \u00e9changes d\u2019exp\u00e9riences au retour de l\u2019immersion pour une meilleure appropriation des pratiques observ\u00e9es.<\/li>\n<\/ul>\n\n\n\n<div class=\"wp-block-columns is-layout-flex wp-container-core-columns-is-layout-9d6595d7 wp-block-columns-is-layout-flex\">\n<div class=\"wp-block-column is-layout-flow wp-block-column-is-layout-flow\">\n<h2 class=\"wp-block-heading\">Objectif(s) d&rsquo;utilisation<\/h2>\n\n\n\n<p>L\u2019utilisation de cet outil permet :<\/p>\n\n\n\n<ul class=\"wp-block-list\">\n<li>\ud83e\udde0 <strong>L&rsquo;apprentissage mutuel<\/strong> en d\u00e9couvrant des m\u00e9thodes et pratiques d\u2019autres services.<\/li>\n\n\n\n<li>\ud83d\udca1 <strong>D\u00e9couvrir de nouvelles id\u00e9es<\/strong> : Observer d&rsquo;autres mani\u00e8res de travailler.<\/li>\n\n\n\n<li>\ud83d\udd04 <strong>Partager des exp\u00e9riences<\/strong> : Favoriser les \u00e9changes entre professionnels d&rsquo;horizons diff\u00e9rents.<\/li>\n\n\n\n<li>\ud83d\udcc8 <strong>Am\u00e9liorer les comp\u00e9tences<\/strong> : Enrichir sa pratique gr\u00e2ce \u00e0 l\u2019observation et l\u2019analyse de nouvelles m\u00e9thodes.<\/li>\n\n\n\n<li>\ud83e\udd1d <strong>Renforcer la coop\u00e9ration<\/strong> : D\u00e9velopper un esprit de collaboration interservices pour un accompagnement coh\u00e9rent.<\/li>\n<\/ul>\n\n\n\n<h2 class=\"wp-block-heading\">Liens utiles<\/h2>\n\n\n\n<p>\ud83c\udf10 <strong>SITE OFFICIEL<\/strong> (Copyright 2025 \u00a9\u00a0<strong>R\u00e9seau Matilda<\/strong>) : <a href=\"https:\/\/matilda-lux.be\">Matilda-Lux<\/a> <a href=\"https:\/\/www.immersion0-23.be\/\" target=\"_blank\" rel=\"noreferrer noopener\">https:\/\/www.immersion0-23.be\/<\/a><\/p>\n<\/div>\n\n\n\n<div class=\"wp-block-column is-layout-flow wp-block-column-is-layout-flow\">\n<h2 class=\"wp-block-heading\">Variantes &#8211; am\u00e9nagement<\/h2>\n\n\n\n<p>\ud83c\udfaf <strong>Immersion cibl\u00e9e<\/strong> : Participation \u00e0 des immersions sp\u00e9cifiquement orient\u00e9es en fonction des besoins des professionnels, comme l&rsquo;accompagnement d\u2019enfants en situation de handicap, ou le travail en milieu scolaire.<\/p>\n\n\n\n<p>\ud83e\udd1d <strong>Bin\u00f4me interservices<\/strong> : Jumelage entre deux professionnels de secteurs diff\u00e9rents pour un partage d&rsquo;exp\u00e9rience approfondi.<\/p>\n\n\n\n<p>\ud83d\udde3\ufe0f <strong>Retour d\u2019exp\u00e9rience collectif<\/strong> : Organisation de moments d&rsquo;\u00e9change apr\u00e8s l\u2019immersion pour partager les apprentissages et les pistes d\u2019am\u00e9lioration.<\/p>\n\n\n\n<p>\ud83c\udf10 <strong>R\u00e9seautage post-immersion<\/strong> : Maintien du lien avec les professionnels rencontr\u00e9s et participation \u00e0 des communaut\u00e9s de pratiques.<\/p>\n<\/div>\n<\/div>\n\n\n\n<p>Des outils \u00e0 nous partager ?&nbsp;<a href=\"https:\/\/api-lux.be\/index.php\/contact\/\">Cliquez ici<\/a><\/p>\n","protected":false},"excerpt":{"rendered":"<p>\ud83d\udd17 Accordage et coh\u00e9rence entre professionnels &#8211; Favoriser l&rsquo;\u00e9change et la valorisation de l\u2019expertise entre les professionnels des secteurs de la sant\u00e9 mentale, des soins de sant\u00e9, de l\u2019action sociale, [&hellip;]<\/p>\n","protected":false},"author":2,"featured_media":0,"comment_status":"closed","ping_status":"closed","sticky":false,"template":"","format":"standard","meta":{"iawp_total_views":1,"footnotes":""},"categories":[4,46,47,26],"tags":[],"class_list":["post-722","post","type-post","status-publish","format-standard","hentry","category-besoins","category-fiches-outils","category-fiches-outils-pour-les-professionnels","category-outils-pedagogiques-pour-les-pro"],"_links":{"self":[{"href":"https:\/\/api-lux.be\/index.php\/wp-json\/wp\/v2\/posts\/722","targetHints":{"allow":["GET"]}}],"collection":[{"href":"https:\/\/api-lux.be\/index.php\/wp-json\/wp\/v2\/posts"}],"about":[{"href":"https:\/\/api-lux.be\/index.php\/wp-json\/wp\/v2\/types\/post"}],"author":[{"embeddable":true,"href":"https:\/\/api-lux.be\/index.php\/wp-json\/wp\/v2\/users\/2"}],"replies":[{"embeddable":true,"href":"https:\/\/api-lux.be\/index.php\/wp-json\/wp\/v2\/comments?post=722"}],"version-history":[{"count":10,"href":"https:\/\/api-lux.be\/index.php\/wp-json\/wp\/v2\/posts\/722\/revisions"}],"predecessor-version":[{"id":7682,"href":"https:\/\/api-lux.be\/index.php\/wp-json\/wp\/v2\/posts\/722\/revisions\/7682"}],"wp:attachment":[{"href":"https:\/\/api-lux.be\/index.php\/wp-json\/wp\/v2\/media?parent=722"}],"wp:term":[{"taxonomy":"category","embeddable":true,"href":"https:\/\/api-lux.be\/index.php\/wp-json\/wp\/v2\/categories?post=722"},{"taxonomy":"post_tag","embeddable":true,"href":"https:\/\/api-lux.be\/index.php\/wp-json\/wp\/v2\/tags?post=722"}],"curies":[{"name":"wp","href":"https:\/\/api.w.org\/{rel}","templated":true}]}}