{"id":721,"date":"2025-03-13T11:36:55","date_gmt":"2025-03-13T10:36:55","guid":{"rendered":"http:\/\/localhost\/mdi_w\/?p=721"},"modified":"2025-04-23T11:46:15","modified_gmt":"2025-04-23T09:46:15","slug":"coherence-et-continuite-des-mondes","status":"publish","type":"post","link":"https:\/\/api-lux.be\/index.php\/2025\/03\/13\/coherence-et-continuite-des-mondes\/","title":{"rendered":"Harmonisation et coh\u00e9rence des pratiques \u00e9ducatives et p\u00e9dagogiques"},"content":{"rendered":"\n<div class=\"wp-block-columns is-layout-flex wp-container-core-columns-is-layout-9d6595d7 wp-block-columns-is-layout-flex\">\n<div class=\"wp-block-column is-layout-flow wp-block-column-is-layout-flow\">\n<figure class=\"wp-block-image size-full\"><img decoding=\"async\" src=\"https:\/\/api-lux.be\/wp-content\/uploads\/2025\/02\/coherence_des_mondes.jpg\" alt=\" \" class=\"wp-image-202\"\/><\/figure>\n<\/div>\n\n\n\n<div class=\"wp-block-column is-layout-flow wp-block-column-is-layout-flow\">\n<p>\ud83d\udd17 <strong>Accordage et coh\u00e9rence entre professionnels<\/strong> &#8211; Cr\u00e9er une continuit\u00e9 et une stabilit\u00e9 dans l&rsquo;accompagnement des jeunes en unifiant les outils et r\u00e9f\u00e9rences \u00e9ducatives dans leurs diff\u00e9rents espaces de vie.<\/p>\n\n\n\n<h2 class=\"wp-block-heading\">Age cible (pour qui)<\/h2>\n\n\n\n<p><b> &#8211; de 3 \u00e0 20 an(s)<\/b><\/p>\n<\/div>\n<\/div>\n\n\n\n<h2 class=\"wp-block-heading\">Descriptif de l&rsquo;outil<\/h2>\n\n\n\n<p>Cet outil vise \u00e0 harmoniser les interventions \u00e9ducatives, p\u00e9dagogiques et comportementales entre les diff\u00e9rents environnements o\u00f9 \u00e9volue un jeune (\u00e9cole, loisirs, institutions sp\u00e9cialis\u00e9es, domicile, etc.). L&rsquo;id\u00e9e est d\u2019utiliser les m\u00eames outils et r\u00e9f\u00e9rences dans chaque espace afin de renforcer la stabilit\u00e9 et la compr\u00e9hension des jeunes.<\/p>\n\n\n\n<p>\ud83e\udde0 <strong>Exemples concrets d\u2019application<\/strong> :<\/p>\n\n\n\n<ul class=\"wp-block-list\">\n<li>\ud83c\udfeb <strong>\u00c0 l\u2019\u00e9cole et \u00e0 la maison<\/strong> : Utilisation des m\u00eames pictogrammes pour les consignes et les routines quotidiennes.<\/li>\n\n\n\n<li>\ud83c\udfe2 <strong>En milieu institutionnel et en loisirs<\/strong> : Instauration d\u2019un r\u00e9f\u00e9rentiel commun sur les r\u00e8gles de vie et de communication (ex : tableau des \u00e9motions, charte de comportement).<\/li>\n\n\n\n<li>\ud83e\uddd1\u200d\u2695\ufe0f <strong>Dans un cadre th\u00e9rapeutique et \u00e9ducatif<\/strong> : Alignement des strat\u00e9gies d\u2019accompagnement entre \u00e9ducateurs sp\u00e9cialis\u00e9s et enseignants.<\/li>\n<\/ul>\n\n\n\n<p>\u2757 <strong>Points d\u2019attention<\/strong> :<\/p>\n\n\n\n<ul class=\"wp-block-list\">\n<li>\ud83d\udde3\ufe0f Veiller \u00e0 une concertation r\u00e9guli\u00e8re entre les professionnels et les familles pour assurer une application coh\u00e9rente.<\/li>\n\n\n\n<li>\u2696\ufe0f Adapter l\u2019outil aux besoins sp\u00e9cifiques de chaque jeune (ex : prise en compte des capacit\u00e9s cognitives et \u00e9motionnelles).<\/li>\n\n\n\n<li>\ud83d\udcda Assurer une formation minimale des intervenants sur les outils adopt\u00e9s pour \u00e9viter les incoh\u00e9rences.<\/li>\n<\/ul>\n\n\n\n<div class=\"wp-block-columns is-layout-flex wp-container-core-columns-is-layout-9d6595d7 wp-block-columns-is-layout-flex\">\n<div class=\"wp-block-column is-layout-flow wp-block-column-is-layout-flow\">\n<h2 class=\"wp-block-heading\">Objectif(s) d&rsquo;utilisation<\/h2>\n\n\n\n<p>\ud83c\udfc6 <strong>Favoriser l\u2019autonomie<\/strong> en instaurant des rep\u00e8res stables et partag\u00e9s.<\/p>\n\n\n\n<p>\ud83d\udd04 <strong>Renforcer la responsabilisation<\/strong> en clarifiant les attentes comportementales.<\/p>\n\n\n\n<p>\ud83d\udc65 <strong>Am\u00e9liorer la sociabilisation<\/strong> en favorisant un langage et des r\u00e8gles communes.<\/p>\n\n\n\n<p>\ud83d\udca1 <strong>D\u00e9velopper les comp\u00e9tences \u00e9motionnelles<\/strong> en assurant une continuit\u00e9 dans les strat\u00e9gies de r\u00e9gulation.<\/p>\n\n\n\n<p>\ud83d\udcda <strong>Faciliter l\u2019apprentissage<\/strong> en instaurant des supports p\u00e9dagogiques homog\u00e8nes.<\/p>\n\n\n\n<p>\ud83c\udfc5 <strong>Valoriser les jeunes<\/strong> en leur offrant un cadre structurant et rassurant.<\/p>\n\n\n\n<p>\ud83e\uddd8\u200d\u2640\ufe0f <strong>Encourager l\u2019auto-r\u00e9gulation<\/strong> par des outils coh\u00e9rents favorisant la gestion des comportements.<\/p>\n<\/div>\n\n\n\n<div class=\"wp-block-column is-layout-flow wp-block-column-is-layout-flow\">\n<h2 class=\"wp-block-heading\">Variantes \u2013 Am\u00e9nagements possibles<\/h2>\n\n\n\n<p>\ud83d\udd27 <strong>Adaptation aux besoins sp\u00e9cifiques<\/strong> : D\u00e9clinaison de l\u2019outil selon les tranches d\u2019\u00e2ge et les niveaux de d\u00e9veloppement (ex : pictogrammes simplifi\u00e9s pour les plus jeunes, outils num\u00e9riques pour les adolescents).<\/p>\n\n\n\n<p>\ud83d\udccb <strong>Plan d\u2019action commun<\/strong> : Chaque espace de vie adopte un plan d\u2019intervention bas\u00e9 sur des outils partag\u00e9s (ex : emploi du temps structur\u00e9, cartes de communication visuelle).<\/p>\n\n\n\n<p>\ud83d\udd04 <strong>R\u00e9f\u00e9rentiel commun<\/strong> : Instauration d\u2019un langage et de r\u00e8gles communes entre les \u00e9ducateurs, enseignants et familles pour faciliter la compr\u00e9hension et l\u2019application des consignes.<\/p>\n\n\n\n<p>\ud83c\udf93 <strong>Formation conjointe<\/strong> : Organisation de formations pour les diff\u00e9rents intervenants autour des m\u00eames outils p\u00e9dagogiques afin d\u2019assurer une mise en \u0153uvre homog\u00e8ne.<\/p>\n\n\n\n<p>\ud83d\uddbc\ufe0f <strong>Supports visuels uniformes<\/strong> : Utilisation des m\u00eames supports (ex : pictogrammes, tableaux de comportement) pour renforcer la compr\u00e9hension et la reconnaissance des consignes par le jeune.<\/p>\n\n\n\n<p><br><br><\/p>\n<\/div>\n<\/div>\n\n\n\n<p>Des outils \u00e0 nous partager ?\u00a0<a href=\"https:\/\/api-lux.be\/index.php\/contact\/\">Cliquez ici<\/a><\/p>\n","protected":false},"excerpt":{"rendered":"<p>\ud83d\udd17 Accordage et coh\u00e9rence entre professionnels &#8211; Cr\u00e9er une continuit\u00e9 et une stabilit\u00e9 dans l&rsquo;accompagnement des jeunes en unifiant les outils et r\u00e9f\u00e9rences \u00e9ducatives dans leurs diff\u00e9rents espaces de vie. [&hellip;]<\/p>\n","protected":false},"author":2,"featured_media":0,"comment_status":"closed","ping_status":"closed","sticky":false,"template":"","format":"standard","meta":{"iawp_total_views":5,"footnotes":""},"categories":[4,9,13,46,48,47,11],"tags":[],"class_list":["post-721","post","type-post","status-publish","format-standard","hentry","category-besoins","category-besoins-de-securite","category-coherence","category-fiches-outils","category-fiches-outils-pour-les-aidants-proches","category-fiches-outils-pour-les-professionnels","category-rituels"],"_links":{"self":[{"href":"https:\/\/api-lux.be\/index.php\/wp-json\/wp\/v2\/posts\/721","targetHints":{"allow":["GET"]}}],"collection":[{"href":"https:\/\/api-lux.be\/index.php\/wp-json\/wp\/v2\/posts"}],"about":[{"href":"https:\/\/api-lux.be\/index.php\/wp-json\/wp\/v2\/types\/post"}],"author":[{"embeddable":true,"href":"https:\/\/api-lux.be\/index.php\/wp-json\/wp\/v2\/users\/2"}],"replies":[{"embeddable":true,"href":"https:\/\/api-lux.be\/index.php\/wp-json\/wp\/v2\/comments?post=721"}],"version-history":[{"count":3,"href":"https:\/\/api-lux.be\/index.php\/wp-json\/wp\/v2\/posts\/721\/revisions"}],"predecessor-version":[{"id":5625,"href":"https:\/\/api-lux.be\/index.php\/wp-json\/wp\/v2\/posts\/721\/revisions\/5625"}],"wp:attachment":[{"href":"https:\/\/api-lux.be\/index.php\/wp-json\/wp\/v2\/media?parent=721"}],"wp:term":[{"taxonomy":"category","embeddable":true,"href":"https:\/\/api-lux.be\/index.php\/wp-json\/wp\/v2\/categories?post=721"},{"taxonomy":"post_tag","embeddable":true,"href":"https:\/\/api-lux.be\/index.php\/wp-json\/wp\/v2\/tags?post=721"}],"curies":[{"name":"wp","href":"https:\/\/api.w.org\/{rel}","templated":true}]}}