{"id":720,"date":"2025-03-13T11:36:55","date_gmt":"2025-03-13T10:36:55","guid":{"rendered":"http:\/\/localhost\/mdi_w\/?p=720"},"modified":"2025-04-23T11:55:26","modified_gmt":"2025-04-23T09:55:26","slug":"transmettre-son-expertise","status":"publish","type":"post","link":"https:\/\/api-lux.be\/index.php\/2025\/03\/13\/transmettre-son-expertise\/","title":{"rendered":"Transmission d&rsquo;informations &#8211; expertises"},"content":{"rendered":"\n<div class=\"wp-block-columns is-layout-flex wp-container-core-columns-is-layout-9d6595d7 wp-block-columns-is-layout-flex\">\n<div class=\"wp-block-column is-layout-flow wp-block-column-is-layout-flow\">\n<figure class=\"wp-block-image size-full\"><img loading=\"lazy\" decoding=\"async\" width=\"617\" height=\"579\" src=\"https:\/\/api-lux.be\/wp-content\/uploads\/2025\/02\/reunion.jpg\" alt=\"\" class=\"wp-image-2288\" srcset=\"https:\/\/api-lux.be\/wp-content\/uploads\/2025\/02\/reunion.jpg 617w, https:\/\/api-lux.be\/wp-content\/uploads\/2025\/02\/reunion-300x282.jpg 300w\" sizes=\"auto, (max-width: 617px) 100vw, 617px\" \/><\/figure>\n<\/div>\n\n\n\n<div class=\"wp-block-column is-layout-flow wp-block-column-is-layout-flow\">\n<p><br>\ud83d\udd17 <strong>Accordage et coh\u00e9rence entre professionnels<\/strong> &#8211; Faciliter la coordination et l&rsquo;adaptation des interventions autour d&rsquo;un jeune en partageant des informations cl\u00e9s de mani\u00e8re structur\u00e9e et bienveillante.<\/p>\n\n\n\n<!--more-->\n\n\n\n<h2 class=\"wp-block-heading\">\u00c2ge cible<\/h2>\n\n\n\n<p> De 0 \u00e0 20 ans.<\/p>\n<\/div>\n<\/div>\n\n\n\n<h2 class=\"wp-block-heading\">Descriptif de l&rsquo;outil<\/h2>\n\n\n\n<p>Cet outil encourage la circulation d\u2019informations essentielles sur les sp\u00e9cificit\u00e9s du jeune, ses comportements, ses besoins, ses r\u00e9ussites ainsi que les \u00ab\u00a0trucs et astuces\u00a0\u00bb qui facilitent son accompagnement au quotidien. L&rsquo;objectif est de partager ces informations de mani\u00e8re structur\u00e9e et bienveillante, afin que chaque intervenant puisse ajuster son action en cons\u00e9quence. La transmission d&rsquo;expertise peut se faire \u00e0 travers plusieurs moyens :<\/p>\n\n\n\n<p>\ud83e\udde0 <strong>Exemples d\u2019application<\/strong> :<\/p>\n\n\n\n<ul class=\"wp-block-list\">\n<li>\ud83d\udde3\ufe0f <strong>R\u00e9unions d&rsquo;\u00e9quipe r\u00e9guli\u00e8res<\/strong> pour \u00e9changer sur les points cl\u00e9s concernant le jeune.<\/li>\n\n\n\n<li>\ud83d\udcdd <strong>Notes de suivi d\u00e9taill\u00e9es<\/strong> pour documenter les avanc\u00e9es, comportements et besoins.<\/li>\n\n\n\n<li>\ud83d\udcd1 <strong>Fiches de synth\u00e8se accessibles<\/strong> pour une vision d&rsquo;ensemble des strat\u00e9gies utilis\u00e9es.<\/li>\n\n\n\n<li>\ud83d\udc65 <strong>\u00c9changes informels organis\u00e9s entre les professionnels<\/strong> pour une communication fluide et continue.<\/li>\n<\/ul>\n\n\n\n<p>\u2757 <strong>Points d\u2019attention<\/strong> :<\/p>\n\n\n\n<ul class=\"wp-block-list\">\n<li>\ud83d\udd12 Garantir la confidentialit\u00e9 des informations partag\u00e9es.<\/li>\n\n\n\n<li>\ud83d\udcac Assurer une transmission bienveillante et constructive.<\/li>\n\n\n\n<li>\ud83e\uddf3 Veiller \u00e0 ce que les informations restent claires et applicables pour tous les intervenants.<\/li>\n<\/ul>\n\n\n\n<div class=\"wp-block-columns is-layout-flex wp-container-core-columns-is-layout-9d6595d7 wp-block-columns-is-layout-flex\">\n<div class=\"wp-block-column is-layout-flow wp-block-column-is-layout-flow\">\n<h2 class=\"wp-block-heading\">Objectif(s) d&rsquo;utilisation<\/h2>\n\n\n\n<p>L\u2019utilisation de cet outil vise \u00e0 :<\/p>\n\n\n\n<ul class=\"wp-block-list\">\n<li>\ud83d\udce2 <strong>Partager des informations essentielles<\/strong> pour garantir un accompagnement harmonis\u00e9 et adapt\u00e9 au jeune.<\/li>\n\n\n\n<li>\ud83d\udc40 <strong>Permettre \u00e0 tous les intervenants d\u2019avoir une vision claire et partag\u00e9e<\/strong> du parcours et des besoins du jeune.<\/li>\n\n\n\n<li>\ud83d\udeab <strong>\u00c9viter les malentendus ou les contradictions<\/strong> dans l\u2019accompagnement du jeune.<\/li>\n\n\n\n<li>\ud83d\udca1 <strong>Mutualiser les bonnes pratiques<\/strong> et ajuster les interventions en fonction des observations partag\u00e9es.<\/li>\n\n\n\n<li>\ud83d\udeaa <strong>Faciliter l\u2019adaptation rapide des nouvelles personnes intervenant aupr\u00e8s du jeune<\/strong> en leur donnant des cl\u00e9s de compr\u00e9hension.<\/li>\n\n\n\n<li>\ud83d\udd04 <strong>Renforcer la continuit\u00e9 et la fluidit\u00e9 des actions \u00e9ducatives, sociales ou th\u00e9rapeutiques<\/strong> pour un accompagnement global.<\/li>\n<\/ul>\n<\/div>\n\n\n\n<div class=\"wp-block-column is-layout-flow wp-block-column-is-layout-flow\">\n<h2 class=\"wp-block-heading\">Variantes &#8211; am\u00e9nagement<\/h2>\n\n\n\n<p>\ud83d\udcda <strong>Journal de bord partag\u00e9<\/strong> : chaque intervenant note les observations et r\u00e9ussites dans un carnet commun accessible \u00e0 toute l\u2019\u00e9quipe.<\/p>\n\n\n\n<p>\ud83d\uddd3\ufe0f <strong>R\u00e9union hebdomadaire d&rsquo;\u00e9quipe<\/strong> : un point rapide de 10 minutes pour partager les informations essentielles sur chaque jeune et assurer un suivi continu.<\/p>\n\n\n\n<p>\ud83e\udd1d <strong>Formation en bin\u00f4me<\/strong> : les nouveaux intervenants sont accompagn\u00e9s par un mentor qui partage son exp\u00e9rience et ses astuces pour une adaptation rapide.<\/p>\n\n\n\n<p>\ud83e\uddd1\u200d\ud83e\udd1d\u200d\ud83e\uddd1 <strong>D\u00e9briefing individuel<\/strong> : pr\u00e9voir un temps apr\u00e8s chaque journ\u00e9e pour \u00e9changer sur les r\u00e9ussites et difficult\u00e9s avec les autres membres de l\u2019\u00e9quipe.<\/p>\n\n\n\n<p><br><br><\/p>\n<\/div>\n<\/div>\n\n\n\n<p>Des outils \u00e0 nous partager ?&nbsp;<a href=\"https:\/\/api-lux.be\/index.php\/contact\/\">Cliquez ici<\/a><\/p>\n","protected":false},"excerpt":{"rendered":"<p>\ud83d\udd17 Accordage et coh\u00e9rence entre professionnels &#8211; Faciliter la coordination et l&rsquo;adaptation des interventions autour d&rsquo;un jeune en partageant des informations cl\u00e9s de mani\u00e8re structur\u00e9e et bienveillante.<\/p>\n","protected":false},"author":2,"featured_media":0,"comment_status":"closed","ping_status":"closed","sticky":false,"template":"","format":"standard","meta":{"iawp_total_views":1,"footnotes":""},"categories":[4,22,9,13,46,47,26],"tags":[],"class_list":["post-720","post","type-post","status-publish","format-standard","hentry","category-besoins","category-besoins-cognitifs","category-besoins-de-securite","category-coherence","category-fiches-outils","category-fiches-outils-pour-les-professionnels","category-outils-pedagogiques-pour-les-pro"],"_links":{"self":[{"href":"https:\/\/api-lux.be\/index.php\/wp-json\/wp\/v2\/posts\/720","targetHints":{"allow":["GET"]}}],"collection":[{"href":"https:\/\/api-lux.be\/index.php\/wp-json\/wp\/v2\/posts"}],"about":[{"href":"https:\/\/api-lux.be\/index.php\/wp-json\/wp\/v2\/types\/post"}],"author":[{"embeddable":true,"href":"https:\/\/api-lux.be\/index.php\/wp-json\/wp\/v2\/users\/2"}],"replies":[{"embeddable":true,"href":"https:\/\/api-lux.be\/index.php\/wp-json\/wp\/v2\/comments?post=720"}],"version-history":[{"count":7,"href":"https:\/\/api-lux.be\/index.php\/wp-json\/wp\/v2\/posts\/720\/revisions"}],"predecessor-version":[{"id":5633,"href":"https:\/\/api-lux.be\/index.php\/wp-json\/wp\/v2\/posts\/720\/revisions\/5633"}],"wp:attachment":[{"href":"https:\/\/api-lux.be\/index.php\/wp-json\/wp\/v2\/media?parent=720"}],"wp:term":[{"taxonomy":"category","embeddable":true,"href":"https:\/\/api-lux.be\/index.php\/wp-json\/wp\/v2\/categories?post=720"},{"taxonomy":"post_tag","embeddable":true,"href":"https:\/\/api-lux.be\/index.php\/wp-json\/wp\/v2\/tags?post=720"}],"curies":[{"name":"wp","href":"https:\/\/api.w.org\/{rel}","templated":true}]}}