{"id":719,"date":"2025-03-13T11:36:55","date_gmt":"2025-03-13T10:36:55","guid":{"rendered":"http:\/\/localhost\/mdi_w\/?p=719"},"modified":"2025-07-01T13:31:20","modified_gmt":"2025-07-01T11:31:20","slug":"creer-de-la-coherence-rencontres-systemiques","status":"publish","type":"post","link":"https:\/\/api-lux.be\/index.php\/2025\/03\/13\/creer-de-la-coherence-rencontres-systemiques\/","title":{"rendered":"Rencontres syst\u00e9miques"},"content":{"rendered":"\n<div class=\"wp-block-columns is-layout-flex wp-container-core-columns-is-layout-9d6595d7 wp-block-columns-is-layout-flex\">\n<div class=\"wp-block-column is-layout-flow wp-block-column-is-layout-flow\">\n<figure class=\"wp-block-image size-full\"><img decoding=\"async\" src=\"https:\/\/api-lux.be\/wp-content\/uploads\/2025\/02\/reunion_systemique.jpg\" alt=\" \" class=\"wp-image-202\"\/><\/figure>\n<\/div>\n\n\n\n<div class=\"wp-block-column is-layout-flow wp-block-column-is-layout-flow\">\n<p>Les rencontres syst\u00e9miques sont un outil structur\u00e9 visant \u00e0 cr\u00e9er une coh\u00e9rence d\u2019action entre les diff\u00e9rents intervenants qui entourent un enfant ou un jeune.<\/p>\n\n\n\n<!--more-->\n\n\n\n<h2 class=\"wp-block-heading\">Age cible (pour qui)<\/h2>\n\n\n\n<p><b> &#8211; De 3 \u00e0 20 an(s)<\/b><\/p>\n<\/div>\n<\/div>\n\n\n\n<h2 class=\"wp-block-heading\">Descriptif de l&rsquo;outil<\/h2>\n\n\n\n<p>Elles consistent \u00e0 r\u00e9unir r\u00e9guli\u00e8rement toutes les personnes concern\u00e9es (\u00e9ducateurs, enseignants, psychologues, animateurs, etc.) afin de partager les points de vue, les exp\u00e9riences et les strat\u00e9gies.<\/p>\n\n\n\n<p>Cette approche syst\u00e9mique consid\u00e8re l\u2019enfant ou le jeune dans sa globalit\u00e9, en tenant compte de tous les facteurs influents (environnement social, scolaire, relations, etc.). Ces rencontres peuvent \u00eatre organis\u00e9es \u00e0 une fr\u00e9quence d\u00e9finie (mensuelle, trimestrielle) ou mises en place de mani\u00e8re ponctuelle en fonction des besoins.<\/p>\n\n\n\n<h4 class=\"wp-block-heading\">Exemples concrets d&rsquo;utilisation :<\/h4>\n\n\n\n<ul class=\"wp-block-list\">\n<li><strong>\u00c9quipe \u00e9ducative<\/strong> : un groupe d\u2019enseignants, \u00e9ducateurs et psychologues se r\u00e9unit pour ajuster les strat\u00e9gies d\u2019accompagnement d\u2019un \u00e9l\u00e8ve en difficult\u00e9.<\/li>\n\n\n\n<li><strong>Soutien familial et social<\/strong> : une rencontre est organis\u00e9e entre la famille, les intervenants scolaires et un m\u00e9diateur pour renforcer la coh\u00e9sion autour du jeune.<\/li>\n\n\n\n<li><strong>Pr\u00e9vention des ruptures scolaires<\/strong> : des r\u00e9unions r\u00e9guli\u00e8res permettent d\u2019anticiper les difficult\u00e9s d\u2019un \u00e9l\u00e8ve et d\u2019adapter son parcours \u00e9ducatif.<\/li>\n<\/ul>\n\n\n\n<h4 class=\"wp-block-heading\">Points d&rsquo;attention :<\/h4>\n\n\n\n<ul class=\"wp-block-list\">\n<li>Favoriser une communication ouverte et respectueuse entre les participants.<\/li>\n\n\n\n<li>Clarifier les objectifs de chaque rencontre pour optimiser son efficacit\u00e9.<\/li>\n\n\n\n<li>Encourager la participation active de toutes les parties prenantes.<\/li>\n<\/ul>\n\n\n\n<div class=\"wp-block-columns is-layout-flex wp-container-core-columns-is-layout-9d6595d7 wp-block-columns-is-layout-flex\">\n<div class=\"wp-block-column is-layout-flow wp-block-column-is-layout-flow\">\n<h2 class=\"wp-block-heading\">Objectif(s) d&rsquo;utilisation<\/h2>\n\n\n\n<p><strong>Cr\u00e9er une coh\u00e9rence<\/strong> dans l\u2019accompagnement gr\u00e2ce \u00e0 une approche collective et environnementale de l\u2019enfant. <\/p>\n\n\n\n<p><strong>Aligner les strat\u00e9gies<\/strong> \u00e9ducatives, comportementales et relationnelles des diff\u00e9rents intervenants. <\/p>\n\n\n\n<p><strong>Pr\u00e9venir les contradiction<\/strong>s dans les interventions, qui pourraient cr\u00e9er de la confusion chez le jeune. <\/p>\n\n\n\n<p><strong>Renforcer l\u2019efficacit\u00e9 des actions<\/strong> en favorisant une approche collective et collaborative.<\/p>\n<\/div>\n\n\n\n<div class=\"wp-block-column is-layout-flow wp-block-column-is-layout-flow\">\n<h2 class=\"wp-block-heading\">Liens utiles<\/h2>\n\n\n\n<p><strong><em>Pour aller plus loin: <\/em><\/strong><a href=\"https:\/\/levillagesystemique.be\/article\/la-rencontre-systemique-24\" target=\"_blank\" rel=\"noreferrer noopener\">https:\/\/levillagesystemique.be\/article\/la-rencontre-systemique-24<\/a><br><br><\/p>\n<\/div>\n<\/div>\n\n\n\n<div class=\"wp-block-columns is-layout-flex wp-container-core-columns-is-layout-9d6595d7 wp-block-columns-is-layout-flex\">\n<div class=\"wp-block-column is-layout-flow wp-block-column-is-layout-flow\">\n<h2 class=\"wp-block-heading\">Variantes &#8211; am\u00e9nagement<\/h2>\n<\/div>\n<\/div>\n\n\n\n<p><strong>Rencontres th\u00e9matiques<\/strong> : cibler une probl\u00e9matique pr\u00e9cise (comportement, apprentissage, relations sociales) lors de la rencontre.<\/p>\n\n\n\n<p><strong>Cercle syst\u00e9mique \u00e9largi<\/strong> : inclure des intervenants ext\u00e9rieurs (th\u00e9rapeutes, m\u00e9diateurs, etc.) pour enrichir les perspectives.<\/p>\n\n\n\n<p><strong>Retour r\u00e9flexif<\/strong> : \u00e0 chaque rencontre, laisser un moment pour \u00e9valuer les strat\u00e9gies utilis\u00e9es pr\u00e9c\u00e9demment et ajuster si n\u00e9cessaire.<\/p>\n\n\n\n<p>Des outils \u00e0 nous partager ?&nbsp;<a href=\"https:\/\/api-lux.be\/index.php\/contact\/\">Cliquez ici<\/a><\/p>\n","protected":false},"excerpt":{"rendered":"<p>Les rencontres syst\u00e9miques sont un outil structur\u00e9 visant \u00e0 cr\u00e9er une coh\u00e9rence d\u2019action entre les diff\u00e9rents intervenants qui entourent un enfant ou un jeune.<\/p>\n","protected":false},"author":2,"featured_media":0,"comment_status":"closed","ping_status":"closed","sticky":false,"template":"","format":"standard","meta":{"iawp_total_views":5,"footnotes":""},"categories":[4,9,12,13,46,47],"tags":[],"class_list":["post-719","post","type-post","status-publish","format-standard","hentry","category-besoins","category-besoins-de-securite","category-cadre-et-limites","category-coherence","category-fiches-outils","category-fiches-outils-pour-les-professionnels"],"_links":{"self":[{"href":"https:\/\/api-lux.be\/index.php\/wp-json\/wp\/v2\/posts\/719","targetHints":{"allow":["GET"]}}],"collection":[{"href":"https:\/\/api-lux.be\/index.php\/wp-json\/wp\/v2\/posts"}],"about":[{"href":"https:\/\/api-lux.be\/index.php\/wp-json\/wp\/v2\/types\/post"}],"author":[{"embeddable":true,"href":"https:\/\/api-lux.be\/index.php\/wp-json\/wp\/v2\/users\/2"}],"replies":[{"embeddable":true,"href":"https:\/\/api-lux.be\/index.php\/wp-json\/wp\/v2\/comments?post=719"}],"version-history":[{"count":8,"href":"https:\/\/api-lux.be\/index.php\/wp-json\/wp\/v2\/posts\/719\/revisions"}],"predecessor-version":[{"id":7681,"href":"https:\/\/api-lux.be\/index.php\/wp-json\/wp\/v2\/posts\/719\/revisions\/7681"}],"wp:attachment":[{"href":"https:\/\/api-lux.be\/index.php\/wp-json\/wp\/v2\/media?parent=719"}],"wp:term":[{"taxonomy":"category","embeddable":true,"href":"https:\/\/api-lux.be\/index.php\/wp-json\/wp\/v2\/categories?post=719"},{"taxonomy":"post_tag","embeddable":true,"href":"https:\/\/api-lux.be\/index.php\/wp-json\/wp\/v2\/tags?post=719"}],"curies":[{"name":"wp","href":"https:\/\/api.w.org\/{rel}","templated":true}]}}