{"id":718,"date":"2025-03-13T11:36:55","date_gmt":"2025-03-13T10:36:55","guid":{"rendered":"http:\/\/localhost\/mdi_w\/?p=718"},"modified":"2025-04-23T11:36:25","modified_gmt":"2025-04-23T09:36:25","slug":"communiquer-entre-les-mondes-coordonner-laction","status":"publish","type":"post","link":"https:\/\/api-lux.be\/index.php\/2025\/03\/13\/communiquer-entre-les-mondes-coordonner-laction\/","title":{"rendered":"Communiquer entre les mondes et coordonner l&rsquo;action"},"content":{"rendered":"\n<div class=\"wp-block-columns is-layout-flex wp-container-core-columns-is-layout-9d6595d7 wp-block-columns-is-layout-flex\">\n<div class=\"wp-block-column is-layout-flow wp-block-column-is-layout-flow\">\n<figure class=\"wp-block-image size-full is-resized\"><img loading=\"lazy\" decoding=\"async\" width=\"265\" height=\"190\" src=\"https:\/\/api-lux.be\/wp-content\/uploads\/2025\/02\/images-1.jpeg\" alt=\"\" class=\"wp-image-2268\" style=\"width:363px;height:auto\"\/><\/figure>\n<\/div>\n\n\n\n<div class=\"wp-block-column is-layout-flow wp-block-column-is-layout-flow\">\n<p>\ud83d\udd17 <strong>Accordage et coh\u00e9rence entre professionnels<\/strong> &#8211; Harmoniser les interventions des professionnels pour un accompagnement coh\u00e9rent et efficace des enfants et jeunes en difficult\u00e9.<\/p>\n\n\n\n<!--more-->\n\n\n\n<h2 class=\"wp-block-heading\">\u00c2ge cible<\/h2>\n\n\n\n<p><b> <\/b>De 0 \u00e0 21 ans.<\/p>\n<\/div>\n<\/div>\n\n\n\n<h2 class=\"wp-block-heading\">Descriptif de l&rsquo;outil<\/h2>\n\n\n\n<p>Cet outil refl\u00e8te l&rsquo;importance de la mise en place d&rsquo;une communication fluide et structur\u00e9e entre les enseignants, \u00e9ducateurs, animateurs et autres intervenants, pour garantir des actions align\u00e9es, compl\u00e9mentaires et coh\u00e9rentes autour du jeune.<\/p>\n\n\n\n<p>\ud83e\udde0 <strong>Exemples concrets d\u2019application<\/strong> :<\/p>\n\n\n\n<ul class=\"wp-block-list\">\n<li>\ud83d\udcc5 <strong>R\u00e9unions pluridisciplinaires<\/strong> : Des enseignants, psychologues et travailleurs sociaux se r\u00e9unissent r\u00e9guli\u00e8rement pour discuter des progr\u00e8s d&rsquo;un \u00e9l\u00e8ve et ajuster les interventions en cons\u00e9quence.<\/li>\n\n\n\n<li>\ud83d\udccb <strong>Plans d&rsquo;actions individualis\u00e9s<\/strong> : \u00c9laboration d&rsquo;un plan personnalis\u00e9 pour un jeune, co-construit par les professionnels impliqu\u00e9s, assurant une approche concert\u00e9e.<\/li>\n\n\n\n<li>\ud83d\udcbb <strong>Utilisation de plateformes collaboratives<\/strong> : Les intervenants partagent des informations en temps r\u00e9el via des outils num\u00e9riques s\u00e9curis\u00e9s.<\/li>\n<\/ul>\n\n\n\n<p>\u2757 <strong>Points d\u2019attention<\/strong> :<\/p>\n\n\n\n<ul class=\"wp-block-list\">\n<li>\ud83d\udde3\ufe0f Assurer une communication transparente et r\u00e9guli\u00e8re entre tous les intervenants.<\/li>\n\n\n\n<li>\ud83d\udccc Respecter les r\u00f4les et comp\u00e9tences de chacun pour \u00e9viter chevauchements et lacunes.<\/li>\n\n\n\n<li>\ud83d\udc68\u200d\ud83d\udc69\u200d\ud83d\udc66 Impliquer la famille et le jeune dans le processus pour garantir une approche centr\u00e9e sur leurs besoins.<\/li>\n<\/ul>\n\n\n\n<div class=\"wp-block-columns is-layout-flex wp-container-core-columns-is-layout-9d6595d7 wp-block-columns-is-layout-flex\">\n<div class=\"wp-block-column is-layout-flow wp-block-column-is-layout-flow\">\n<h2 class=\"wp-block-heading\">Objectif(s) d&rsquo;utilisation<\/h2>\n\n\n\n<p>\ud83e\udd1d <strong>Assurer une intervention coh\u00e9rente et harmonis\u00e9e<\/strong> entre les diff\u00e9rents intervenants.<\/p>\n\n\n\n<p>\ud83d\ude80 <strong>Maximiser l\u2019efficacit\u00e9 des actions entreprises<\/strong> en garantissant que chaque acteur travaille en compl\u00e9mentarit\u00e9.<\/p>\n\n\n\n<p>\ud83c\udf31 <strong>Favoriser le d\u00e9veloppement global du jeune<\/strong> en proposant un accompagnement structur\u00e9 et individualis\u00e9.<\/p>\n<\/div>\n\n\n\n<div class=\"wp-block-column is-layout-flow wp-block-column-is-layout-flow\">\n<h2 class=\"wp-block-heading\">Variantes &#8211; am\u00e9nagement<\/h2>\n\n\n\n<p>\ud83d\udcc5 <strong>R\u00e9unions pluridisciplinaires<\/strong> : Organiser des rencontres p\u00e9riodiques avec les diff\u00e9rents intervenants pour \u00e9valuer l\u2019\u00e9volution du projet \u00e9ducatif.<\/p>\n\n\n\n<p>\ud83d\udccb <strong>Plans d\u2019actions individualis\u00e9s<\/strong> : Formaliser un plan d\u2019action pour chaque enfant, coordonn\u00e9 entre professionnels.<\/p>\n\n\n\n<p>\ud83d\udc65 <strong>Suivi r\u00e9gulier par un r\u00e9f\u00e9rent unique<\/strong> : Assurer un relais centralis\u00e9 de l\u2019information pour veiller \u00e0 la coh\u00e9rence des interventions.<\/p>\n\n\n\n<p>\ud83d\udd04 <strong>Utilisation d\u2019outils collaboratifs num\u00e9riques<\/strong> : Mettre en place un espace partag\u00e9 pour faciliter la coordination.<\/p>\n<\/div>\n<\/div>\n\n\n\n<p>Des outils \u00e0 nous partager ?&nbsp;<a href=\"https:\/\/api-lux.be\/index.php\/contact\/\">Cliquez ici<\/a><\/p>\n","protected":false},"excerpt":{"rendered":"<p>\ud83d\udd17 Accordage et coh\u00e9rence entre professionnels &#8211; Harmoniser les interventions des professionnels pour un accompagnement coh\u00e9rent et efficace des enfants et jeunes en difficult\u00e9.<\/p>\n","protected":false},"author":2,"featured_media":0,"comment_status":"closed","ping_status":"closed","sticky":false,"template":"","format":"standard","meta":{"iawp_total_views":1,"footnotes":""},"categories":[4,9,13,46,47],"tags":[],"class_list":["post-718","post","type-post","status-publish","format-standard","hentry","category-besoins","category-besoins-de-securite","category-coherence","category-fiches-outils","category-fiches-outils-pour-les-professionnels"],"_links":{"self":[{"href":"https:\/\/api-lux.be\/index.php\/wp-json\/wp\/v2\/posts\/718","targetHints":{"allow":["GET"]}}],"collection":[{"href":"https:\/\/api-lux.be\/index.php\/wp-json\/wp\/v2\/posts"}],"about":[{"href":"https:\/\/api-lux.be\/index.php\/wp-json\/wp\/v2\/types\/post"}],"author":[{"embeddable":true,"href":"https:\/\/api-lux.be\/index.php\/wp-json\/wp\/v2\/users\/2"}],"replies":[{"embeddable":true,"href":"https:\/\/api-lux.be\/index.php\/wp-json\/wp\/v2\/comments?post=718"}],"version-history":[{"count":9,"href":"https:\/\/api-lux.be\/index.php\/wp-json\/wp\/v2\/posts\/718\/revisions"}],"predecessor-version":[{"id":5617,"href":"https:\/\/api-lux.be\/index.php\/wp-json\/wp\/v2\/posts\/718\/revisions\/5617"}],"wp:attachment":[{"href":"https:\/\/api-lux.be\/index.php\/wp-json\/wp\/v2\/media?parent=718"}],"wp:term":[{"taxonomy":"category","embeddable":true,"href":"https:\/\/api-lux.be\/index.php\/wp-json\/wp\/v2\/categories?post=718"},{"taxonomy":"post_tag","embeddable":true,"href":"https:\/\/api-lux.be\/index.php\/wp-json\/wp\/v2\/tags?post=718"}],"curies":[{"name":"wp","href":"https:\/\/api.w.org\/{rel}","templated":true}]}}