{"id":717,"date":"2025-03-13T11:36:55","date_gmt":"2025-03-13T10:36:55","guid":{"rendered":"http:\/\/localhost\/mdi_w\/?p=717"},"modified":"2025-07-01T13:30:58","modified_gmt":"2025-07-01T11:30:58","slug":"bonne-connaissance-du-reseau-du-jeune","status":"publish","type":"post","link":"https:\/\/api-lux.be\/index.php\/2025\/03\/13\/bonne-connaissance-du-reseau-du-jeune\/","title":{"rendered":"Bonne connaissance du r\u00e9seau du jeune"},"content":{"rendered":"\n<div class=\"wp-block-columns is-layout-flex wp-container-core-columns-is-layout-9d6595d7 wp-block-columns-is-layout-flex\">\n<div class=\"wp-block-column is-layout-flow wp-block-column-is-layout-flow\">\n<figure class=\"wp-block-image size-full is-resized\"><img loading=\"lazy\" decoding=\"async\" width=\"800\" height=\"648\" src=\"https:\/\/api-lux.be\/wp-content\/uploads\/2025\/02\/blog_studio_karma_network_illustration-e1429434886700.png\" alt=\"\" class=\"wp-image-2480\" style=\"width:354px;height:auto\" srcset=\"https:\/\/api-lux.be\/wp-content\/uploads\/2025\/02\/blog_studio_karma_network_illustration-e1429434886700.png 800w, https:\/\/api-lux.be\/wp-content\/uploads\/2025\/02\/blog_studio_karma_network_illustration-e1429434886700-300x243.png 300w, https:\/\/api-lux.be\/wp-content\/uploads\/2025\/02\/blog_studio_karma_network_illustration-e1429434886700-768x622.png 768w\" sizes=\"auto, (max-width: 800px) 100vw, 800px\" \/><\/figure>\n<\/div>\n\n\n\n<div class=\"wp-block-column is-layout-flow wp-block-column-is-layout-flow\">\n<p>\ud83d\udd17 <strong>Accordage et coh\u00e9rence entre professionnels &#8211; <\/strong>Consiste \u00e0 bien conna\u00eetre les services et les personnes autour du jeune pour faire appel aux bonnes ressources, au bon moment.<\/p>\n\n\n\n<!--more-->\n\n\n\n<h2 class=\"wp-block-heading\">Public cible <\/h2>\n\n\n\n<p>Professionnels et aidants proches.<\/p>\n<\/div>\n<\/div>\n\n\n\n<h2 class=\"wp-block-heading\">Descriptif de l&rsquo;outil<\/h2>\n\n\n\n<p>\u270f\ufe0f <strong>Cet outil vise \u00e0 rappeler l&rsquo;importance d&rsquo;identifier et comprendre les missions des diff\u00e9rents services et personnes ressources impliqu\u00e9s dans l&rsquo;accompagnement des jeunes<\/strong>. <br>Une bonne connaissance de ces acteurs permet d&rsquo;optimiser les interventions, d&rsquo;\u00e9viter les redondances et de r\u00e9duire les frustrations li\u00e9es \u00e0 la multiplication des interlocuteurs.<\/p>\n\n\n\n<p>\ud83e\udde0 En sachant pr\u00e9cis\u00e9ment \u00e0 qui s&rsquo;adresser selon le contexte, l&rsquo;accompagnement devient plus efficace et adapt\u00e9 aux besoins sp\u00e9cifiques du jeune.<\/p>\n\n\n\n<p class=\"has-text-align-left\"><strong>Exemples concrets d\u2019utilisation :<\/strong><br>\ud83d\udcda <strong>En milieu scolaire<\/strong> : Un enseignant identifie les services d&rsquo;aide aux devoirs ou les psychologues scolaires pour orienter un \u00e9l\u00e8ve en difficult\u00e9.<br>\ud83c\udfe0 <strong>Dans le secteur associatif<\/strong> : Un animateur de jeunesse collabore avec des services sociaux pour soutenir un jeune en situation pr\u00e9caire.<br>\ud83c\udfe5 <strong>En milieu m\u00e9dical<\/strong> : Un professionnel de sant\u00e9 coordonne avec des services sp\u00e9cialis\u00e9s pour accompagner un adolescent pr\u00e9sentant des besoins sp\u00e9cifiques.<\/p>\n\n\n\n<p><strong>\u2757 Points d\u2019attention :<\/strong><br>\ud83d\uddfa\ufe0f <strong>Cartographier les services disponibles<\/strong> : \u00e9tablir une liste actualis\u00e9e des services et personnes ressources locales.<br>\ud83d\udcd6 <strong>Clarifier les missions de chaque acteur<\/strong> : comprendre les r\u00f4les et limites de chaque service pour \u00e9viter les redondances<br>\ud83d\udcde <strong>Assurer une communication fluide<\/strong> : maintenir des \u00e9changes r\u00e9guliers entre les diff\u00e9rents intervenants pour une coordination optimale.<\/p>\n\n\n\n<div class=\"wp-block-columns is-layout-flex wp-container-core-columns-is-layout-9d6595d7 wp-block-columns-is-layout-flex\">\n<div class=\"wp-block-column is-layout-flow wp-block-column-is-layout-flow\">\n<h2 class=\"wp-block-heading\">Objectif(s) d&rsquo;utilisation<\/h2>\n\n\n\n<p>\ud83c\udf9b\ufe0f <strong>Faciliter l\u2019accompagnement du jeune<\/strong> : en sollicitant les services ou les personnes adapt\u00e9s, au bon moment.<\/p>\n\n\n\n<p>\u2699\ufe0f <strong>Optimiser les interventions<\/strong> : en r\u00e9duisant les erreurs et en clarifiant les attentes gr\u00e2ce \u00e0 une connaissance pr\u00e9cise des missions de chaque service.<\/p>\n\n\n\n<p>\ud83d\ude45 <strong>Limiter les frustrations<\/strong> : en \u00e9vitant les r\u00e9p\u00e9titions et les d\u00e9marches inutiles.<\/p>\n\n\n\n<p>\ud83d\udea8 <strong>Pr\u00e9venir l\u2019escalade des situations<\/strong> : en assurant un suivi adapt\u00e9 pour \u00e9viter la surcharge des services et des jeunes<\/p>\n<\/div>\n\n\n\n<div class=\"wp-block-column is-layout-flow wp-block-column-is-layout-flow\">\n<h2 class=\"wp-block-heading\">Liens utiles<\/h2>\n\n\n\n<p>\ud83d\udcc4 <strong>R\u00c9PERTOIRE<\/strong> <a href=\"https:\/\/www.lureso.be\/page\/index.php\" target=\"_blank\" rel=\"noreferrer noopener\">LURESO<\/a> : R\u00e9pertoire des adresses utiles pour le secteur social et sant\u00e9 en province du Luxembourg<\/p>\n<\/div>\n<\/div>\n\n\n\n<div class=\"wp-block-columns is-layout-flex wp-container-core-columns-is-layout-9d6595d7 wp-block-columns-is-layout-flex\">\n<div class=\"wp-block-column is-layout-flow wp-block-column-is-layout-flow\">\n<h2 class=\"wp-block-heading\">Variantes &#8211; am\u00e9nagement<\/h2>\n\n\n\n<p>\ud83e\udde9 <strong>Cr\u00e9ation d\u2019un annuaire local<\/strong> : \u00c9laborer un r\u00e9pertoire des services et personnes ressources disponibles dans la r\u00e9gion.<\/p>\n\n\n\n<p>\ud83e\udd1d <strong>Organisation de r\u00e9unions interservices<\/strong> : Mettre en place des rencontres r\u00e9guli\u00e8res entre les diff\u00e9rents acteurs pour \u00e9changer sur les pratiques et am\u00e9liorer la collaboration.<\/p>\n\n\n\n<p>\ud83d\udcda <strong>Formation continue<\/strong> : Proposer des sessions de formation pour les professionnels afin de mieux comprendre les missions et les limites de chaque service.<\/p>\n<\/div>\n<\/div>\n\n\n\n<p>Des outils \u00e0 nous partager ?&nbsp;<a href=\"https:\/\/api-lux.be\/index.php\/contact\/\">Cliquez ici<\/a><\/p>\n","protected":false},"excerpt":{"rendered":"<p>\ud83d\udd17 Accordage et coh\u00e9rence entre professionnels &#8211; Consiste \u00e0 bien conna\u00eetre les services et les personnes autour du jeune pour faire appel aux bonnes ressources, au bon moment.<\/p>\n","protected":false},"author":2,"featured_media":0,"comment_status":"closed","ping_status":"closed","sticky":false,"template":"","format":"standard","meta":{"iawp_total_views":5,"footnotes":""},"categories":[4,14,18,9,13,15,46,47,20],"tags":[],"class_list":["post-717","post","type-post","status-publish","format-standard","hentry","category-besoins","category-besoins-dappartenance","category-besoins-destime","category-besoins-de-securite","category-coherence","category-famille-et-milieu-de-vie","category-fiches-outils","category-fiches-outils-pour-les-professionnels","category-individualisation"],"_links":{"self":[{"href":"https:\/\/api-lux.be\/index.php\/wp-json\/wp\/v2\/posts\/717","targetHints":{"allow":["GET"]}}],"collection":[{"href":"https:\/\/api-lux.be\/index.php\/wp-json\/wp\/v2\/posts"}],"about":[{"href":"https:\/\/api-lux.be\/index.php\/wp-json\/wp\/v2\/types\/post"}],"author":[{"embeddable":true,"href":"https:\/\/api-lux.be\/index.php\/wp-json\/wp\/v2\/users\/2"}],"replies":[{"embeddable":true,"href":"https:\/\/api-lux.be\/index.php\/wp-json\/wp\/v2\/comments?post=717"}],"version-history":[{"count":10,"href":"https:\/\/api-lux.be\/index.php\/wp-json\/wp\/v2\/posts\/717\/revisions"}],"predecessor-version":[{"id":7680,"href":"https:\/\/api-lux.be\/index.php\/wp-json\/wp\/v2\/posts\/717\/revisions\/7680"}],"wp:attachment":[{"href":"https:\/\/api-lux.be\/index.php\/wp-json\/wp\/v2\/media?parent=717"}],"wp:term":[{"taxonomy":"category","embeddable":true,"href":"https:\/\/api-lux.be\/index.php\/wp-json\/wp\/v2\/categories?post=717"},{"taxonomy":"post_tag","embeddable":true,"href":"https:\/\/api-lux.be\/index.php\/wp-json\/wp\/v2\/tags?post=717"}],"curies":[{"name":"wp","href":"https:\/\/api.w.org\/{rel}","templated":true}]}}