{"id":7145,"date":"2025-06-11T11:04:19","date_gmt":"2025-06-11T09:04:19","guid":{"rendered":"https:\/\/api-lux.be\/?p=7145"},"modified":"2025-06-11T11:04:19","modified_gmt":"2025-06-11T09:04:19","slug":"livre-la-boite-a-outils-comprendre-et-accompagner-lenfant-hypersensible","status":"publish","type":"post","link":"https:\/\/api-lux.be\/index.php\/2025\/06\/11\/livre-la-boite-a-outils-comprendre-et-accompagner-lenfant-hypersensible\/","title":{"rendered":"Livre: La Bo\u00eete \u00e0 outils : comprendre et accompagner l\u2019enfant hypersensible"},"content":{"rendered":"\n<div class=\"wp-block-columns is-layout-flex wp-container-core-columns-is-layout-9d6595d7 wp-block-columns-is-layout-flex\">\n<div class=\"wp-block-column is-layout-flow wp-block-column-is-layout-flow\"><div class=\"wp-block-image\">\n<figure class=\"aligncenter size-full is-resized\"><img loading=\"lazy\" decoding=\"async\" width=\"340\" height=\"340\" src=\"https:\/\/api-lux.be\/wp-content\/uploads\/2025\/06\/Hypersensibilite-sensorielle-La-Boite-a-outils-Comprendre-et-accompagner-l-enfant-hypersensible.jpg\" alt=\"\" class=\"wp-image-7146\" style=\"width:307px;height:auto\" srcset=\"https:\/\/api-lux.be\/wp-content\/uploads\/2025\/06\/Hypersensibilite-sensorielle-La-Boite-a-outils-Comprendre-et-accompagner-l-enfant-hypersensible.jpg 340w, https:\/\/api-lux.be\/wp-content\/uploads\/2025\/06\/Hypersensibilite-sensorielle-La-Boite-a-outils-Comprendre-et-accompagner-l-enfant-hypersensible-300x300.jpg 300w, https:\/\/api-lux.be\/wp-content\/uploads\/2025\/06\/Hypersensibilite-sensorielle-La-Boite-a-outils-Comprendre-et-accompagner-l-enfant-hypersensible-150x150.jpg 150w\" sizes=\"auto, (max-width: 340px) 100vw, 340px\" \/><\/figure>\n<\/div><\/div>\n\n\n\n<div class=\"wp-block-column is-layout-flow wp-block-column-is-layout-flow\">\n<p>Une <strong>bo\u00eete \u00e0 outils compl\u00e8te et bienveillante<\/strong> pour accompagner au mieux les enfants hypersensibles et leur offrir un cadre rassurant et adapt\u00e9.<\/p>\n\n\n\n<!--more-->\n\n\n\n<h2 class=\"wp-block-heading\">Age cible (pour qui)<\/h2>\n\n\n\n<p>Pour les parents et professionnels<\/p>\n<\/div>\n<\/div>\n\n\n\n<h2 class=\"wp-block-heading\">Descriptif de l&rsquo;outil<\/h2>\n\n\n\n<p>\ud83d\udcda Ce livre, \u00e9crit par <strong>Virginie Clavel<\/strong>, \u00e9ducatrice sp\u00e9cialis\u00e9e et coach familiale, et <strong>Val\u00e9rie Ferron<\/strong>, intervenante en milieu scolaire et familial, a pour objectif de <strong>proposer un condens\u00e9 de ressources, conseils pratiques et astuces<\/strong> \u00e0 destination des parents et professionnel\u00b7le\u00b7s accompagnant des enfants pr\u00e9sentant une <strong>hypersensibilit\u00e9 sensorielle<\/strong>.<\/p>\n\n\n\n<p>\ud83d\udcd6 Il s\u2019appuie sur <strong>des exemples v\u00e9cus et des exp\u00e9riences concr\u00e8tes du terrain<\/strong> pour rendre l\u2019accompagnement accessible, bienveillant et adapt\u00e9 au quotidien.<\/p>\n\n\n\n<p>\ud83d\udee0\ufe0f On y retrouve notamment :<\/p>\n\n\n\n<ul class=\"wp-block-list\">\n<li>\ud83e\udde9 <strong>Des strat\u00e9gies concr\u00e8tes pour pr\u00e9venir et apaiser les crises<\/strong> (sons, textures, lumi\u00e8res, alimentation\u2026).<\/li>\n\n\n\n<li>\ud83c\udfe1 <strong>Des conseils d\u2019am\u00e9nagement sensoriel<\/strong> pour adapter les lieux de vie et d\u2019accueil.<\/li>\n\n\n\n<li>\ud83d\udc40 <strong>Des rep\u00e8res pour identifier les manifestations de l\u2019hypersensibilit\u00e9<\/strong>.<\/li>\n\n\n\n<li>\ud83d\udc86 <strong>Des id\u00e9es pour favoriser l\u2019apaisement et s\u00e9curiser l\u2019environnement sensoriel<\/strong>.<\/li>\n\n\n\n<li>\ud83e\udd1d <strong>Une pr\u00e9sentation du r\u00f4le des diff\u00e9rents professionnels<\/strong> qui peuvent accompagner l\u2019enfant.<\/li>\n<\/ul>\n\n\n\n<p>\ud83d\udca1 C\u2019est un outil <strong>pratique et accessible<\/strong> pour comprendre, ajuster et mieux vivre la r\u00e9alit\u00e9 de l\u2019hypersensibilit\u00e9 sensorielle, \u00e0 la maison et en milieu \u00e9ducatif.<\/p>\n\n\n\n<p>\ud83d\udcb8 <strong>Prix moyen constat\u00e9<\/strong> : environ <strong>22 \u20ac<\/strong> en version broch\u00e9e.<br>\ud83d\udccc Disponible :<br>\ud83d\udcda <strong>Chez votre libraire local<\/strong> (possibilit\u00e9 de commande si absent en rayon).<br>\ud83c\udfdb\ufe0f <strong>\u00c0 la biblioth\u00e8que communale<\/strong> (certaines peuvent l\u2019acqu\u00e9rir sur demande).<br>\ud83d\uded2 <strong>En ligne<\/strong><\/p>\n\n\n\n<div class=\"wp-block-columns is-layout-flex wp-container-core-columns-is-layout-9d6595d7 wp-block-columns-is-layout-flex\">\n<div class=\"wp-block-column is-layout-flow wp-block-column-is-layout-flow\">\n<h2 class=\"wp-block-heading\">Objectif(s) d&rsquo;utilisation<\/h2>\n\n\n\n<p>\u2705 Mieux comprendre ce qu\u2019est l\u2019hypersensibilit\u00e9 sensorielle.<br>\u2705 Reconna\u00eetre ses manifestations dans la vie quotidienne.<br>\u2705 Proposer <strong>des outils simples et adapt\u00e9s<\/strong> pour accompagner l\u2019enfant et son entourage.<br>\u2705 Favoriser un environnement s\u00e9curisant et apaisant.<br>\u2705 Pr\u00e9venir les surcharges sensorielles et les crises.<br>\u2705 D\u00e9velopper <strong>la posture bienveillante et ajust\u00e9e des adultes<\/strong>.<\/p>\n<\/div>\n<\/div>\n\n\n\n<div class=\"wp-block-columns is-layout-flex wp-container-core-columns-is-layout-9d6595d7 wp-block-columns-is-layout-flex\">\n<div class=\"wp-block-column is-layout-flow wp-block-column-is-layout-flow\"><\/div>\n\n\n\n<div class=\"wp-block-column is-layout-flow wp-block-column-is-layout-flow\"><\/div>\n<\/div>\n\n\n\n<p>Des outils \u00e0 nous partager ? <a href=\"https:\/\/api-lux.be\/index.php\/contact\/\">Cliquez ici<\/a><\/p>\n","protected":false},"excerpt":{"rendered":"<p>Une bo\u00eete \u00e0 outils compl\u00e8te et bienveillante pour accompagner au mieux les enfants hypersensibles et leur offrir un cadre rassurant et adapt\u00e9.<\/p>\n","protected":false},"author":2,"featured_media":0,"comment_status":"closed","ping_status":"closed","sticky":false,"template":"","format":"standard","meta":{"iawp_total_views":20,"footnotes":""},"categories":[4,5,8,46,48,47],"tags":[],"class_list":["post-7145","post","type-post","status-publish","format-standard","hentry","category-besoins","category-besoins-physiologiques","category-bien-etre","category-fiches-outils","category-fiches-outils-pour-les-aidants-proches","category-fiches-outils-pour-les-professionnels"],"_links":{"self":[{"href":"https:\/\/api-lux.be\/index.php\/wp-json\/wp\/v2\/posts\/7145","targetHints":{"allow":["GET"]}}],"collection":[{"href":"https:\/\/api-lux.be\/index.php\/wp-json\/wp\/v2\/posts"}],"about":[{"href":"https:\/\/api-lux.be\/index.php\/wp-json\/wp\/v2\/types\/post"}],"author":[{"embeddable":true,"href":"https:\/\/api-lux.be\/index.php\/wp-json\/wp\/v2\/users\/2"}],"replies":[{"embeddable":true,"href":"https:\/\/api-lux.be\/index.php\/wp-json\/wp\/v2\/comments?post=7145"}],"version-history":[{"count":1,"href":"https:\/\/api-lux.be\/index.php\/wp-json\/wp\/v2\/posts\/7145\/revisions"}],"predecessor-version":[{"id":7147,"href":"https:\/\/api-lux.be\/index.php\/wp-json\/wp\/v2\/posts\/7145\/revisions\/7147"}],"wp:attachment":[{"href":"https:\/\/api-lux.be\/index.php\/wp-json\/wp\/v2\/media?parent=7145"}],"wp:term":[{"taxonomy":"category","embeddable":true,"href":"https:\/\/api-lux.be\/index.php\/wp-json\/wp\/v2\/categories?post=7145"},{"taxonomy":"post_tag","embeddable":true,"href":"https:\/\/api-lux.be\/index.php\/wp-json\/wp\/v2\/tags?post=7145"}],"curies":[{"name":"wp","href":"https:\/\/api.w.org\/{rel}","templated":true}]}}