{"id":7141,"date":"2025-06-11T10:50:21","date_gmt":"2025-06-11T08:50:21","guid":{"rendered":"https:\/\/api-lux.be\/?p=7141"},"modified":"2025-07-01T10:43:12","modified_gmt":"2025-07-01T08:43:12","slug":"snoezelen","status":"publish","type":"post","link":"https:\/\/api-lux.be\/index.php\/2025\/06\/11\/snoezelen\/","title":{"rendered":"Snoezelen"},"content":{"rendered":"\n<div class=\"wp-block-columns is-layout-flex wp-container-core-columns-is-layout-9d6595d7 wp-block-columns-is-layout-flex\">\n<div class=\"wp-block-column is-layout-flow wp-block-column-is-layout-flow\"><div class=\"wp-block-image\">\n<figure class=\"aligncenter size-full is-resized\"><img loading=\"lazy\" decoding=\"async\" width=\"259\" height=\"194\" src=\"https:\/\/api-lux.be\/wp-content\/uploads\/2025\/06\/download-1-2.jpeg\" alt=\"\" class=\"wp-image-7142\" style=\"width:359px;height:auto\"\/><\/figure>\n<\/div><\/div>\n\n\n\n<div class=\"wp-block-column is-layout-flow wp-block-column-is-layout-flow\">\n<p>\ud83c\udf00 <strong>Sensorialit\u00e9 &#8211;<\/strong>espace multisensoriel d\u2019apaisement et\/ou de stimulation adapt\u00e9e<\/p>\n\n\n\n<!--more-->\n\n\n\n<h2 class=\"wp-block-heading\">Age cible (pour qui)<\/h2>\n\n\n\n<p>Pour tous selon les besoins \u00e0 rencontrer.<\/p>\n<\/div>\n<\/div>\n\n\n\n<h2 class=\"wp-block-heading\">Descriptif de l&rsquo;outil<\/h2>\n\n\n\n<p>\ud83d\udee0\ufe0f <strong>Qu&rsquo;est-ce que c&rsquo;est ?<\/strong><br>Le Snoezelen est un concept d\u2019origine n\u00e9erlandaise, d\u00e9signant un espace am\u00e9nag\u00e9 qui propose des <strong>stimulations sensorielles douces, vari\u00e9es et adapt\u00e9es<\/strong> aux besoins de la personne : lumi\u00e8re, sons, odeurs, mati\u00e8res, vibrations, mouvements\u2026<\/p>\n\n\n\n<p>Il peut \u00eatre utilis\u00e9 selon deux logiques :<\/p>\n\n\n\n<ul class=\"wp-block-list\">\n<li>\ud83c\udf00 <strong>En cas d\u2019hypersensibilit\u00e9 sensorielle<\/strong> : pour apaiser, filtrer et recentrer les perceptions.<\/li>\n\n\n\n<li>\u2728 <strong>En cas d\u2019hyposensibilit\u00e9 sensorielle<\/strong> : pour \u00e9veiller, stimuler et enrichir les sensations.<\/li>\n<\/ul>\n\n\n\n<p><strong>\ud83d\udca1 Exemple d\u2019utilisation pratique<\/strong><\/p>\n\n\n\n<p><strong>\ud83d\udc49 Hypersensoriel (enfant hyperstimul\u00e9 ou angoiss\u00e9 &#8211;&gt; <\/strong>\ud83c\udf38 Diminuer la surcharge sensorielle, apaiser l\u2019\u00e9tat \u00e9motionnel, rel\u00e2cher les tensions corporelles, ralentir le rythme et cr\u00e9er une bulle de s\u00e9curit\u00e9 )<\/p>\n\n\n\n<ul class=\"wp-block-list\">\n<li>\ud83c\udf2b\ufe0f Baisser la luminosit\u00e9.<\/li>\n\n\n\n<li>\ud83c\udfb6 Diffuser une musique douce ou un bruit de fond r\u00e9gulier (pluie, battements de c\u0153ur\u2026).<\/li>\n\n\n\n<li>\ud83d\udecb\ufe0f Installer l\u2019enfant sur un matelas \u00e0 eau ou un fauteuil enveloppant.<\/li>\n\n\n\n<li>\ud83d\udd6f\ufe0f Proposer un coussin lest\u00e9 ou un doudou pour le recentrage.<\/li>\n\n\n\n<li>\u270b Inviter l\u2019enfant \u00e0 toucher des textures douces et famili\u00e8res.<\/li>\n\n\n\n<li>\ud83d\udeab \u00c9viter les stimulations visuelles ou sonores brusques.<\/li>\n<\/ul>\n\n\n\n<p><strong>\ud83d\udc49 Hyposensoriel (enfant en sous-r\u00e9activit\u00e9 ou repli &#8211;&gt;<\/strong> \ud83c\udf08 \u00c9veiller les perceptions, r\u00e9activer les sensations corporelles, stimuler l\u2019attention, favoriser l\u2019ouverture relationnelle et l\u2019exploration<strong>)<\/strong><\/p>\n\n\n\n<ul class=\"wp-block-list\">\n<li>\ud83d\udca1 Activer des colonnes \u00e0 bulles lumineuses.<\/li>\n\n\n\n<li>\ud83c\udfb6 Proposer des sons rythm\u00e9s, de la musique entra\u00eenante.<\/li>\n\n\n\n<li>\ud83c\udf08 Utiliser des fibres optiques lumineuses et des balles tactiles.<\/li>\n\n\n\n<li>\ud83d\udca8 Diffuser des odeurs discr\u00e8tes (lavande, orange douce\u2026).<\/li>\n\n\n\n<li>\ud83c\udfa8 Varier les textures, vibrations et petits massages doux.<\/li>\n<\/ul>\n\n\n\n<h3 class=\"wp-block-heading\">\ud83e\udde0 <strong>Ce que ressent l\u2019enfant<\/strong><\/h3>\n\n\n\n<ul class=\"wp-block-list\">\n<li>\ud83c\udf38 Un espace rassurant et stable.<\/li>\n\n\n\n<li>\u2728 Un effet cocon o\u00f9 il peut l\u00e2cher prise.<\/li>\n\n\n\n<li>\ud83c\udf00 Un apaisement des tensions \u00e9motionnelles.<\/li>\n\n\n\n<li>\ud83e\udd32 Un \u00e9veil sensoriel progressif et contr\u00f4l\u00e9 s\u2019il est en retrait.<\/li>\n\n\n\n<li>\ud83e\uddf4 Une meilleure perception de son corps et de son environnement.<\/li>\n\n\n\n<li>\ud83d\udcd6 Un espace sans attentes ni consignes, o\u00f9 il peut \u00eatre simplement \u00ab l\u00e0 \u00bb.<\/li>\n<\/ul>\n\n\n\n<div class=\"wp-block-columns is-layout-flex wp-container-core-columns-is-layout-9d6595d7 wp-block-columns-is-layout-flex\">\n<div class=\"wp-block-column is-layout-flow wp-block-column-is-layout-flow\">\n<h2 class=\"wp-block-heading\">Objectif(s) d&rsquo;utilisation<\/h2>\n\n\n\n<p>\ud83e\udde0 Offrir un temps de ressourcement \u00e9motionnel et corporel.<\/p>\n\n\n\n<p>\ud83c\udf38 R\u00e9guler les \u00e9tats d\u2019agitation ou de retrait.<\/p>\n\n\n\n<p>\ud83d\udecb\ufe0f Proposer un cadre sans contrainte o\u00f9 l\u2019enfant explore selon ses besoins.<\/p>\n\n\n\n<p>\ud83c\udf00 Favoriser la relation \u00e9ducative autrement, sans verbalisation impos\u00e9e.<\/p>\n\n\n\n<p>\u2728 Renforcer la conscience corporelle et l\u2019int\u00e9gration sensorielle.<\/p>\n<\/div>\n\n\n\n<div class=\"wp-block-column is-layout-flow wp-block-column-is-layout-flow\">\n<h2 class=\"wp-block-heading\">Liens utiles<\/h2>\n\n\n\n<p>\ud83d\udcc4 <strong>FICHE<\/strong>: <a href=\"https:\/\/www.one.be\/fileadmin\/user_upload\/siteone\/PRO\/Milieux_accueil\/Flash_accueil\/Zoom-sur\/FA29-inspirer-espace-snoezelen.pdf#:~:text=Le%20terme%20\u00abSnoezelen\u00bb%20est%20la%20contraction%20de,sensorielle%2C%20\u00e0%20la%20d\u00e9tente%20et%20au%20plaisir.\" target=\"_blank\" rel=\"noreferrer noopener\">S&rsquo;inspirer d&rsquo;un espace snoezelen pour un milieu d\u2019accueil<\/a> &#8211; resource de l&rsquo;ONE<\/p>\n\n\n\n<p>\ud83c\udfa5 <strong>VIDEO<\/strong> (Youtube &#8211; 3:17 &#8211; consult\u00e9 en juin 2025) <a href=\"https:\/\/www.youtube.com\/watch?v=iILK2LeHktA\" target=\"_blank\" rel=\"noreferrer noopener\">Dans la douceur d&rsquo;un atelier Snoezelen<\/a> &#8211; La Maison des maternelles\u00a0<a href=\"https:\/\/www.youtube.com\/hashtag\/lmdm\" target=\"_blank\" rel=\"noreferrer noopener\">#LMDM<\/a><\/p>\n<\/div>\n<\/div>\n\n\n\n<div class=\"wp-block-columns is-layout-flex wp-container-core-columns-is-layout-9d6595d7 wp-block-columns-is-layout-flex\">\n<div class=\"wp-block-column is-layout-flow wp-block-column-is-layout-flow\">\n<h2 class=\"wp-block-heading\">\ud83c\udf92 <strong>Mat\u00e9riel possible \u00e0 int\u00e9grer<\/strong><\/h2>\n\n\n\n<ul class=\"wp-block-list\">\n<li>\ud83d\udecb\ufe0f Matelas \u00e0 eau, coussins g\u00e9ants<\/li>\n\n\n\n<li>\ud83c\udf08 Fibres optiques, lampes \u00e0 bulles, lampes \u00e0 projection d\u2019effets lumineux<\/li>\n\n\n\n<li>\ud83c\udfb6 Enceinte ou bo\u00eete \u00e0 sons (musique douce, sons de nature, battements de c\u0153ur)<\/li>\n\n\n\n<li>\ud83e\udeb6 Objets tactiles (balles sensorielles, coussins lest\u00e9s, tissus vari\u00e9s)<\/li>\n\n\n\n<li>\ud83d\udd6f\ufe0f Diffuseur d\u2019huiles essentielles (avec prudence)<\/li>\n\n\n\n<li>\ud83d\udca7 Bassins \u00e0 balles ou espace de stimulation aquatique<\/li>\n\n\n\n<li>\ud83d\udd90\ufe0f Jeux de textures, de vibrations et de temp\u00e9ratures<\/li>\n\n\n\n<li>\ud83d\udc3b Peluches et doudous lest\u00e9s<\/li>\n\n\n\n<li>\ud83c\udfa8 Tapis de sol sensoriels<\/li>\n\n\n\n<li>\ud83d\udecf\ufe0f Couvertures lest\u00e9es ou enveloppantes<\/li>\n<\/ul>\n<\/div>\n<\/div>\n\n\n\n<p>Des outils \u00e0 nous partager ? <a href=\"https:\/\/api-lux.be\/index.php\/contact\/\">Cliquez ici<\/a><\/p>\n","protected":false},"excerpt":{"rendered":"<p>\ud83c\udf00 Sensorialit\u00e9 &#8211;espace multisensoriel d\u2019apaisement et\/ou de stimulation adapt\u00e9e<\/p>\n","protected":false},"author":2,"featured_media":0,"comment_status":"closed","ping_status":"closed","sticky":false,"template":"","format":"standard","meta":{"iawp_total_views":13,"footnotes":""},"categories":[10,4,18,9,5,8,46,48,47,19,11],"tags":[],"class_list":["post-7141","post","type-post","status-publish","format-standard","hentry","category-amenagement-environnement","category-besoins","category-besoins-destime","category-besoins-de-securite","category-besoins-physiologiques","category-bien-etre","category-fiches-outils","category-fiches-outils-pour-les-aidants-proches","category-fiches-outils-pour-les-professionnels","category-gestion-des-emotions","category-rituels"],"_links":{"self":[{"href":"https:\/\/api-lux.be\/index.php\/wp-json\/wp\/v2\/posts\/7141","targetHints":{"allow":["GET"]}}],"collection":[{"href":"https:\/\/api-lux.be\/index.php\/wp-json\/wp\/v2\/posts"}],"about":[{"href":"https:\/\/api-lux.be\/index.php\/wp-json\/wp\/v2\/types\/post"}],"author":[{"embeddable":true,"href":"https:\/\/api-lux.be\/index.php\/wp-json\/wp\/v2\/users\/2"}],"replies":[{"embeddable":true,"href":"https:\/\/api-lux.be\/index.php\/wp-json\/wp\/v2\/comments?post=7141"}],"version-history":[{"count":2,"href":"https:\/\/api-lux.be\/index.php\/wp-json\/wp\/v2\/posts\/7141\/revisions"}],"predecessor-version":[{"id":7562,"href":"https:\/\/api-lux.be\/index.php\/wp-json\/wp\/v2\/posts\/7141\/revisions\/7562"}],"wp:attachment":[{"href":"https:\/\/api-lux.be\/index.php\/wp-json\/wp\/v2\/media?parent=7141"}],"wp:term":[{"taxonomy":"category","embeddable":true,"href":"https:\/\/api-lux.be\/index.php\/wp-json\/wp\/v2\/categories?post=7141"},{"taxonomy":"post_tag","embeddable":true,"href":"https:\/\/api-lux.be\/index.php\/wp-json\/wp\/v2\/tags?post=7141"}],"curies":[{"name":"wp","href":"https:\/\/api.w.org\/{rel}","templated":true}]}}