{"id":7132,"date":"2025-06-11T09:50:14","date_gmt":"2025-06-11T07:50:14","guid":{"rendered":"https:\/\/api-lux.be\/?p=7132"},"modified":"2025-06-11T09:50:14","modified_gmt":"2025-06-11T07:50:14","slug":"les-coussins-de-noyaux","status":"publish","type":"post","link":"https:\/\/api-lux.be\/index.php\/2025\/06\/11\/les-coussins-de-noyaux\/","title":{"rendered":"Les coussins de noyaux"},"content":{"rendered":"\n<div class=\"wp-block-columns is-layout-flex wp-container-core-columns-is-layout-9d6595d7 wp-block-columns-is-layout-flex\">\n<div class=\"wp-block-column is-layout-flow wp-block-column-is-layout-flow\"><div class=\"wp-block-image\">\n<figure class=\"aligncenter size-full is-resized\"><img loading=\"lazy\" decoding=\"async\" width=\"225\" height=\"225\" src=\"https:\/\/api-lux.be\/wp-content\/uploads\/2025\/06\/download-4.jpeg\" alt=\"\" class=\"wp-image-7134\" style=\"width:251px;height:auto\" srcset=\"https:\/\/api-lux.be\/wp-content\/uploads\/2025\/06\/download-4.jpeg 225w, https:\/\/api-lux.be\/wp-content\/uploads\/2025\/06\/download-4-150x150.jpeg 150w\" sizes=\"auto, (max-width: 225px) 100vw, 225px\" \/><\/figure>\n<\/div><\/div>\n\n\n\n<div class=\"wp-block-column is-layout-flow wp-block-column-is-layout-flow\">\n<p>\ud83c\udf00 <strong>SENSORIALITE<\/strong> &#8211; supports sensoriels pour apaisement et recentrage<\/p>\n\n\n\n<!--more-->\n\n\n\n<h2 class=\"wp-block-heading\">Age cible (pour qui)<\/h2>\n\n\n\n<p>A partir de 3 ans<\/p>\n<\/div>\n<\/div>\n\n\n\n<h2 class=\"wp-block-heading\">Descriptif de l&rsquo;outil<\/h2>\n\n\n\n<ul class=\"wp-block-list\">\n<li>\ud83c\udf30 <strong>Les coussins de noyaux<\/strong> sont de petits coussins souples, garnis de noyaux de cerises, de colza ou de billes lest\u00e9es.<\/li>\n\n\n\n<li>\ud83d\udd25\u2744\ufe0f <strong>Ils peuvent \u00eatre utilis\u00e9s chauds, froids ou \u00e0 temp\u00e9rature ambiante<\/strong>, offrant ainsi des stimulations vari\u00e9es.<\/li>\n\n\n\n<li>\ud83d\udecb\ufe0f <strong>\u00c0 poser sur les genoux, les \u00e9paules ou \u00e0 manipuler entre les mains<\/strong>, ils procurent une pression douce et rassurante.<\/li>\n<\/ul>\n\n\n\n<p><strong>\ud83d\udca1 Effet et ressenti chez l\u2019enfant :<\/strong><\/p>\n\n\n\n<ul class=\"wp-block-list\">\n<li>\ud83c\udf38 <strong>Le contact du coussin procure une sensation enveloppante<\/strong>, qui rappelle les gestes de r\u00e9assurance comme une \u00e9treinte ou une main pos\u00e9e.<\/li>\n\n\n\n<li>\ud83c\udf0a <strong>La l\u00e9g\u00e8re pression permet de calmer les tensions corporelles et de recentrer les perceptions<\/strong>, ce qui diminue l\u2019agitation.<\/li>\n\n\n\n<li>\ud83d\udc93 <strong>Cela apaise l\u2019enfant en renfor\u00e7ant son sentiment de s\u00e9curit\u00e9 int\u00e9rieure et en r\u00e9duisant l\u2019hyperstimulation de l\u2019environnement.<\/strong><\/li>\n\n\n\n<li>\ud83c\udfa8 <strong>Manipuler le coussin stimule la proprioception<\/strong> (conscience de son corps dans l\u2019espace) et la sensorialit\u00e9 tactile, deux cl\u00e9s pour r\u00e9tablir un \u00e9quilibre \u00e9motionnel.<\/li>\n<\/ul>\n\n\n\n<p><strong>Utilisation possible :<\/strong><\/p>\n\n\n\n<ul class=\"wp-block-list\">\n<li>\ud83d\udecb\ufe0f Pos\u00e9 sur les genoux, les \u00e9paules, le ventre ou le dos pendant un temps de repos.<\/li>\n\n\n\n<li>\u270b \u00c0 manipuler entre les mains en cas de stress, avant un passage difficile ou en attente.<\/li>\n\n\n\n<li>\ud83c\udf00 Int\u00e9gr\u00e9 dans un parcours sensoriel ou un espace Snoezelen.<\/li>\n\n\n\n<li>\ud83d\udd25\u2744\ufe0f Chauff\u00e9 au micro-ondes ou refroidi au cong\u00e9lateur selon les besoins.<\/li>\n<\/ul>\n\n\n\n<p><strong>\u23f3 Dur\u00e9e :<\/strong> de quelques minutes \u00e0 20 minutes maximum, selon le besoin et le contexte.<\/p>\n\n\n\n<p><strong>\ud83d\udc41\ufe0f Conditions :<\/strong><\/p>\n\n\n\n<ul class=\"wp-block-list\">\n<li>\ud83d\udce3 Explication pr\u00e9alable \u00e0 l\u2019enfant pour valider son consentement et d\u00e9crire les sensations.<\/li>\n\n\n\n<li>\ud83d\udc65 Pr\u00e9sence d\u2019un adulte attentif et sensibilis\u00e9 aux profils sensoriels.<\/li>\n\n\n\n<li>\ud83d\udccf Mise en place de r\u00e8gles claires pour les utilisations collectives.<\/li>\n<\/ul>\n\n\n\n<div class=\"wp-block-columns is-layout-flex wp-container-core-columns-is-layout-9d6595d7 wp-block-columns-is-layout-flex\">\n<div class=\"wp-block-column is-layout-flow wp-block-column-is-layout-flow\">\n<h2 class=\"wp-block-heading\">Objectif(s) d&rsquo;utilisation<\/h2>\n\n\n\n<p>\ud83c\udf00 <strong>R\u00e9gulation sensorielle<\/strong> : effet apaisant et enveloppant, utile en cas de surcharge ou de besoin de stimulation.<\/p>\n\n\n\n<p>\ud83c\udf38 <strong>Gestion des \u00e9motions<\/strong> : diminue l\u2019anxi\u00e9t\u00e9 et l\u2019agitation en reconnectant l\u2019enfant \u00e0 son corps.<\/p>\n\n\n\n<p>\ud83c\udfaf <strong>Concentration et recentrage<\/strong> : r\u00e9duit les distractions et favorise l\u2019attention.<\/p>\n\n\n\n<p>\ud83d\uddfa\ufe0f <strong>Renforcement du sch\u00e9ma corporel<\/strong> : am\u00e9liore la perception de soi et de ses limites corporelles.<\/p>\n\n\n\n<p>\ud83e\udd32 <strong>D\u00e9veloppement de l\u2019autonomie<\/strong> : permet \u00e0 l\u2019enfant d\u2019identifier ses besoins et de choisir l\u2019outil appropri\u00e9.<\/p>\n<\/div>\n<\/div>\n\n\n\n<div class=\"wp-block-columns is-layout-flex wp-container-core-columns-is-layout-9d6595d7 wp-block-columns-is-layout-flex\">\n<div class=\"wp-block-column is-layout-flow wp-block-column-is-layout-flow\">\n<h2 class=\"wp-block-heading\">\u26a0\ufe0f <strong>Limites et pr\u00e9cautions<\/strong><\/h2>\n\n\n\n<ul class=\"wp-block-list\">\n<li>\ud83d\udeab Ne pas utiliser en cas d\u2019allergie aux noyaux ou au tissu.<\/li>\n\n\n\n<li>\ud83d\udd25\u2744\ufe0f Surveiller la temp\u00e9rature apr\u00e8s chauffage pour \u00e9viter toute br\u00fblure.<\/li>\n\n\n\n<li>\ud83d\udc41\ufe0f Respecter le consentement de l\u2019enfant, ne jamais forcer l\u2019usage.<\/li>\n\n\n\n<li>\u274c Ne pas d\u00e9tourner comme sanction.<\/li>\n\n\n\n<li>\u23f3 Limiter la dur\u00e9e pour \u00e9viter l\u2019effet de d\u00e9pendance ou de d\u00e9sint\u00e9r\u00eat.<\/li>\n\n\n\n<li>\ud83d\udcdc Pr\u00e9voir un cadre clair d\u2019utilisation en collectif.<\/li>\n<\/ul>\n<\/div>\n<\/div>\n\n\n\n<p>Des outils \u00e0 nous partager ? <a href=\"https:\/\/api-lux.be\/index.php\/contact\/\">Cliquez ici<\/a><\/p>\n","protected":false},"excerpt":{"rendered":"<p>\ud83c\udf00 SENSORIALITE &#8211; supports sensoriels pour apaisement et recentrage<\/p>\n","protected":false},"author":2,"featured_media":0,"comment_status":"closed","ping_status":"closed","sticky":false,"template":"","format":"standard","meta":{"iawp_total_views":8,"footnotes":""},"categories":[4,5,8,48,47,7],"tags":[],"class_list":["post-7132","post","type-post","status-publish","format-standard","hentry","category-besoins","category-besoins-physiologiques","category-bien-etre","category-fiches-outils-pour-les-aidants-proches","category-fiches-outils-pour-les-professionnels","category-soin-pistes-et-outils-professionnels"],"_links":{"self":[{"href":"https:\/\/api-lux.be\/index.php\/wp-json\/wp\/v2\/posts\/7132","targetHints":{"allow":["GET"]}}],"collection":[{"href":"https:\/\/api-lux.be\/index.php\/wp-json\/wp\/v2\/posts"}],"about":[{"href":"https:\/\/api-lux.be\/index.php\/wp-json\/wp\/v2\/types\/post"}],"author":[{"embeddable":true,"href":"https:\/\/api-lux.be\/index.php\/wp-json\/wp\/v2\/users\/2"}],"replies":[{"embeddable":true,"href":"https:\/\/api-lux.be\/index.php\/wp-json\/wp\/v2\/comments?post=7132"}],"version-history":[{"count":1,"href":"https:\/\/api-lux.be\/index.php\/wp-json\/wp\/v2\/posts\/7132\/revisions"}],"predecessor-version":[{"id":7135,"href":"https:\/\/api-lux.be\/index.php\/wp-json\/wp\/v2\/posts\/7132\/revisions\/7135"}],"wp:attachment":[{"href":"https:\/\/api-lux.be\/index.php\/wp-json\/wp\/v2\/media?parent=7132"}],"wp:term":[{"taxonomy":"category","embeddable":true,"href":"https:\/\/api-lux.be\/index.php\/wp-json\/wp\/v2\/categories?post=7132"},{"taxonomy":"post_tag","embeddable":true,"href":"https:\/\/api-lux.be\/index.php\/wp-json\/wp\/v2\/tags?post=7132"}],"curies":[{"name":"wp","href":"https:\/\/api.w.org\/{rel}","templated":true}]}}