{"id":712,"date":"2025-02-14T11:36:55","date_gmt":"2025-02-14T10:36:55","guid":{"rendered":"http:\/\/localhost\/mdi_w\/?p=712"},"modified":"2025-07-01T15:12:26","modified_gmt":"2025-07-01T13:12:26","slug":"faux-choix","status":"publish","type":"post","link":"https:\/\/api-lux.be\/index.php\/2025\/02\/14\/faux-choix\/","title":{"rendered":"Faux choix"},"content":{"rendered":"\n<div class=\"wp-block-columns is-layout-flex wp-container-core-columns-is-layout-9d6595d7 wp-block-columns-is-layout-flex\">\n<div class=\"wp-block-column is-layout-flow wp-block-column-is-layout-flow\"><div class=\"wp-block-image\">\n<figure class=\"aligncenter size-full is-resized\"><img decoding=\"async\" src=\"https:\/\/api-lux.be\/wp-content\/uploads\/2025\/02\/faux_choix.jpg\" alt=\" \" class=\"wp-image-202\" style=\"width:335px;height:auto\"\/><\/figure>\n<\/div><\/div>\n\n\n\n<div class=\"wp-block-column is-layout-flow wp-block-column-is-layout-flow\">\n<p>\ud83d\udea7 <strong>Poser et maintenir le cadre<\/strong> &#8211; Proposer des options cadr\u00e9es pour aider l\u2019enfant \u00e0 faire des choix dans un cadre structur\u00e9.<\/p>\n\n\n\n<!--more-->\n\n\n\n<h2 class=\"wp-block-heading\">Age cible (pour qui)<\/h2>\n\n\n\n<p><b> &#8211; De 3 \u00e0 20 an(s)<\/b><\/p>\n<\/div>\n<\/div>\n\n\n\n<h2 class=\"wp-block-heading\">Descriptif de l&rsquo;outil<\/h2>\n\n\n\n<p>\ud83c\udfad Le principe du faux choix consiste \u00e0 offrir \u00e0 l\u2019enfant des options limit\u00e9es, toutes acceptables pour l\u2019adulte, tout en permettant \u00e0 l\u2019enfant de se sentir acteur de la situation.<\/p>\n\n\n\n<h3 class=\"wp-block-heading\">\ud83c\udfaf Exemple concret :<\/h3>\n\n\n\n<p>\ud83d\udc55 Face \u00e0 un enfant pr\u00e9sentant un trouble de l&rsquo;opposition, qui a du mal \u00e0 s&rsquo;habiller le matin, proposer :<br><strong>\u00ab Tu pr\u00e9f\u00e8res porter le gilet bleu ou le gilet noir ? \u00bb<\/strong><br>\u2705 L&rsquo;enfant se sentira impliqu\u00e9 dans la d\u00e9cision, tout en r\u00e9pondant \u00e0 l&rsquo;objectif de s&rsquo;habiller.<\/p>\n\n\n\n<h3 class=\"wp-block-heading\">\u26a0\ufe0f Points d&rsquo;attention :<\/h3>\n\n\n\n<p>\u2714\ufe0f Veiller \u00e0 ce que les choix propos\u00e9s soient toujours acceptables pour l\u2019adulte.<br>\u274c<strong> \u00c9vite<\/strong>r les faux choix qui pourraient cr\u00e9er de la frustration ou une impasse (ex. :<strong><em> \u00ab Tu veux t&rsquo;habiller maintenant ou jamais ? \u00bb<\/em><\/strong>).<\/p>\n\n\n\n<div class=\"wp-block-columns is-layout-flex wp-container-core-columns-is-layout-9d6595d7 wp-block-columns-is-layout-flex\">\n<div class=\"wp-block-column is-layout-flow wp-block-column-is-layout-flow\">\n<h2 class=\"wp-block-heading\">Objectif(s) d&rsquo;utilisation<\/h2>\n\n\n\n<p>\ud83e\udded <strong>Autonomie<\/strong> : Favoriser la prise de d\u00e9cision chez l&rsquo;enfant.<br>\ud83c\udf92 <strong>Responsabilisation<\/strong> : Apprendre \u00e0 l&rsquo;enfant \u00e0 faire des choix en fonction des options donn\u00e9es.<br>\ud83d\udc96 <strong>D\u00e9veloppement \u00e9motionnel<\/strong> : R\u00e9duire les tensions en offrant un espace de d\u00e9cision s\u00e9curis\u00e9.<br>\ud83d\udcda <strong>Apprentissage<\/strong> : Int\u00e9grer progressivement la notion de compromis et de n\u00e9gociation.<br>\ud83c\udf1f <strong>Valorisation<\/strong> : Montrer \u00e0 l&rsquo;enfant que son avis compte, renfor\u00e7ant ainsi l&rsquo;estime de soi.<br>\ud83e\uddd8 <strong>Auto-r\u00e9gulation<\/strong> : Permettre \u00e0 l&rsquo;enfant de g\u00e9rer ses \u00e9motions face aux contraintes impos\u00e9es.<\/p>\n<\/div>\n\n\n\n<div class=\"wp-block-column is-layout-flow wp-block-column-is-layout-flow\">\n<h2 class=\"wp-block-heading\">Liens utiles<\/h2>\n\n\n\n<p>\ud83d\udcd6 <strong>ARTICLE<\/strong> ( <strong>Maude Dub\u00e9,\u00a0<\/strong><em>\u00e9ducatrice sp\u00e9cialis\u00e9e<\/em> pour le site Educatout) <a href=\"https:\/\/www.educatout.com\/edu-conseils\/discipline-positive\/donner-le-choix-a-l-enfant-comme-methode-d-intervention.htm\" target=\"_blank\" rel=\"noreferrer noopener\">Donner le choix \u00e0 l\u2019enfant comme m\u00e9thode d\u2019intervention <\/a><br>Consult\u00e9 en f\u00e9vrier 2025.<\/p>\n\n\n\n<p>\ud83d\udc1d\u202f <strong>AUTRE TRUCS ET ASTUCES A CONSULTER SUR NOTRE PLATEFORME API-Lux<\/strong> <br>&#8211; <a href=\"https:\/\/api-lux.be\/index.php\/2025\/03\/13\/la-methode-1-2-3\/\" target=\"_blank\" rel=\"noreferrer noopener\">La m\u00e9thode 1-2-3<\/a><br>&#8211; <a href=\"https:\/\/api-lux.be\/index.php\/2025\/03\/13\/disque-raye\/\" target=\"_blank\" rel=\"noreferrer noopener\">Le disque ray\u00e9<\/a><br>&#8211; <a href=\"https:\/\/api-lux.be\/index.php\/2025\/02\/14\/choix-cadres\/\" target=\"_blank\" rel=\"noreferrer noopener\">Le choix cadr\u00e9s<\/a><br>&#8211; <a href=\"https:\/\/api-lux.be\/index.php\/2025\/03\/13\/recadrage\/\" target=\"_blank\" rel=\"noreferrer noopener\">Recadrage par approche ludique<\/a><br><\/p>\n<\/div>\n<\/div>\n\n\n\n<div class=\"wp-block-columns is-layout-flex wp-container-core-columns-is-layout-9d6595d7 wp-block-columns-is-layout-flex\">\n<div class=\"wp-block-column is-layout-flow wp-block-column-is-layout-flow\">\n<h2 class=\"wp-block-heading\">Variantes &#8211; am\u00e9nagement<\/h2>\n\n\n\n<p>\ud83d\udc76 <strong>Adaptation pour diff\u00e9rents \u00e2ges<\/strong> :<br>\ud83d\udc49 Pour les tout-petits, proposer des choix visuels (ex. : <strong>\u00ab Tu pr\u00e9f\u00e8res le doudou \ud83e\uddf8 ou la couverture \ud83d\udecc ? \u00bb<\/strong>)<br>\ud83d\udc49 Pour les plus grands, \u00e9largir l\u00e9g\u00e8rement les options (ex. : <strong>\u00ab Tu pr\u00e9f\u00e8res commencer tes devoirs par les maths \ud83d\udcd0 ou le fran\u00e7ais \ud83d\udcd6 ? \u00bb<\/strong>)<\/p>\n\n\n\n<p>\ud83d\udc65 <strong>En contexte de groupe<\/strong> :<br>Utiliser le faux choix pour impliquer un groupe dans une activit\u00e9 (ex. : <strong>\u00ab Vous pr\u00e9f\u00e9rez commencer par le jeu en ext\u00e9rieur \u26bd ou l&rsquo;atelier cr\u00e9atif \ud83c\udfa8 ? \u00bb<\/strong>)<\/p>\n\n\n\n<p>\ud83c\udfb2 <strong>Id\u00e9e cr\u00e9ative<\/strong> :<br>Utiliser des <strong>cartes illustr\u00e9es<\/strong> pour repr\u00e9senter les choix, rendant l\u2019exp\u00e9rience plus ludique et engageante.<\/p>\n<\/div>\n<\/div>\n\n\n\n<p>Des outils \u00e0 nous partager ?&nbsp;<a href=\"https:\/\/api-lux.be\/index.php\/contact\/\">Cliquez ici<\/a><\/p>\n","protected":false},"excerpt":{"rendered":"<p>\ud83d\udea7 Poser et maintenir le cadre &#8211; Proposer des options cadr\u00e9es pour aider l\u2019enfant \u00e0 faire des choix dans un cadre structur\u00e9.<\/p>\n","protected":false},"author":1,"featured_media":0,"comment_status":"closed","ping_status":"closed","sticky":false,"template":"","format":"standard","meta":{"iawp_total_views":4,"footnotes":""},"categories":[28,4,27,18,9,12,13,46,48,47,19],"tags":[],"class_list":["post-712","post","type-post","status-publish","format-standard","hentry","category-autonomie-et-responsabilisation","category-besoins","category-besoins-daccomplissement","category-besoins-destime","category-besoins-de-securite","category-cadre-et-limites","category-coherence","category-fiches-outils","category-fiches-outils-pour-les-aidants-proches","category-fiches-outils-pour-les-professionnels","category-gestion-des-emotions"],"_links":{"self":[{"href":"https:\/\/api-lux.be\/index.php\/wp-json\/wp\/v2\/posts\/712","targetHints":{"allow":["GET"]}}],"collection":[{"href":"https:\/\/api-lux.be\/index.php\/wp-json\/wp\/v2\/posts"}],"about":[{"href":"https:\/\/api-lux.be\/index.php\/wp-json\/wp\/v2\/types\/post"}],"author":[{"embeddable":true,"href":"https:\/\/api-lux.be\/index.php\/wp-json\/wp\/v2\/users\/1"}],"replies":[{"embeddable":true,"href":"https:\/\/api-lux.be\/index.php\/wp-json\/wp\/v2\/comments?post=712"}],"version-history":[{"count":7,"href":"https:\/\/api-lux.be\/index.php\/wp-json\/wp\/v2\/posts\/712\/revisions"}],"predecessor-version":[{"id":7845,"href":"https:\/\/api-lux.be\/index.php\/wp-json\/wp\/v2\/posts\/712\/revisions\/7845"}],"wp:attachment":[{"href":"https:\/\/api-lux.be\/index.php\/wp-json\/wp\/v2\/media?parent=712"}],"wp:term":[{"taxonomy":"category","embeddable":true,"href":"https:\/\/api-lux.be\/index.php\/wp-json\/wp\/v2\/categories?post=712"},{"taxonomy":"post_tag","embeddable":true,"href":"https:\/\/api-lux.be\/index.php\/wp-json\/wp\/v2\/tags?post=712"}],"curies":[{"name":"wp","href":"https:\/\/api.w.org\/{rel}","templated":true}]}}