{"id":711,"date":"2025-02-14T11:36:55","date_gmt":"2025-02-14T10:36:55","guid":{"rendered":"http:\/\/localhost\/mdi_w\/?p=711"},"modified":"2025-07-01T15:12:01","modified_gmt":"2025-07-01T13:12:01","slug":"choix-cadres","status":"publish","type":"post","link":"https:\/\/api-lux.be\/index.php\/2025\/02\/14\/choix-cadres\/","title":{"rendered":"Choix cadr\u00e9s"},"content":{"rendered":"\n<div class=\"wp-block-columns is-layout-flex wp-container-core-columns-is-layout-9d6595d7 wp-block-columns-is-layout-flex\">\n<div class=\"wp-block-column is-layout-flow wp-block-column-is-layout-flow\">\n<figure class=\"wp-block-image size-full is-resized\"><img loading=\"lazy\" decoding=\"async\" width=\"800\" height=\"800\" src=\"https:\/\/api-lux.be\/wp-content\/uploads\/2025\/02\/faire-un-choix-1.jpg\" alt=\"\" class=\"wp-image-2461\" style=\"width:326px;height:auto\" srcset=\"https:\/\/api-lux.be\/wp-content\/uploads\/2025\/02\/faire-un-choix-1.jpg 800w, https:\/\/api-lux.be\/wp-content\/uploads\/2025\/02\/faire-un-choix-1-300x300.jpg 300w, https:\/\/api-lux.be\/wp-content\/uploads\/2025\/02\/faire-un-choix-1-150x150.jpg 150w, https:\/\/api-lux.be\/wp-content\/uploads\/2025\/02\/faire-un-choix-1-768x768.jpg 768w\" sizes=\"auto, (max-width: 800px) 100vw, 800px\" \/><\/figure>\n<\/div>\n\n\n\n<div class=\"wp-block-column is-layout-flow wp-block-column-is-layout-flow\">\n<p>\ud83d\udea7 <strong>Poser et maintenir le cadre<\/strong> &#8211; Le recours aux choix cadr\u00e9s consiste \u00e0 offrir \u00e0 l\u2019enfant ou au jeune des options pr\u00e9d\u00e9finies par l\u2019adulte. Cette approche combine cadre clair et autonomie progressive, tout en permettant \u00e0 l\u2019enfant de se sentir impliqu\u00e9 dans le processus d\u00e9cisionnel \ud83e\udd1d<\/p>\n\n\n\n<!--more-->\n\n\n\n<h2 class=\"wp-block-heading\">\u00c2ge cible<\/h2>\n\n\n\n<p>De 3 \u00e0 21 ans.<\/p>\n<\/div>\n<\/div>\n\n\n\n<h2 class=\"wp-block-heading\">Descriptif de l&rsquo;outil<\/h2>\n\n\n\n<p>Les <strong>choix cadr\u00e9s<\/strong> \ud83e\ude84 permettent aux jeunes de prendre des d\u00e9cisions parmi un ensemble d&rsquo;options d\u00e9termin\u00e9es \u00e0 l\u2019avance \ud83e\udde9. Chaque option est pens\u00e9e pour r\u00e9pondre aux objectifs \u00e9ducatifs \ud83c\udf93, tout en tenant compte des capacit\u00e9s de l\u2019enfant \ud83e\udde0. Le degr\u00e9 de libert\u00e9 peut \u00e9voluer selon l\u2019\u00e2ge \ud83d\udcc8, la maturit\u00e9 \ud83e\uddd8\u200d\u2642\ufe0f et le contexte \ud83c\udf0d.<\/p>\n\n\n\n<p>\ud83d\udcac <strong>Exemples concrets<\/strong> :<\/p>\n\n\n\n<ul class=\"wp-block-list\">\n<li>\ud83c\udfa8 <strong>Temps libre<\/strong> :<br>\u00ab <em>Tu pr\u00e9f\u00e8res dessiner, lire un livre \ud83d\udcd6 ou jouer dehors \ud83d\udedd ?<\/em> \u00bb<\/li>\n\n\n\n<li>\ud83d\ude20 <strong>Conflit ou tension<\/strong> :<br>\u00ab Tu as le choix : t\u2019excuser \ud83e\udd1d, prendre un moment pour te calmer \ud83c\udf2c\ufe0f ou demander de l\u2019aide \ud83d\udde3\ufe0f. \u00bb<\/li>\n\n\n\n<li>\ud83d\udcda <strong>Participation scolaire<\/strong> :<br><em>\u00ab Tu veux commencer par les maths \u2795 ou la lecture \ud83d\udcd8 ? \u00bb<\/em><\/li>\n<\/ul>\n\n\n\n<h3 class=\"wp-block-heading\">\u26a0\ufe0f <strong>Points d\u2019attention<\/strong><\/h3>\n\n\n\n<ul class=\"wp-block-list\">\n<li>\u2705 Toutes les options doivent \u00eatre <strong>acceptables<\/strong> pour l\u2019adulte.<\/li>\n\n\n\n<li>\ud83d\udeab \u00c9viter les faux choix ou ceux pouvant <strong>renforcer un comportement n\u00e9gatif<\/strong>.<\/li>\n\n\n\n<li>\ud83e\uddf1 Rester <strong>coh\u00e9rent<\/strong> dans les propositions pour maintenir un cadre s\u00e9curisant.<\/li>\n<\/ul>\n\n\n\n<div class=\"wp-block-columns is-layout-flex wp-container-core-columns-is-layout-9d6595d7 wp-block-columns-is-layout-flex\">\n<div class=\"wp-block-column is-layout-flow wp-block-column-is-layout-flow\">\n<h2 class=\"wp-block-heading\">Objectif(s) d&rsquo;utilisation<\/h2>\n\n\n\n<p>\ud83d\udd4a\ufe0f <strong>Autonomie<\/strong> : Encourager l\u2019enfant \u00e0 faire des choix en toute s\u00e9curit\u00e9.<\/p>\n\n\n\n<p>\ud83e\udded <strong>Responsabilisation<\/strong> : L\u2019habituer \u00e0 d\u00e9cider et \u00e0 assumer les cons\u00e9quences de ses choix.<\/p>\n\n\n\n<p>\ud83c\udf2a\ufe0f <strong>Gestion \u00e9motionnelle<\/strong> : R\u00e9duire les tensions en offrant une issue constructive.<\/p>\n\n\n\n<p>\u2696\ufe0f <strong>Compromis &amp; flexibilit\u00e9<\/strong> : Initier \u00e0 la n\u00e9gociation dans un cadre structur\u00e9.<\/p>\n\n\n\n<p>\ud83c\udf1f <strong>Estime de soi<\/strong> : Valoriser sa capacit\u00e9 \u00e0 choisir \u2795 renforcer la confiance.<\/p>\n\n\n\n<p>\ud83d\udca1 <strong>Auto-r\u00e9gulation<\/strong> : Apprendre \u00e0 g\u00e9rer ses \u00e9motions face aux contraintes.<\/p>\n<\/div>\n\n\n\n<div class=\"wp-block-column is-layout-flow wp-block-column-is-layout-flow\">\n<h2 class=\"wp-block-heading\">Liens utiles<\/h2>\n\n\n\n<p>Article \u00ab\u00a0Educatout\u00a0\u00bb: Donner le choix \u00e0 l\u2019enfant comme m\u00e9thode d\u2019intervention &#8211; <a href=\"https:\/\/www.educatout.com\/edu-conseils\/discipline-positive\/donner-le-choix-a-l-enfant-comme-methode-d-intervention.htm\" target=\"_blank\" rel=\"noreferrer noopener\">https:\/\/www.educatout.com\/edu-conseils\/discipline-positive\/donner-le-choix-a-l-enfant-comme-methode-d-intervention.htm<\/a><\/p>\n\n\n\n<p>Na\u00eetre et grandir: \u00ab\u00a0L&rsquo;art du faux choix\u00a0\u00bb &#8211; <a href=\"https:\/\/naitreetgrandir.com\/fr\/chroniques\/lart-des-faux-choix\/\" target=\"_blank\" rel=\"noreferrer noopener\">https:\/\/naitreetgrandir.com\/fr\/chroniques\/lart-des-faux-choix\/<\/a><\/p>\n<\/div>\n<\/div>\n\n\n\n<div class=\"wp-block-columns is-layout-flex wp-container-core-columns-is-layout-9d6595d7 wp-block-columns-is-layout-flex\">\n<div class=\"wp-block-column is-layout-flow wp-block-column-is-layout-flow\">\n<h2 class=\"wp-block-heading\">Variantes &#8211; am\u00e9nagement<\/h2>\n\n\n\n<ul class=\"wp-block-list\">\n<li>\ud83d\udcc8 <strong>Progressivit\u00e9<\/strong> : Faire \u00e9voluer les choix en nombre et en complexit\u00e9 selon l\u2019\u00e2ge.<\/li>\n\n\n\n<li>\ud83d\udc6b <strong>Choix collaboratif<\/strong> : \u00ab Tu choisis avec qui tu travailles, mais pas si tu travailles. \u00bb<\/li>\n\n\n\n<li>\ud83c\udccf <strong>Carte \u00ab\u00a0joker\u00a0\u00bb<\/strong> : Autoriser ponctuellement une alternative propos\u00e9e par le jeune.<\/li>\n\n\n\n<li>\ud83e\uddf8 <strong>Supports visuels<\/strong> : Utiliser des <strong>cartes illustr\u00e9es<\/strong> pour les petits ou allophones.<\/li>\n\n\n\n<li>\ud83d\udc76\ud83d\udc66\ud83d\udc67 <strong>Adaptation par \u00e2ge<\/strong> :\n<ul class=\"wp-block-list\">\n<li><em>Tout-petits<\/em> : \u00ab Tu veux **le doudou \ud83e\uddf8 ou la couverture \ud83d\udecf\ufe0f ? \u00bb<\/li>\n\n\n\n<li><em>Plus grands<\/em> : \u00ab Tu pr\u00e9f\u00e8res <strong>t\u2019isoler \ud83e\udd2b<\/strong> ou <strong>en parler avec un adulte \ud83d\udc69\u200d\ud83c\udfeb<\/strong> ? \u00bb<\/li>\n<\/ul>\n<\/li>\n<\/ul>\n<\/div>\n<\/div>\n\n\n\n<p>Des outils \u00e0 nous partager ?&nbsp;<a href=\"https:\/\/api-lux.be\/index.php\/contact\/\">Cliquez ici<\/a><\/p>\n","protected":false},"excerpt":{"rendered":"<p>\ud83d\udea7 Poser et maintenir le cadre &#8211; Le recours aux choix cadr\u00e9s consiste \u00e0 offrir \u00e0 l\u2019enfant ou au jeune des options pr\u00e9d\u00e9finies par l\u2019adulte. Cette approche combine cadre clair [&hellip;]<\/p>\n","protected":false},"author":1,"featured_media":0,"comment_status":"closed","ping_status":"closed","sticky":false,"template":"","format":"standard","meta":{"iawp_total_views":1,"footnotes":""},"categories":[4,18,9,12,13,46,48,47,19,1],"tags":[],"class_list":["post-711","post","type-post","status-publish","format-standard","hentry","category-besoins","category-besoins-destime","category-besoins-de-securite","category-cadre-et-limites","category-coherence","category-fiches-outils","category-fiches-outils-pour-les-aidants-proches","category-fiches-outils-pour-les-professionnels","category-gestion-des-emotions","category-non-classe"],"_links":{"self":[{"href":"https:\/\/api-lux.be\/index.php\/wp-json\/wp\/v2\/posts\/711","targetHints":{"allow":["GET"]}}],"collection":[{"href":"https:\/\/api-lux.be\/index.php\/wp-json\/wp\/v2\/posts"}],"about":[{"href":"https:\/\/api-lux.be\/index.php\/wp-json\/wp\/v2\/types\/post"}],"author":[{"embeddable":true,"href":"https:\/\/api-lux.be\/index.php\/wp-json\/wp\/v2\/users\/1"}],"replies":[{"embeddable":true,"href":"https:\/\/api-lux.be\/index.php\/wp-json\/wp\/v2\/comments?post=711"}],"version-history":[{"count":10,"href":"https:\/\/api-lux.be\/index.php\/wp-json\/wp\/v2\/posts\/711\/revisions"}],"predecessor-version":[{"id":7844,"href":"https:\/\/api-lux.be\/index.php\/wp-json\/wp\/v2\/posts\/711\/revisions\/7844"}],"wp:attachment":[{"href":"https:\/\/api-lux.be\/index.php\/wp-json\/wp\/v2\/media?parent=711"}],"wp:term":[{"taxonomy":"category","embeddable":true,"href":"https:\/\/api-lux.be\/index.php\/wp-json\/wp\/v2\/categories?post=711"},{"taxonomy":"post_tag","embeddable":true,"href":"https:\/\/api-lux.be\/index.php\/wp-json\/wp\/v2\/tags?post=711"}],"curies":[{"name":"wp","href":"https:\/\/api.w.org\/{rel}","templated":true}]}}