{"id":7109,"date":"2025-06-10T14:44:17","date_gmt":"2025-06-10T12:44:17","guid":{"rendered":"https:\/\/api-lux.be\/?p=7109"},"modified":"2025-07-01T10:45:19","modified_gmt":"2025-07-01T08:45:19","slug":"instagood-jeu","status":"publish","type":"post","link":"https:\/\/api-lux.be\/index.php\/2025\/06\/10\/instagood-jeu\/","title":{"rendered":"Instagood &#8211; jeu"},"content":{"rendered":"\n<div class=\"wp-block-columns is-layout-flex wp-container-core-columns-is-layout-9d6595d7 wp-block-columns-is-layout-flex\">\n<div class=\"wp-block-column is-layout-flow wp-block-column-is-layout-flow\"><div class=\"wp-block-image\">\n<figure class=\"aligncenter size-full is-resized\"><img loading=\"lazy\" decoding=\"async\" width=\"200\" height=\"200\" src=\"https:\/\/api-lux.be\/wp-content\/uploads\/2025\/06\/download-1-1.jpeg\" alt=\"\" class=\"wp-image-7110\" style=\"width:315px;height:auto\" srcset=\"https:\/\/api-lux.be\/wp-content\/uploads\/2025\/06\/download-1-1.jpeg 200w, https:\/\/api-lux.be\/wp-content\/uploads\/2025\/06\/download-1-1-150x150.jpeg 150w\" sizes=\"auto, (max-width: 200px) 100vw, 200px\" \/><\/figure>\n<\/div><\/div>\n\n\n\n<div class=\"wp-block-column is-layout-flow wp-block-column-is-layout-flow\">\n<p>\ud83d\udcf1 <strong>R\u00c9SEAUX SOCIAUX \u2013 GESTION <\/strong>&#8211; Jeu de plateau destin\u00e9 \u00e0 sensibiliser les jeunes \u00e0 un usage conscient, critique et citoyen des r\u00e9seaux sociaux via des mises en situation, d\u00e9bats et retours d\u2019exp\u00e9rience.<\/p>\n\n\n\n<!--more-->\n\n\n\n<h2 class=\"wp-block-heading\">Age cible (pour qui)<\/h2>\n\n\n\n<p>De <strong>12 \u00e0 18 ans<\/strong>, adaptable avec des parents\/adultes pour des \u00e9changes interg\u00e9n\u00e9rationnels<\/p>\n<\/div>\n<\/div>\n\n\n\n<h2 class=\"wp-block-heading\">Descriptif de l&rsquo;outil<\/h2>\n\n\n\n<p>#Instagood est un <strong>jeu \u00e9ducatif de discussion collective<\/strong> autour des r\u00e9seaux sociaux et de leurs impacts.<br>Con\u00e7u par la Maison des Adolescents de Seraing (<a href=\"https:\/\/www.cidj.be\/mda-linfo-des-jeunes\/\" target=\"_blank\" rel=\"noreferrer noopener\">MDA Seraing<\/a>), il s\u2019adresse \u00e0 des jeunes \u00e0 partir de 12 ans et se joue en groupe.<\/p>\n\n\n\n<p>L\u2019outil se pr\u00e9sente sous forme d\u2019un plateau et de cartes organis\u00e9es en diff\u00e9rentes th\u00e9matiques, accompagn\u00e9es d\u2019un <strong>cahier p\u00e9dagogique structur\u00e9<\/strong> qui guide l\u2019animateur dans la pr\u00e9paration et l\u2019animation des s\u00e9ances.<br>\u00c0 travers des cartes sc\u00e9naris\u00e9es et des ressources multim\u00e9dias (vid\u00e9os, messages fictifs, etc.), les participants sont invit\u00e9s \u00e0 <strong>\u00e9changer, d\u00e9battre et r\u00e9fl\u00e9chir<\/strong> ensemble aux bonnes pratiques \u00e0 adopter dans leur vie num\u00e9rique.<\/p>\n\n\n\n<p>\ud83d\udcda <strong>En pr\u00eat<\/strong> aupr\u00e8s du <a href=\"https:\/\/www.clps-lux.be\" target=\"_blank\" rel=\"noreferrer noopener\">CLPS du Luxembourg<\/a><br>\ud83d\uded2 <strong>\u00c0 l\u2019achat<\/strong> : \u00b1 100 \u20ac (jeu complet + cl\u00e9 USB + cahier p\u00e9dagogique) prix indicatif en juin 2025.<\/p>\n\n\n\n<h3 class=\"wp-block-heading\">\ud83d\udcaa Apport pour la promotion de la sant\u00e9<\/h3>\n\n\n\n<ul class=\"wp-block-list\">\n<li>\ud83e\uddd0 Favorise la <strong>conscience critique<\/strong> des jeunes sur leurs comportements en ligne<\/li>\n\n\n\n<li>\ud83d\udcac Encourage le <strong>dialogue ouvert et non jugeant<\/strong><\/li>\n\n\n\n<li>\ud83e\uddd8\u200d\u2642\ufe0f Soutient la <strong>pr\u00e9vention des risques psychosociaux<\/strong> et du cyberharc\u00e8lement<\/li>\n\n\n\n<li>\ud83d\ude80 Aide \u00e0 <strong>identifier des strat\u00e9gies de protection et des ressources<\/strong><\/li>\n\n\n\n<li>\ud83e\udd1d Participe au <strong>renforcement de l\u2019estime de soi et du sentiment d\u2019appartenance<\/strong><\/li>\n<\/ul>\n\n\n\n<h3 class=\"wp-block-heading\">\u26a0\ufe0f Points de vigilance<\/h3>\n\n\n\n<ul class=\"wp-block-list\">\n<li>\ud83c\udf99\ufe0f L\u2019<strong>animateur doit \u00eatre \u00e0 l\u2019aise pour g\u00e9rer des sujets sensibles<\/strong><\/li>\n\n\n\n<li>\u23f3 La <strong>gestion du temps de parole<\/strong> n\u00e9cessite une attention particuli\u00e8re<\/li>\n<\/ul>\n\n\n\n<div class=\"wp-block-columns is-layout-flex wp-container-core-columns-is-layout-9d6595d7 wp-block-columns-is-layout-flex\">\n<div class=\"wp-block-column is-layout-flow wp-block-column-is-layout-flow\">\n<h2 class=\"wp-block-heading\">Objectif(s) d&rsquo;utilisation<\/h2>\n\n\n\n<p>\ud83d\udcf1 Favoriser la <strong>r\u00e9flexion critique sur les usages des r\u00e9seaux sociaux<\/strong><\/p>\n\n\n\n<p>\ud83d\udcac Sensibiliser aux <strong>risques psychosociaux li\u00e9s \u00e0 Internet<\/strong><\/p>\n\n\n\n<p>\ud83c\udf31 Encourager le <strong>d\u00e9veloppement de comportements responsables et respectueux en ligne<\/strong><\/p>\n\n\n\n<p>\ud83e\udde0 Promouvoir le <strong>bien-\u00eatre et la sant\u00e9 mentale des jeunes<\/strong> via l\u2019\u00e9ducation aux m\u00e9dias et l\u2019EVRAS<\/p>\n<\/div>\n<\/div>\n\n\n\n<div class=\"wp-block-columns is-layout-flex wp-container-core-columns-is-layout-9d6595d7 wp-block-columns-is-layout-flex\">\n<div class=\"wp-block-column is-layout-flow wp-block-column-is-layout-flow\"><\/div>\n\n\n\n<div class=\"wp-block-column is-layout-flow wp-block-column-is-layout-flow\"><\/div>\n<\/div>\n\n\n\n<p>Des outils \u00e0 nous partager ? <a href=\"https:\/\/api-lux.be\/index.php\/contact\/\">Cliquez ici<\/a><\/p>\n","protected":false},"excerpt":{"rendered":"<p>\ud83d\udcf1 R\u00c9SEAUX SOCIAUX \u2013 GESTION &#8211; Jeu de plateau destin\u00e9 \u00e0 sensibiliser les jeunes \u00e0 un usage conscient, critique et citoyen des r\u00e9seaux sociaux via des mises en situation, d\u00e9bats [&hellip;]<\/p>\n","protected":false},"author":2,"featured_media":0,"comment_status":"closed","ping_status":"closed","sticky":false,"template":"","format":"standard","meta":{"iawp_total_views":32,"footnotes":""},"categories":[4,14,46,47,17],"tags":[],"class_list":["post-7109","post","type-post","status-publish","format-standard","hentry","category-besoins","category-besoins-dappartenance","category-fiches-outils","category-fiches-outils-pour-les-professionnels","category-inclusion-sociale-et-reseau-sociaux"],"_links":{"self":[{"href":"https:\/\/api-lux.be\/index.php\/wp-json\/wp\/v2\/posts\/7109","targetHints":{"allow":["GET"]}}],"collection":[{"href":"https:\/\/api-lux.be\/index.php\/wp-json\/wp\/v2\/posts"}],"about":[{"href":"https:\/\/api-lux.be\/index.php\/wp-json\/wp\/v2\/types\/post"}],"author":[{"embeddable":true,"href":"https:\/\/api-lux.be\/index.php\/wp-json\/wp\/v2\/users\/2"}],"replies":[{"embeddable":true,"href":"https:\/\/api-lux.be\/index.php\/wp-json\/wp\/v2\/comments?post=7109"}],"version-history":[{"count":3,"href":"https:\/\/api-lux.be\/index.php\/wp-json\/wp\/v2\/posts\/7109\/revisions"}],"predecessor-version":[{"id":7567,"href":"https:\/\/api-lux.be\/index.php\/wp-json\/wp\/v2\/posts\/7109\/revisions\/7567"}],"wp:attachment":[{"href":"https:\/\/api-lux.be\/index.php\/wp-json\/wp\/v2\/media?parent=7109"}],"wp:term":[{"taxonomy":"category","embeddable":true,"href":"https:\/\/api-lux.be\/index.php\/wp-json\/wp\/v2\/categories?post=7109"},{"taxonomy":"post_tag","embeddable":true,"href":"https:\/\/api-lux.be\/index.php\/wp-json\/wp\/v2\/tags?post=7109"}],"curies":[{"name":"wp","href":"https:\/\/api.w.org\/{rel}","templated":true}]}}